{"id":1472,"date":"2020-06-29T06:27:04","date_gmt":"2020-06-29T09:27:04","guid":{"rendered":"https:\/\/tribunadapraia.com.br\/?p=1472"},"modified":"2020-06-29T06:27:04","modified_gmt":"2020-06-29T09:27:04","slug":"jucy-tavares-esta-me-representa-pre-candidata-a-vereadora-pelo-pt-se","status":"publish","type":"post","link":"https:\/\/tribunadapraia.com.br\/?p=1472","title":{"rendered":"JUCY TAVARES: Esta me representa &#8211; Pr\u00e9-candidata a vereadora pelo PT\/SE"},"content":{"rendered":"<p>&#8220;Luto pelo justo, pelo bom e pelo melhor do mundo\u201d (Olga Ben\u00e1rio, adaptado)<\/p>\n<p>Pr\u00e9-candidata a vereadora pelo PT, a professora Jucy Tavares se licenciou do programa SEXTA B\u00c1SICA,do qual \u00e9 produtora e apresentadora. Sindicalista e destacada lideran\u00e7a dos professores e professoras no Vale do Japaratuba, a pedagoga e arte-educadora tamb\u00e9m se licenciou de suas fun\u00e7\u00f5es enquanto dirigente do SINTESE, permanecendo de bandeira empunhada,de punhos erguidos na luta em defesa do magist\u00e9rio em nosso munic\u00edpio.<br \/>\nMembro do Partido dos Trabalhadores (PT), a pr\u00e9-candidatura de Jucy tem importantes pilares de sustenta\u00e7\u00e3o,inclusive vem sendo um dos nomes mais lembrados, um qualificado quadro para integrar a chapa majorit\u00e1ria da oposi\u00e7\u00e3o local &#8211; se n\u00e3o agora, mas adiante com um olhar pol\u00edtico que n\u00e3o se resume \u00e0s disputas de elei\u00e7\u00f5es, ao longo de sua trajet\u00f3ria de luta iniciada ainda na adolesc\u00eancia, \u00e9 uma &#8220;caixa de resson\u00e2ncia&#8221; da cultura, do meio ambiente, da educa\u00e7\u00e3o e a voz incans\u00e1vel dos oprimidos, um calo no sapato dos opressores.<\/p>\n<p>Att.<\/p>\n<p>Seus amigos e amigas de lutas e sonhos<\/p>\n","protected":false},"excerpt":{"rendered":"<p>&#8220;Luto pelo justo, pelo bom e pelo melhor do mundo\u201d (Olga Ben\u00e1rio, adaptado) Pr\u00e9-candidata a vereadora pelo PT, a professora Jucy Tavares se licenciou do programa SEXTA B\u00c1SICA,do qual \u00e9 produtora e apresentadora. Sindicalista e destacada lideran\u00e7a dos professores e professoras no Vale do Japaratuba, a pedagoga e arte-educadora tamb\u00e9m se licenciou de suas fun\u00e7\u00f5es enquanto dirigente do SINTESE, permanecendo de bandeira empunhada,de punhos erguidos na luta em defesa do<\/p>\n","protected":false},"author":3,"featured_media":678,"comment_status":"open","ping_status":"open","sticky":false,"template":"","format":"standard","meta":[],"categories":[18],"tags":[],"yoast_head":"<!-- This site is optimized with the Yoast SEO plugin v16.3 - https:\/\/yoast.com\/wordpress\/plugins\/seo\/ -->\n<title>JUCY TAVARES: Esta me representa - Pr\u00e9-candidata a vereadora pelo PT\/SE - TRIBUNA DA PRAIA<\/title>\n<meta name=\"robots\" content=\"index, follow, max-snippet:-1, max-image-preview:large, max-video-preview:-1\" \/>\n<link rel=\"canonical\" href=\"https:\/\/tribunadapraia.com.br\/?p=1472\" \/>\n<meta property=\"og:locale\" content=\"pt_BR\" \/>\n<meta property=\"og:type\" content=\"article\" \/>\n<meta property=\"og:title\" content=\"JUCY TAVARES: Esta me representa - Pr\u00e9-candidata a vereadora pelo PT\/SE - TRIBUNA DA PRAIA\" \/>\n<meta property=\"og:description\" content=\"&#8220;Luto pelo justo, pelo bom e pelo melhor do mundo\u201d (Olga Ben\u00e1rio, adaptado) Pr\u00e9-candidata a vereadora pelo PT, a professora Jucy Tavares se licenciou do programa SEXTA B\u00c1SICA,do qual \u00e9 produtora e apresentadora. Sindicalista e destacada lideran\u00e7a dos professores e professoras no Vale do Japaratuba, a pedagoga e arte-educadora tamb\u00e9m se licenciou de suas fun\u00e7\u00f5es enquanto dirigente do SINTESE, permanecendo de bandeira empunhada,de punhos erguidos na luta em defesa do\" \/>\n<meta property=\"og:url\" content=\"https:\/\/tribunadapraia.com.br\/?p=1472\" \/>\n<meta property=\"og:site_name\" content=\"TRIBUNA DA PRAIA\" \/>\n<meta property=\"article:publisher\" content=\"https:\/\/www.facebook.com\/tribunadapraiaonline\/\" \/>\n<meta property=\"article:published_time\" content=\"2020-06-29T09:27:04+00:00\" \/>\n<meta property=\"og:image\" content=\"https:\/\/tribunadapraia.com.br\/wp-content\/uploads\/2020\/03\/IMG-20200320-WA0032.jpg\" \/>\n\t<meta property=\"og:image:width\" content=\"540\" \/>\n\t<meta property=\"og:image:height\" content=\"532\" \/>\n<meta name=\"twitter:card\" content=\"summary_large_image\" \/>\n<meta name=\"twitter:creator\" content=\"@Claudomir21\" \/>\n<meta name=\"twitter:site\" content=\"@Claudomir21\" \/>\n<meta name=\"twitter:label1\" content=\"Est. tempo de leitura\">\n\t<meta name=\"twitter:data1\" content=\"1 minuto\">\n<script type=\"application\/ld+json\" class=\"yoast-schema-graph\">{\"@context\":\"https:\/\/schema.org\",\"@graph\":[{\"@type\":\"Organization\",\"@id\":\"https:\/\/tribunadapraia.com.br\/#organization\",\"name\":\"Tribuna da Praia\",\"url\":\"https:\/\/tribunadapraia.com.br\/\",\"sameAs\":[\"https:\/\/www.facebook.com\/tribunadapraiaonline\/\",\"https:\/\/www.instagram.com\/claudomirtavares\/\",\"https:\/\/www.youtube.com\/channel\/UCwQf80nxiMzCefAyjbp53Rw\",\"https:\/\/twitter.com\/Claudomir21\"],\"logo\":{\"@type\":\"ImageObject\",\"@id\":\"https:\/\/tribunadapraia.com.br\/#logo\",\"inLanguage\":\"pt-BR\",\"url\":\"https:\/\/tribunadapraia.com.br\/wp-content\/uploads\/2020\/02\/logo.png\",\"contentUrl\":\"https:\/\/tribunadapraia.com.br\/wp-content\/uploads\/2020\/02\/logo.png\",\"width\":501,\"height\":121,\"caption\":\"Tribuna da Praia\"},\"image\":{\"@id\":\"https:\/\/tribunadapraia.com.br\/#logo\"}},{\"@type\":\"WebSite\",\"@id\":\"https:\/\/tribunadapraia.com.br\/#website\",\"url\":\"https:\/\/tribunadapraia.com.br\/\",\"name\":\"TRIBUNA DA PRAIA\",\"description\":\"O 1\\u00ba jornal do interior de Sergipe na internet\",\"publisher\":{\"@id\":\"https:\/\/tribunadapraia.com.br\/#organization\"},\"potentialAction\":[{\"@type\":\"SearchAction\",\"target\":\"https:\/\/tribunadapraia.com.br\/?s={search_term_string}\",\"query-input\":\"required name=search_term_string\"}],\"inLanguage\":\"pt-BR\"},{\"@type\":\"ImageObject\",\"@id\":\"https:\/\/tribunadapraia.com.br\/?p=1472#primaryimage\",\"inLanguage\":\"pt-BR\",\"url\":\"https:\/\/tribunadapraia.com.br\/wp-content\/uploads\/2020\/03\/IMG-20200320-WA0032.jpg\",\"contentUrl\":\"https:\/\/tribunadapraia.com.br\/wp-content\/uploads\/2020\/03\/IMG-20200320-WA0032.jpg\",\"width\":540,\"height\":532},{\"@type\":\"WebPage\",\"@id\":\"https:\/\/tribunadapraia.com.br\/?p=1472#webpage\",\"url\":\"https:\/\/tribunadapraia.com.br\/?p=1472\",\"name\":\"JUCY TAVARES: Esta me representa - Pr\\u00e9-candidata a vereadora pelo PT\/SE - TRIBUNA DA PRAIA\",\"isPartOf\":{\"@id\":\"https:\/\/tribunadapraia.com.br\/#website\"},\"primaryImageOfPage\":{\"@id\":\"https:\/\/tribunadapraia.com.br\/?p=1472#primaryimage\"},\"datePublished\":\"2020-06-29T09:27:04+00:00\",\"dateModified\":\"2020-06-29T09:27:04+00:00\",\"breadcrumb\":{\"@id\":\"https:\/\/tribunadapraia.com.br\/?p=1472#breadcrumb\"},\"inLanguage\":\"pt-BR\",\"potentialAction\":[{\"@type\":\"ReadAction\",\"target\":[\"https:\/\/tribunadapraia.com.br\/?p=1472\"]}]},{\"@type\":\"BreadcrumbList\",\"@id\":\"https:\/\/tribunadapraia.com.br\/?p=1472#breadcrumb\",\"itemListElement\":[{\"@type\":\"ListItem\",\"position\":1,\"item\":{\"@type\":\"WebPage\",\"@id\":\"https:\/\/tribunadapraia.com.br\/\",\"url\":\"https:\/\/tribunadapraia.com.br\/\",\"name\":\"In\\u00edcio\"}},{\"@type\":\"ListItem\",\"position\":2,\"item\":{\"@id\":\"https:\/\/tribunadapraia.com.br\/?p=1472#webpage\"}}]},{\"@type\":\"Article\",\"@id\":\"https:\/\/tribunadapraia.com.br\/?p=1472#article\",\"isPartOf\":{\"@id\":\"https:\/\/tribunadapraia.com.br\/?p=1472#webpage\"},\"author\":{\"@id\":\"https:\/\/tribunadapraia.com.br\/#\/schema\/person\/099fbbf59acc5895c0d7d52b4fc46c97\"},\"headline\":\"JUCY TAVARES: Esta me representa &#8211; Pr\\u00e9-candidata a vereadora pelo PT\/SE\",\"datePublished\":\"2020-06-29T09:27:04+00:00\",\"dateModified\":\"2020-06-29T09:27:04+00:00\",\"mainEntityOfPage\":{\"@id\":\"https:\/\/tribunadapraia.com.br\/?p=1472#webpage\"},\"wordCount\":204,\"commentCount\":0,\"publisher\":{\"@id\":\"https:\/\/tribunadapraia.com.br\/#organization\"},\"image\":{\"@id\":\"https:\/\/tribunadapraia.com.br\/?p=1472#primaryimage\"},\"thumbnailUrl\":\"https:\/\/tribunadapraia.com.br\/wp-content\/uploads\/2020\/03\/IMG-20200320-WA0032.jpg\",\"articleSection\":[\"Not\\u00edcias\"],\"inLanguage\":\"pt-BR\",\"potentialAction\":[{\"@type\":\"CommentAction\",\"name\":\"Comment\",\"target\":[\"https:\/\/tribunadapraia.com.br\/?p=1472#respond\"]}]},{\"@type\":\"Person\",\"@id\":\"https:\/\/tribunadapraia.com.br\/#\/schema\/person\/099fbbf59acc5895c0d7d52b4fc46c97\",\"name\":\"Reda\\u00e7\\u00e3o\",\"image\":{\"@type\":\"ImageObject\",\"@id\":\"https:\/\/tribunadapraia.com.br\/#personlogo\",\"inLanguage\":\"pt-BR\",\"url\":\"https:\/\/secure.gravatar.com\/avatar\/91c8b91d2bfd7784eac5c3e055361f64?s=96&d=identicon&r=g\",\"contentUrl\":\"https:\/\/secure.gravatar.com\/avatar\/91c8b91d2bfd7784eac5c3e055361f64?s=96&d=identicon&r=g\",\"caption\":\"Reda\\u00e7\\u00e3o\"}}]}<\/script>\n<!-- \/ Yoast SEO plugin. -->","wps_subtitle":"","_links":{"self":[{"href":"https:\/\/tribunadapraia.com.br\/index.php?rest_route=\/wp\/v2\/posts\/1472"}],"collection":[{"href":"https:\/\/tribunadapraia.com.br\/index.php?rest_route=\/wp\/v2\/posts"}],"about":[{"href":"https:\/\/tribunadapraia.com.br\/index.php?rest_route=\/wp\/v2\/types\/post"}],"author":[{"embeddable":true,"href":"https:\/\/tribunadapraia.com.br\/index.php?rest_route=\/wp\/v2\/users\/3"}],"replies":[{"embeddable":true,"href":"https:\/\/tribunadapraia.com.br\/index.php?rest_route=%2Fwp%2Fv2%2Fcomments&post=1472"}],"version-history":[{"count":1,"href":"https:\/\/tribunadapraia.com.br\/index.php?rest_route=\/wp\/v2\/posts\/1472\/revisions"}],"predecessor-version":[{"id":1473,"href":"https:\/\/tribunadapraia.com.br\/index.php?rest_route=\/wp\/v2\/posts\/1472\/revisions\/1473"}],"wp:featuredmedia":[{"embeddable":true,"href":"https:\/\/tribunadapraia.com.br\/index.php?rest_route=\/wp\/v2\/media\/678"}],"wp:attachment":[{"href":"https:\/\/tribunadapraia.com.br\/index.php?rest_route=%2Fwp%2Fv2%2Fmedia&parent=1472"}],"wp:term":[{"taxonomy":"category","embeddable":true,"href":"https:\/\/tribunadapraia.com.br\/index.php?rest_route=%2Fwp%2Fv2%2Fcategories&post=1472"},{"taxonomy":"post_tag","embeddable":true,"href":"https:\/\/tribunadapraia.com.br\/index.php?rest_route=%2Fwp%2Fv2%2Ftags&post=1472"}],"curies":[{"name":"wp","href":"https:\/\/api.w.org\/{rel}","templated":true}]}}