{"id":1469,"date":"2020-06-28T06:02:35","date_gmt":"2020-06-28T09:02:35","guid":{"rendered":"https:\/\/tribunadapraia.com.br\/?p=1469"},"modified":"2020-06-29T06:03:29","modified_gmt":"2020-06-29T09:03:29","slug":"alerta-final-propria-se-colapsou-esta-proximo-do-pico-ascendente-mas-distante-do-plato-da-pandemia","status":"publish","type":"post","link":"https:\/\/tribunadapraia.com.br\/?p=1469","title":{"rendered":"ALERTA FINAL &#8230; Propri\u00e1\/SE colapsou &#8211; est\u00e1 pr\u00f3ximo do pico ascendente (mas distante do plat\u00f4) da pandemia"},"content":{"rendered":"<p>Prss\u00e3o insana pela flexibiluza\u00e7\u00e3o do isolamento, distanciamento social e pela mercen\u00e1ria re-abertura do com\u00e9rcio est\u00e1 levando a popula\u00e7\u00e3o ao abatedouro\/matadouro. Subnotificada, cerca de 3 mil cidad\u00e3os poder\u00e3o ser contaminados (ou 150 \u00f3bitos) pelo novo corona v\u00edrus &#8211; o Covid 19. Ao pider p\u00fabluco \u00e9 necess\u00e1rio n\u00e3o baixar a guarda, endurecebdo (sem nedo de perda de votos) contra o est\u00edmulo ao genoc\u00eddio eaos kamikaze do Baixo S\u00e3o Francisco. Propri\u00e1 colapsou &#8211; est\u00e1 pr\u00f3ximo do pico ascendente (mas distante do plat\u00f4) da pandemia<\/p>\n<p>#FiqueEmCasa<\/p>\n<p>por ClaudOmir Herzog<\/p>\n","protected":false},"excerpt":{"rendered":"<p>Prss\u00e3o insana pela flexibiluza\u00e7\u00e3o do isolamento, distanciamento social e pela mercen\u00e1ria re-abertura do com\u00e9rcio est\u00e1 levando a popula\u00e7\u00e3o ao abatedouro\/matadouro. Subnotificada, cerca de 3 mil cidad\u00e3os poder\u00e3o ser contaminados (ou 150 \u00f3bitos) pelo novo corona v\u00edrus &#8211; o Covid 19. Ao pider p\u00fabluco \u00e9 necess\u00e1rio n\u00e3o baixar a guarda, endurecebdo (sem nedo de perda de votos) contra o est\u00edmulo ao genoc\u00eddio eaos kamikaze do Baixo S\u00e3o Francisco. Propri\u00e1 colapsou &#8211;<\/p>\n","protected":false},"author":3,"featured_media":1470,"comment_status":"open","ping_status":"open","sticky":false,"template":"","format":"standard","meta":[],"categories":[18],"tags":[],"yoast_head":"<!-- This site is optimized with the Yoast SEO plugin v16.3 - https:\/\/yoast.com\/wordpress\/plugins\/seo\/ -->\n<title>ALERTA FINAL ... Propri\u00e1\/SE colapsou - est\u00e1 pr\u00f3ximo do pico ascendente (mas distante do plat\u00f4) da pandemia - TRIBUNA DA PRAIA<\/title>\n<meta name=\"robots\" content=\"index, follow, max-snippet:-1, max-image-preview:large, max-video-preview:-1\" \/>\n<link rel=\"canonical\" href=\"https:\/\/tribunadapraia.com.br\/?p=1469\" \/>\n<meta property=\"og:locale\" content=\"pt_BR\" \/>\n<meta property=\"og:type\" content=\"article\" \/>\n<meta property=\"og:title\" content=\"ALERTA FINAL ... Propri\u00e1\/SE colapsou - est\u00e1 pr\u00f3ximo do pico ascendente (mas distante do plat\u00f4) da pandemia - TRIBUNA DA PRAIA\" \/>\n<meta property=\"og:description\" content=\"Prss\u00e3o insana pela flexibiluza\u00e7\u00e3o do isolamento, distanciamento social e pela mercen\u00e1ria re-abertura do com\u00e9rcio est\u00e1 levando a popula\u00e7\u00e3o ao abatedouro\/matadouro. Subnotificada, cerca de 3 mil cidad\u00e3os poder\u00e3o ser contaminados (ou 150 \u00f3bitos) pelo novo corona v\u00edrus &#8211; o Covid 19. Ao pider p\u00fabluco \u00e9 necess\u00e1rio n\u00e3o baixar a guarda, endurecebdo (sem nedo de perda de votos) contra o est\u00edmulo ao genoc\u00eddio eaos kamikaze do Baixo S\u00e3o Francisco. Propri\u00e1 colapsou &#8211;\" \/>\n<meta property=\"og:url\" content=\"https:\/\/tribunadapraia.com.br\/?p=1469\" \/>\n<meta property=\"og:site_name\" content=\"TRIBUNA DA PRAIA\" \/>\n<meta property=\"article:publisher\" content=\"https:\/\/www.facebook.com\/tribunadapraiaonline\/\" \/>\n<meta property=\"article:published_time\" content=\"2020-06-28T09:02:35+00:00\" \/>\n<meta property=\"article:modified_time\" content=\"2020-06-29T09:03:29+00:00\" \/>\n<meta property=\"og:image\" content=\"https:\/\/tribunadapraia.com.br\/wp-content\/uploads\/2020\/06\/IMG-20200629-WA0004.jpg\" \/>\n\t<meta property=\"og:image:width\" content=\"1000\" \/>\n\t<meta property=\"og:image:height\" content=\"664\" \/>\n<meta name=\"twitter:card\" content=\"summary_large_image\" \/>\n<meta name=\"twitter:creator\" content=\"@Claudomir21\" \/>\n<meta name=\"twitter:site\" content=\"@Claudomir21\" \/>\n<script type=\"application\/ld+json\" class=\"yoast-schema-graph\">{\"@context\":\"https:\/\/schema.org\",\"@graph\":[{\"@type\":\"Organization\",\"@id\":\"https:\/\/tribunadapraia.com.br\/#organization\",\"name\":\"Tribuna da Praia\",\"url\":\"https:\/\/tribunadapraia.com.br\/\",\"sameAs\":[\"https:\/\/www.facebook.com\/tribunadapraiaonline\/\",\"https:\/\/www.instagram.com\/claudomirtavares\/\",\"https:\/\/www.youtube.com\/channel\/UCwQf80nxiMzCefAyjbp53Rw\",\"https:\/\/twitter.com\/Claudomir21\"],\"logo\":{\"@type\":\"ImageObject\",\"@id\":\"https:\/\/tribunadapraia.com.br\/#logo\",\"inLanguage\":\"pt-BR\",\"url\":\"https:\/\/tribunadapraia.com.br\/wp-content\/uploads\/2020\/02\/logo.png\",\"contentUrl\":\"https:\/\/tribunadapraia.com.br\/wp-content\/uploads\/2020\/02\/logo.png\",\"width\":501,\"height\":121,\"caption\":\"Tribuna da Praia\"},\"image\":{\"@id\":\"https:\/\/tribunadapraia.com.br\/#logo\"}},{\"@type\":\"WebSite\",\"@id\":\"https:\/\/tribunadapraia.com.br\/#website\",\"url\":\"https:\/\/tribunadapraia.com.br\/\",\"name\":\"TRIBUNA DA PRAIA\",\"description\":\"O 1\\u00ba jornal do interior de Sergipe na internet\",\"publisher\":{\"@id\":\"https:\/\/tribunadapraia.com.br\/#organization\"},\"potentialAction\":[{\"@type\":\"SearchAction\",\"target\":\"https:\/\/tribunadapraia.com.br\/?s={search_term_string}\",\"query-input\":\"required name=search_term_string\"}],\"inLanguage\":\"pt-BR\"},{\"@type\":\"ImageObject\",\"@id\":\"https:\/\/tribunadapraia.com.br\/?p=1469#primaryimage\",\"inLanguage\":\"pt-BR\",\"url\":\"https:\/\/tribunadapraia.com.br\/wp-content\/uploads\/2020\/06\/IMG-20200629-WA0004.jpg\",\"contentUrl\":\"https:\/\/tribunadapraia.com.br\/wp-content\/uploads\/2020\/06\/IMG-20200629-WA0004.jpg\",\"width\":1000,\"height\":664},{\"@type\":\"WebPage\",\"@id\":\"https:\/\/tribunadapraia.com.br\/?p=1469#webpage\",\"url\":\"https:\/\/tribunadapraia.com.br\/?p=1469\",\"name\":\"ALERTA FINAL ... Propri\\u00e1\/SE colapsou - est\\u00e1 pr\\u00f3ximo do pico ascendente (mas distante do plat\\u00f4) da pandemia - TRIBUNA DA PRAIA\",\"isPartOf\":{\"@id\":\"https:\/\/tribunadapraia.com.br\/#website\"},\"primaryImageOfPage\":{\"@id\":\"https:\/\/tribunadapraia.com.br\/?p=1469#primaryimage\"},\"datePublished\":\"2020-06-28T09:02:35+00:00\",\"dateModified\":\"2020-06-29T09:03:29+00:00\",\"breadcrumb\":{\"@id\":\"https:\/\/tribunadapraia.com.br\/?p=1469#breadcrumb\"},\"inLanguage\":\"pt-BR\",\"potentialAction\":[{\"@type\":\"ReadAction\",\"target\":[\"https:\/\/tribunadapraia.com.br\/?p=1469\"]}]},{\"@type\":\"BreadcrumbList\",\"@id\":\"https:\/\/tribunadapraia.com.br\/?p=1469#breadcrumb\",\"itemListElement\":[{\"@type\":\"ListItem\",\"position\":1,\"item\":{\"@type\":\"WebPage\",\"@id\":\"https:\/\/tribunadapraia.com.br\/\",\"url\":\"https:\/\/tribunadapraia.com.br\/\",\"name\":\"In\\u00edcio\"}},{\"@type\":\"ListItem\",\"position\":2,\"item\":{\"@id\":\"https:\/\/tribunadapraia.com.br\/?p=1469#webpage\"}}]},{\"@type\":\"Article\",\"@id\":\"https:\/\/tribunadapraia.com.br\/?p=1469#article\",\"isPartOf\":{\"@id\":\"https:\/\/tribunadapraia.com.br\/?p=1469#webpage\"},\"author\":{\"@id\":\"https:\/\/tribunadapraia.com.br\/#\/schema\/person\/099fbbf59acc5895c0d7d52b4fc46c97\"},\"headline\":\"ALERTA FINAL &#8230; Propri\\u00e1\/SE colapsou &#8211; est\\u00e1 pr\\u00f3ximo do pico ascendente (mas distante do plat\\u00f4) da pandemia\",\"datePublished\":\"2020-06-28T09:02:35+00:00\",\"dateModified\":\"2020-06-29T09:03:29+00:00\",\"mainEntityOfPage\":{\"@id\":\"https:\/\/tribunadapraia.com.br\/?p=1469#webpage\"},\"wordCount\":115,\"commentCount\":0,\"publisher\":{\"@id\":\"https:\/\/tribunadapraia.com.br\/#organization\"},\"image\":{\"@id\":\"https:\/\/tribunadapraia.com.br\/?p=1469#primaryimage\"},\"thumbnailUrl\":\"https:\/\/tribunadapraia.com.br\/wp-content\/uploads\/2020\/06\/IMG-20200629-WA0004.jpg\",\"articleSection\":[\"Not\\u00edcias\"],\"inLanguage\":\"pt-BR\",\"potentialAction\":[{\"@type\":\"CommentAction\",\"name\":\"Comment\",\"target\":[\"https:\/\/tribunadapraia.com.br\/?p=1469#respond\"]}]},{\"@type\":\"Person\",\"@id\":\"https:\/\/tribunadapraia.com.br\/#\/schema\/person\/099fbbf59acc5895c0d7d52b4fc46c97\",\"name\":\"Reda\\u00e7\\u00e3o\",\"image\":{\"@type\":\"ImageObject\",\"@id\":\"https:\/\/tribunadapraia.com.br\/#personlogo\",\"inLanguage\":\"pt-BR\",\"url\":\"https:\/\/secure.gravatar.com\/avatar\/91c8b91d2bfd7784eac5c3e055361f64?s=96&d=identicon&r=g\",\"contentUrl\":\"https:\/\/secure.gravatar.com\/avatar\/91c8b91d2bfd7784eac5c3e055361f64?s=96&d=identicon&r=g\",\"caption\":\"Reda\\u00e7\\u00e3o\"}}]}<\/script>\n<!-- \/ Yoast SEO plugin. -->","wps_subtitle":"","_links":{"self":[{"href":"https:\/\/tribunadapraia.com.br\/index.php?rest_route=\/wp\/v2\/posts\/1469"}],"collection":[{"href":"https:\/\/tribunadapraia.com.br\/index.php?rest_route=\/wp\/v2\/posts"}],"about":[{"href":"https:\/\/tribunadapraia.com.br\/index.php?rest_route=\/wp\/v2\/types\/post"}],"author":[{"embeddable":true,"href":"https:\/\/tribunadapraia.com.br\/index.php?rest_route=\/wp\/v2\/users\/3"}],"replies":[{"embeddable":true,"href":"https:\/\/tribunadapraia.com.br\/index.php?rest_route=%2Fwp%2Fv2%2Fcomments&post=1469"}],"version-history":[{"count":1,"href":"https:\/\/tribunadapraia.com.br\/index.php?rest_route=\/wp\/v2\/posts\/1469\/revisions"}],"predecessor-version":[{"id":1471,"href":"https:\/\/tribunadapraia.com.br\/index.php?rest_route=\/wp\/v2\/posts\/1469\/revisions\/1471"}],"wp:featuredmedia":[{"embeddable":true,"href":"https:\/\/tribunadapraia.com.br\/index.php?rest_route=\/wp\/v2\/media\/1470"}],"wp:attachment":[{"href":"https:\/\/tribunadapraia.com.br\/index.php?rest_route=%2Fwp%2Fv2%2Fmedia&parent=1469"}],"wp:term":[{"taxonomy":"category","embeddable":true,"href":"https:\/\/tribunadapraia.com.br\/index.php?rest_route=%2Fwp%2Fv2%2Fcategories&post=1469"},{"taxonomy":"post_tag","embeddable":true,"href":"https:\/\/tribunadapraia.com.br\/index.php?rest_route=%2Fwp%2Fv2%2Ftags&post=1469"}],"curies":[{"name":"wp","href":"https:\/\/api.w.org\/{rel}","templated":true}]}}