{"id":1458,"date":"2020-06-20T10:21:58","date_gmt":"2020-06-20T13:21:58","guid":{"rendered":"https:\/\/tribunadapraia.com.br\/?p=1458"},"modified":"2020-06-20T10:22:43","modified_gmt":"2020-06-20T13:22:43","slug":"anater-promove-seminario-de-alinhamento-do-projeto-d-helder-camara","status":"publish","type":"post","link":"https:\/\/tribunadapraia.com.br\/?p=1458","title":{"rendered":"Anater promove semin\u00e1rio de alinhamento do projeto D. Helder C\u00e2mara"},"content":{"rendered":"<p>Em sunda fase, a expectativa dos coordenadores \u00e9 que o projeto seja ampliado por mais dois anos<\/p>\n<p>A Ag\u00eancia Nacional de Assist\u00eancia T\u00e9cnica e Extens\u00e3o Rural (Anater) promoveu, nesta quinta-feira (18), um semin\u00e1rio virtual sobre o projeto Dom Helder C\u00e2mara (PDHC), para nivelamento das informa\u00e7\u00f5es, desde a concep\u00e7\u00e3o do projeto, passando pela trajet\u00f3ria, em suas duas fases, at\u00e9 os resultados alcan\u00e7ados. Em sua segunda fase, a expectativa dos coordenadores \u00e9 que o projeto seja ampliado por mais dois anos<\/p>\n<p>O semin\u00e1rio reuniu representantes do Fundo Internacional de Desenvolvimento Agr\u00edcola (Fida), Universidade de Bras\u00edlia (UnB) e da Secretaria de Agricultura Familiar e cooperativismo do Minist\u00e9rio da Agricultura, Pecu\u00e1ria e Abastecimento (SAF\/Mapa), al\u00e9m da equipe t\u00e9cnica da Anater.<\/p>\n<p>Na abertura, o presidente da Anater, Ademar Silva Jr, destacou a import\u00e2ncia de avaliar o que est\u00e1 sendo feito e as possibilidades de melhoria das a\u00e7\u00f5es. \u201cTodos t\u00eam trabalhando muito e com muito comprometimento para entregar o melhor para o p\u00fablico beneficiado. E \u00e9 importante fazemos uma avalia\u00e7\u00e3o do que foi feito at\u00e9 agora para criar sinergia entre os atores envolvidos, nivelar as informa\u00e7\u00f5es e alinhar das a\u00e7\u00f5es, de forma a garantir o bom andamento do projeto at\u00e9 o seu final\u201d.<\/p>\n<p>O oficial de Programas do FIDA, Hardi Vieira apresentou um contexto da atua\u00e7\u00e3o da institui\u00e7\u00e3o no Brasil e explicou que, al\u00e9m de ser um agente financeiro, o FIDA tem v\u00e1rios projetos em execu\u00e7\u00e3o no pa\u00eds, com investimento na agricultura e na redu\u00e7\u00e3o da pobreza rural.<\/p>\n<p>De acordo com o oficial, a atua\u00e7\u00e3o do Fida no Brasil tem o foco geogr\u00e1fico no Semi\u00e1rido do Nordeste, tendo como p\u00fablico-alvo, agricultores familiares, assentados da reforma agr\u00e1ria, trabalhadores rurais e comunidades extrativistas, priorizando mulheres, jovens, quilombolas e ind\u00edgenas.<\/p>\n<p>Um desses projetos \u00e9 o D. Helder C\u00e2mara, que tem como objetivo realizar a\u00e7\u00f5es referenciais de combate \u00e0 pobreza e apoio ao desenvolvimento rural sustent\u00e1vel na regi\u00e3o do Semi\u00e1rido. O projeto \u00e9 realizado pelo Mapa, em conjunto com a Ag\u00eancia Nacional de Assist\u00eancia T\u00e9cnica e Extens\u00e3o Rural (Anater) e v\u00e1rias institui\u00e7\u00f5es que prestam servi\u00e7os de assist\u00eancia t\u00e9cnica e extens\u00e3o rural (Ater).<\/p>\n<p>\u201cA parceria com a Anater se tornou estrat\u00e9gica e fundamental para o \u00eaxito do PDHC. E a realiza\u00e7\u00e3o desse semin\u00e1rio, num momento de reconfigura\u00e7\u00e3o do projeto, \u00e9 importante porque d\u00e1 um novo \u00edmpeto e possibilita que todos os envolvidos possam se apropriar dos seus os objetivos\u201d, avalia.<\/p>\n<p>O PDHC<\/p>\n<p>O Projeto D. Helder C\u00e2mara \u00e9 resultado de um acordo de financiamento entre o governo federal e o FIDA, com objetivo de contribuir para a redu\u00e7\u00e3o da pobreza rural e das desigualdades no Semi\u00e1rido, por meio de servi\u00e7os de Ater, fomento \u00e0s atividades produtivas, e integra\u00e7\u00e3o de pol\u00edticas p\u00fablicas federais, estaduais e municipais.<\/p>\n<p>A primeira fase do projeto foi realizada entre dezembro de 2000 e dezembro de 2009, em seis estados do Nordeste, beneficiando 15.000 fam\u00edlias (346 associa\u00e7\u00f5es\/77 munic\u00edpios). \u201cAl\u00e9m das a\u00e7\u00f5es que est\u00e3o sendo apoiadas no projeto atualmente, essa primeira fase do PDHC teve como diferencial a educa\u00e7\u00e3o contextualizada e alfabetiza\u00e7\u00e3o e o apoio ao acesso aos servi\u00e7os financeiros e de cr\u00e9dito\u201d, destaca Emanuel Bayle, consultor em desenvolvimento rural do FIDA.<\/p>\n<p>A segunda fase do PDHC, iniciada em agosto de 2014, integra 913 munic\u00edpios dos estados de Pernambuco, Alagoas, Bahia, Cear\u00e1, Maranh\u00e3o, Sergipe, Para\u00edba, Piau\u00ed e Rio Grande do Norte (Nordeste) e Minas Gerais e Esp\u00edrito Santo (Sudeste), apoiando cerca de 60.000 mil fam\u00edlias e beneficiando diretamente em torno de 126 mil pessoas.<\/p>\n<p>Segundo a coordenadora t\u00e9cnica, Josilene Magalh\u00e3es, embora o projeto tenha outras a\u00e7\u00f5es, nesta fase, o servi\u00e7o de Ater \u00e9 o cora\u00e7\u00e3o do PDHC. \u201cNeste \u00faltimo ano, conseguimos uma aproxima\u00e7\u00e3o muito boa com a Anater, que nos permite um di\u00e1logo no sentido de primar pela execu\u00e7\u00e3o do servi\u00e7o de Ater, que \u00e9 o cora\u00e7\u00e3o do PDHC. E embora a rela\u00e7\u00e3o com as executoras seja diretamente com a Anater, \u00e9 muito importante que a gente tenha esse di\u00e1logo e consiga fazer esse alinhamento, independentemente de ter as atividades amarradas a um contrato\u201d, pontua.<\/p>\n<p>Nova etapa<\/p>\n<p>Se preparando para uma nova fase, o projeto D. Helder C\u00e2mara est\u00e1 realizando o monitoramento e avalia\u00e7\u00e3o das a\u00e7\u00f5es que est\u00e3o em execu\u00e7\u00e3o.<\/p>\n<p>O trabalho est\u00e1 sendo realizado pelo projeto Monitora, da Universidade de Bras\u00edlia, cujos resultados v\u00e3o dar suporte no planejamento, gest\u00e3o do conhecimento e avalia\u00e7\u00e3o das a\u00e7\u00f5es. \u201cEssa pesquisa vai conferir qualidade e chancela cient\u00edfica \u00e0s a\u00e7\u00f5es bem-sucedidas do projeto\u201d, destaca o professor Mauro Del Grossi, coordenador de pesquisa da UnB.<\/p>\n<p>Mais informa\u00e7\u00f5es para imprensa:<\/p>\n<p>Assessoria de Comunica\u00e7\u00e3o Social<\/p>\n<p>Telefone: (61) 3521-5801<\/p>\n<p>ascom@anater.org<\/p>\n","protected":false},"excerpt":{"rendered":"<p>Em sunda fase, a expectativa dos coordenadores \u00e9 que o projeto seja ampliado por mais dois anos A Ag\u00eancia Nacional de Assist\u00eancia T\u00e9cnica e Extens\u00e3o Rural (Anater) promoveu, nesta quinta-feira (18), um semin\u00e1rio virtual sobre o projeto Dom Helder C\u00e2mara (PDHC), para nivelamento das informa\u00e7\u00f5es, desde a concep\u00e7\u00e3o do projeto, passando pela trajet\u00f3ria, em suas duas fases, at\u00e9 os resultados alcan\u00e7ados. Em sua segunda fase, a expectativa dos coordenadores \u00e9<\/p>\n","protected":false},"author":1,"featured_media":1459,"comment_status":"open","ping_status":"open","sticky":false,"template":"","format":"standard","meta":[],"categories":[18],"tags":[],"yoast_head":"<!-- This site is optimized with the Yoast SEO plugin v16.3 - https:\/\/yoast.com\/wordpress\/plugins\/seo\/ -->\n<title>Anater promove semin\u00e1rio de alinhamento do projeto D. Helder C\u00e2mara - TRIBUNA DA PRAIA<\/title>\n<meta name=\"robots\" content=\"index, follow, max-snippet:-1, max-image-preview:large, max-video-preview:-1\" \/>\n<link rel=\"canonical\" href=\"https:\/\/tribunadapraia.com.br\/?p=1458\" \/>\n<meta property=\"og:locale\" content=\"pt_BR\" \/>\n<meta property=\"og:type\" content=\"article\" \/>\n<meta property=\"og:title\" content=\"Anater promove semin\u00e1rio de alinhamento do projeto D. Helder C\u00e2mara - TRIBUNA DA PRAIA\" \/>\n<meta property=\"og:description\" content=\"Em sunda fase, a expectativa dos coordenadores \u00e9 que o projeto seja ampliado por mais dois anos A Ag\u00eancia Nacional de Assist\u00eancia T\u00e9cnica e Extens\u00e3o Rural (Anater) promoveu, nesta quinta-feira (18), um semin\u00e1rio virtual sobre o projeto Dom Helder C\u00e2mara (PDHC), para nivelamento das informa\u00e7\u00f5es, desde a concep\u00e7\u00e3o do projeto, passando pela trajet\u00f3ria, em suas duas fases, at\u00e9 os resultados alcan\u00e7ados. Em sua segunda fase, a expectativa dos coordenadores \u00e9\" \/>\n<meta property=\"og:url\" content=\"https:\/\/tribunadapraia.com.br\/?p=1458\" \/>\n<meta property=\"og:site_name\" content=\"TRIBUNA DA PRAIA\" \/>\n<meta property=\"article:publisher\" content=\"https:\/\/www.facebook.com\/tribunadapraiaonline\/\" \/>\n<meta property=\"article:published_time\" content=\"2020-06-20T13:21:58+00:00\" \/>\n<meta property=\"article:modified_time\" content=\"2020-06-20T13:22:43+00:00\" \/>\n<meta property=\"og:image\" content=\"https:\/\/tribunadapraia.com.br\/wp-content\/uploads\/2020\/06\/IMG-20200620-WA0015.jpg\" \/>\n\t<meta property=\"og:image:width\" content=\"209\" \/>\n\t<meta property=\"og:image:height\" content=\"241\" \/>\n<meta name=\"twitter:card\" content=\"summary_large_image\" \/>\n<meta name=\"twitter:creator\" content=\"@Claudomir21\" \/>\n<meta name=\"twitter:site\" content=\"@Claudomir21\" \/>\n<meta name=\"twitter:label1\" content=\"Est. tempo de leitura\">\n\t<meta name=\"twitter:data1\" content=\"4 minutos\">\n<script type=\"application\/ld+json\" class=\"yoast-schema-graph\">{\"@context\":\"https:\/\/schema.org\",\"@graph\":[{\"@type\":\"Organization\",\"@id\":\"https:\/\/tribunadapraia.com.br\/#organization\",\"name\":\"Tribuna da Praia\",\"url\":\"https:\/\/tribunadapraia.com.br\/\",\"sameAs\":[\"https:\/\/www.facebook.com\/tribunadapraiaonline\/\",\"https:\/\/www.instagram.com\/claudomirtavares\/\",\"https:\/\/www.youtube.com\/channel\/UCwQf80nxiMzCefAyjbp53Rw\",\"https:\/\/twitter.com\/Claudomir21\"],\"logo\":{\"@type\":\"ImageObject\",\"@id\":\"https:\/\/tribunadapraia.com.br\/#logo\",\"inLanguage\":\"pt-BR\",\"url\":\"https:\/\/tribunadapraia.com.br\/wp-content\/uploads\/2020\/02\/logo.png\",\"contentUrl\":\"https:\/\/tribunadapraia.com.br\/wp-content\/uploads\/2020\/02\/logo.png\",\"width\":501,\"height\":121,\"caption\":\"Tribuna da Praia\"},\"image\":{\"@id\":\"https:\/\/tribunadapraia.com.br\/#logo\"}},{\"@type\":\"WebSite\",\"@id\":\"https:\/\/tribunadapraia.com.br\/#website\",\"url\":\"https:\/\/tribunadapraia.com.br\/\",\"name\":\"TRIBUNA DA PRAIA\",\"description\":\"O 1\\u00ba jornal do interior de Sergipe na internet\",\"publisher\":{\"@id\":\"https:\/\/tribunadapraia.com.br\/#organization\"},\"potentialAction\":[{\"@type\":\"SearchAction\",\"target\":\"https:\/\/tribunadapraia.com.br\/?s={search_term_string}\",\"query-input\":\"required name=search_term_string\"}],\"inLanguage\":\"pt-BR\"},{\"@type\":\"ImageObject\",\"@id\":\"https:\/\/tribunadapraia.com.br\/?p=1458#primaryimage\",\"inLanguage\":\"pt-BR\",\"url\":\"https:\/\/tribunadapraia.com.br\/wp-content\/uploads\/2020\/06\/IMG-20200620-WA0015.jpg\",\"contentUrl\":\"https:\/\/tribunadapraia.com.br\/wp-content\/uploads\/2020\/06\/IMG-20200620-WA0015.jpg\",\"width\":209,\"height\":241},{\"@type\":\"WebPage\",\"@id\":\"https:\/\/tribunadapraia.com.br\/?p=1458#webpage\",\"url\":\"https:\/\/tribunadapraia.com.br\/?p=1458\",\"name\":\"Anater promove semin\\u00e1rio de alinhamento do projeto D. Helder C\\u00e2mara - TRIBUNA DA PRAIA\",\"isPartOf\":{\"@id\":\"https:\/\/tribunadapraia.com.br\/#website\"},\"primaryImageOfPage\":{\"@id\":\"https:\/\/tribunadapraia.com.br\/?p=1458#primaryimage\"},\"datePublished\":\"2020-06-20T13:21:58+00:00\",\"dateModified\":\"2020-06-20T13:22:43+00:00\",\"breadcrumb\":{\"@id\":\"https:\/\/tribunadapraia.com.br\/?p=1458#breadcrumb\"},\"inLanguage\":\"pt-BR\",\"potentialAction\":[{\"@type\":\"ReadAction\",\"target\":[\"https:\/\/tribunadapraia.com.br\/?p=1458\"]}]},{\"@type\":\"BreadcrumbList\",\"@id\":\"https:\/\/tribunadapraia.com.br\/?p=1458#breadcrumb\",\"itemListElement\":[{\"@type\":\"ListItem\",\"position\":1,\"item\":{\"@type\":\"WebPage\",\"@id\":\"https:\/\/tribunadapraia.com.br\/\",\"url\":\"https:\/\/tribunadapraia.com.br\/\",\"name\":\"In\\u00edcio\"}},{\"@type\":\"ListItem\",\"position\":2,\"item\":{\"@id\":\"https:\/\/tribunadapraia.com.br\/?p=1458#webpage\"}}]},{\"@type\":\"Article\",\"@id\":\"https:\/\/tribunadapraia.com.br\/?p=1458#article\",\"isPartOf\":{\"@id\":\"https:\/\/tribunadapraia.com.br\/?p=1458#webpage\"},\"author\":{\"@id\":\"https:\/\/tribunadapraia.com.br\/#\/schema\/person\/326b0a9f3163b479142c64eba4928de0\"},\"headline\":\"Anater promove semin\\u00e1rio de alinhamento do projeto D. Helder C\\u00e2mara\",\"datePublished\":\"2020-06-20T13:21:58+00:00\",\"dateModified\":\"2020-06-20T13:22:43+00:00\",\"mainEntityOfPage\":{\"@id\":\"https:\/\/tribunadapraia.com.br\/?p=1458#webpage\"},\"wordCount\":841,\"commentCount\":0,\"publisher\":{\"@id\":\"https:\/\/tribunadapraia.com.br\/#organization\"},\"image\":{\"@id\":\"https:\/\/tribunadapraia.com.br\/?p=1458#primaryimage\"},\"thumbnailUrl\":\"https:\/\/tribunadapraia.com.br\/wp-content\/uploads\/2020\/06\/IMG-20200620-WA0015.jpg\",\"articleSection\":[\"Not\\u00edcias\"],\"inLanguage\":\"pt-BR\",\"potentialAction\":[{\"@type\":\"CommentAction\",\"name\":\"Comment\",\"target\":[\"https:\/\/tribunadapraia.com.br\/?p=1458#respond\"]}]},{\"@type\":\"Person\",\"@id\":\"https:\/\/tribunadapraia.com.br\/#\/schema\/person\/326b0a9f3163b479142c64eba4928de0\",\"name\":\"tribunadapraia\",\"image\":{\"@type\":\"ImageObject\",\"@id\":\"https:\/\/tribunadapraia.com.br\/#personlogo\",\"inLanguage\":\"pt-BR\",\"url\":\"https:\/\/secure.gravatar.com\/avatar\/38b019c74762496076b7355024a0dad9?s=96&d=identicon&r=g\",\"contentUrl\":\"https:\/\/secure.gravatar.com\/avatar\/38b019c74762496076b7355024a0dad9?s=96&d=identicon&r=g\",\"caption\":\"tribunadapraia\"}}]}<\/script>\n<!-- \/ Yoast SEO plugin. -->","wps_subtitle":"","_links":{"self":[{"href":"https:\/\/tribunadapraia.com.br\/index.php?rest_route=\/wp\/v2\/posts\/1458"}],"collection":[{"href":"https:\/\/tribunadapraia.com.br\/index.php?rest_route=\/wp\/v2\/posts"}],"about":[{"href":"https:\/\/tribunadapraia.com.br\/index.php?rest_route=\/wp\/v2\/types\/post"}],"author":[{"embeddable":true,"href":"https:\/\/tribunadapraia.com.br\/index.php?rest_route=\/wp\/v2\/users\/1"}],"replies":[{"embeddable":true,"href":"https:\/\/tribunadapraia.com.br\/index.php?rest_route=%2Fwp%2Fv2%2Fcomments&post=1458"}],"version-history":[{"count":1,"href":"https:\/\/tribunadapraia.com.br\/index.php?rest_route=\/wp\/v2\/posts\/1458\/revisions"}],"predecessor-version":[{"id":1460,"href":"https:\/\/tribunadapraia.com.br\/index.php?rest_route=\/wp\/v2\/posts\/1458\/revisions\/1460"}],"wp:featuredmedia":[{"embeddable":true,"href":"https:\/\/tribunadapraia.com.br\/index.php?rest_route=\/wp\/v2\/media\/1459"}],"wp:attachment":[{"href":"https:\/\/tribunadapraia.com.br\/index.php?rest_route=%2Fwp%2Fv2%2Fmedia&parent=1458"}],"wp:term":[{"taxonomy":"category","embeddable":true,"href":"https:\/\/tribunadapraia.com.br\/index.php?rest_route=%2Fwp%2Fv2%2Fcategories&post=1458"},{"taxonomy":"post_tag","embeddable":true,"href":"https:\/\/tribunadapraia.com.br\/index.php?rest_route=%2Fwp%2Fv2%2Ftags&post=1458"}],"curies":[{"name":"wp","href":"https:\/\/api.w.org\/{rel}","templated":true}]}}