{"id":1455,"date":"2020-06-20T00:46:33","date_gmt":"2020-06-20T03:46:33","guid":{"rendered":"https:\/\/tribunadapraia.com.br\/?p=1455"},"modified":"2020-06-20T00:46:33","modified_gmt":"2020-06-20T03:46:33","slug":"pirambu-apenas-um-pre-candidato-a-prefeito-e-de-oposicao-os-demais-sao-da-situacao-municipal-estadual-ou-federal","status":"publish","type":"post","link":"https:\/\/tribunadapraia.com.br\/?p=1455","title":{"rendered":"PIRAMBU: Apenas um pr\u00e9-candidato a prefeito \u00e9 de oposi\u00e7\u00e3o &#8211; os demais s\u00e3o da situa\u00e7\u00e3o municipal, estadual ou federal"},"content":{"rendered":"<p>Obdo \u00e0s 8 pr\u00e9-candidaturas a prefeito de Pirambu, \u00e0 luz da raz\u00e3o e exclu\u00eddas paix\u00f5es e avalia\u00e7\u00f5es passionais, n\u00e3o \u00e9 dif\u00edcil concluir temporalmrnte que apenas Ze Cl\u00e1udio (PSOL) pode ser classificado como um quadro pol\u00edtico da oposi\u00e7\u00e3o. Lideran\u00e7a popular e comunit\u00e1rio, Cl\u00e1udio da Concei\u00e7\u00e3o t\u00eam destacada atua\u00e7\u00e3o desde 1987 em defesa dos pescadores, do Rio Japaratuba, da juventude e de seu povoado Marimbondo. Filho de pescador e dona de casa, Cl\u00e1udio \u00e9 licenciado em Pedagogia, tendo cursado a especialuza\u00e7\u00e3o (P\u00f3s-Gradua\u00e7\u00e3o Latu Sensu).<\/p>\n<p>Os demais, assumindos ou negando, s\u00e3o nomes da situa\u00e7\u00e3o, a saber: Guilherme Melo \u00e9 o nome da situa\u00e7\u00e3o municipal, Cl\u00e9bio Gomrs, Elenilson Deda, Nilton Filho e Sergio Lima pertencem a partido da base aliada estadual, S\u00edlvia Cruz n\u00e3o \u00e9, mas t\u00eam apoip da ala bolsonarista e Vado de Gago pertence a partido do Centr\u00e3o.<\/p>\n<p>Quando se fala em &#8220;unir a oposi\u00e7\u00e3o&#8221;, \u00e9 preciso entender que um lado \u00e9 oposo\u00e7\u00e3o\/situa\u00e7\u00e3o ao outro, mas apenas Ze Cl\u00e1udio \u00e9 oposi\u00e7\u00e3o a smbos os grupos e est\u00e1 cal\u00e7ado em bases sociais, da qual \u00e9 signat\u00e1rio e leg\u00edtimo expoente &#8211; e n\u00e3o apenas em per\u00edodos eleitorais.<\/p>\n<p>por ClaudOmir Hetzog<\/p>\n","protected":false},"excerpt":{"rendered":"<p>Obdo \u00e0s 8 pr\u00e9-candidaturas a prefeito de Pirambu, \u00e0 luz da raz\u00e3o e exclu\u00eddas paix\u00f5es e avalia\u00e7\u00f5es passionais, n\u00e3o \u00e9 dif\u00edcil concluir temporalmrnte que apenas Ze Cl\u00e1udio (PSOL) pode ser classificado como um quadro pol\u00edtico da oposi\u00e7\u00e3o. Lideran\u00e7a popular e comunit\u00e1rio, Cl\u00e1udio da Concei\u00e7\u00e3o t\u00eam destacada atua\u00e7\u00e3o desde 1987 em defesa dos pescadores, do Rio Japaratuba, da juventude e de seu povoado Marimbondo. Filho de pescador e dona de casa,<\/p>\n","protected":false},"author":3,"featured_media":1456,"comment_status":"open","ping_status":"open","sticky":false,"template":"","format":"standard","meta":[],"categories":[18],"tags":[],"yoast_head":"<!-- This site is optimized with the Yoast SEO plugin v16.3 - https:\/\/yoast.com\/wordpress\/plugins\/seo\/ -->\n<title>PIRAMBU: Apenas um pr\u00e9-candidato a prefeito \u00e9 de oposi\u00e7\u00e3o - os demais s\u00e3o da situa\u00e7\u00e3o municipal, estadual ou federal - TRIBUNA DA PRAIA<\/title>\n<meta name=\"robots\" content=\"index, follow, max-snippet:-1, max-image-preview:large, max-video-preview:-1\" \/>\n<link rel=\"canonical\" href=\"https:\/\/tribunadapraia.com.br\/?p=1455\" \/>\n<meta property=\"og:locale\" content=\"pt_BR\" \/>\n<meta property=\"og:type\" content=\"article\" \/>\n<meta property=\"og:title\" content=\"PIRAMBU: Apenas um pr\u00e9-candidato a prefeito \u00e9 de oposi\u00e7\u00e3o - os demais s\u00e3o da situa\u00e7\u00e3o municipal, estadual ou federal - TRIBUNA DA PRAIA\" \/>\n<meta property=\"og:description\" content=\"Obdo \u00e0s 8 pr\u00e9-candidaturas a prefeito de Pirambu, \u00e0 luz da raz\u00e3o e exclu\u00eddas paix\u00f5es e avalia\u00e7\u00f5es passionais, n\u00e3o \u00e9 dif\u00edcil concluir temporalmrnte que apenas Ze Cl\u00e1udio (PSOL) pode ser classificado como um quadro pol\u00edtico da oposi\u00e7\u00e3o. Lideran\u00e7a popular e comunit\u00e1rio, Cl\u00e1udio da Concei\u00e7\u00e3o t\u00eam destacada atua\u00e7\u00e3o desde 1987 em defesa dos pescadores, do Rio Japaratuba, da juventude e de seu povoado Marimbondo. Filho de pescador e dona de casa,\" \/>\n<meta property=\"og:url\" content=\"https:\/\/tribunadapraia.com.br\/?p=1455\" \/>\n<meta property=\"og:site_name\" content=\"TRIBUNA DA PRAIA\" \/>\n<meta property=\"article:publisher\" content=\"https:\/\/www.facebook.com\/tribunadapraiaonline\/\" \/>\n<meta property=\"article:published_time\" content=\"2020-06-20T03:46:33+00:00\" \/>\n<meta property=\"og:image\" content=\"https:\/\/tribunadapraia.com.br\/wp-content\/uploads\/2020\/06\/Screenshot_20200620-004223.jpg\" \/>\n\t<meta property=\"og:image:width\" content=\"540\" \/>\n\t<meta property=\"og:image:height\" content=\"960\" \/>\n<meta name=\"twitter:card\" content=\"summary_large_image\" \/>\n<meta name=\"twitter:creator\" content=\"@Claudomir21\" \/>\n<meta name=\"twitter:site\" content=\"@Claudomir21\" \/>\n<meta name=\"twitter:label1\" content=\"Est. tempo de leitura\">\n\t<meta name=\"twitter:data1\" content=\"1 minuto\">\n<script type=\"application\/ld+json\" class=\"yoast-schema-graph\">{\"@context\":\"https:\/\/schema.org\",\"@graph\":[{\"@type\":\"Organization\",\"@id\":\"https:\/\/tribunadapraia.com.br\/#organization\",\"name\":\"Tribuna da Praia\",\"url\":\"https:\/\/tribunadapraia.com.br\/\",\"sameAs\":[\"https:\/\/www.facebook.com\/tribunadapraiaonline\/\",\"https:\/\/www.instagram.com\/claudomirtavares\/\",\"https:\/\/www.youtube.com\/channel\/UCwQf80nxiMzCefAyjbp53Rw\",\"https:\/\/twitter.com\/Claudomir21\"],\"logo\":{\"@type\":\"ImageObject\",\"@id\":\"https:\/\/tribunadapraia.com.br\/#logo\",\"inLanguage\":\"pt-BR\",\"url\":\"https:\/\/tribunadapraia.com.br\/wp-content\/uploads\/2020\/02\/logo.png\",\"contentUrl\":\"https:\/\/tribunadapraia.com.br\/wp-content\/uploads\/2020\/02\/logo.png\",\"width\":501,\"height\":121,\"caption\":\"Tribuna da Praia\"},\"image\":{\"@id\":\"https:\/\/tribunadapraia.com.br\/#logo\"}},{\"@type\":\"WebSite\",\"@id\":\"https:\/\/tribunadapraia.com.br\/#website\",\"url\":\"https:\/\/tribunadapraia.com.br\/\",\"name\":\"TRIBUNA DA PRAIA\",\"description\":\"O 1\\u00ba jornal do interior de Sergipe na internet\",\"publisher\":{\"@id\":\"https:\/\/tribunadapraia.com.br\/#organization\"},\"potentialAction\":[{\"@type\":\"SearchAction\",\"target\":\"https:\/\/tribunadapraia.com.br\/?s={search_term_string}\",\"query-input\":\"required name=search_term_string\"}],\"inLanguage\":\"pt-BR\"},{\"@type\":\"ImageObject\",\"@id\":\"https:\/\/tribunadapraia.com.br\/?p=1455#primaryimage\",\"inLanguage\":\"pt-BR\",\"url\":\"https:\/\/tribunadapraia.com.br\/wp-content\/uploads\/2020\/06\/Screenshot_20200620-004223.jpg\",\"contentUrl\":\"https:\/\/tribunadapraia.com.br\/wp-content\/uploads\/2020\/06\/Screenshot_20200620-004223.jpg\",\"width\":540,\"height\":960},{\"@type\":\"WebPage\",\"@id\":\"https:\/\/tribunadapraia.com.br\/?p=1455#webpage\",\"url\":\"https:\/\/tribunadapraia.com.br\/?p=1455\",\"name\":\"PIRAMBU: Apenas um pr\\u00e9-candidato a prefeito \\u00e9 de oposi\\u00e7\\u00e3o - os demais s\\u00e3o da situa\\u00e7\\u00e3o municipal, estadual ou federal - TRIBUNA DA PRAIA\",\"isPartOf\":{\"@id\":\"https:\/\/tribunadapraia.com.br\/#website\"},\"primaryImageOfPage\":{\"@id\":\"https:\/\/tribunadapraia.com.br\/?p=1455#primaryimage\"},\"datePublished\":\"2020-06-20T03:46:33+00:00\",\"dateModified\":\"2020-06-20T03:46:33+00:00\",\"breadcrumb\":{\"@id\":\"https:\/\/tribunadapraia.com.br\/?p=1455#breadcrumb\"},\"inLanguage\":\"pt-BR\",\"potentialAction\":[{\"@type\":\"ReadAction\",\"target\":[\"https:\/\/tribunadapraia.com.br\/?p=1455\"]}]},{\"@type\":\"BreadcrumbList\",\"@id\":\"https:\/\/tribunadapraia.com.br\/?p=1455#breadcrumb\",\"itemListElement\":[{\"@type\":\"ListItem\",\"position\":1,\"item\":{\"@type\":\"WebPage\",\"@id\":\"https:\/\/tribunadapraia.com.br\/\",\"url\":\"https:\/\/tribunadapraia.com.br\/\",\"name\":\"In\\u00edcio\"}},{\"@type\":\"ListItem\",\"position\":2,\"item\":{\"@id\":\"https:\/\/tribunadapraia.com.br\/?p=1455#webpage\"}}]},{\"@type\":\"Article\",\"@id\":\"https:\/\/tribunadapraia.com.br\/?p=1455#article\",\"isPartOf\":{\"@id\":\"https:\/\/tribunadapraia.com.br\/?p=1455#webpage\"},\"author\":{\"@id\":\"https:\/\/tribunadapraia.com.br\/#\/schema\/person\/099fbbf59acc5895c0d7d52b4fc46c97\"},\"headline\":\"PIRAMBU: Apenas um pr\\u00e9-candidato a prefeito \\u00e9 de oposi\\u00e7\\u00e3o &#8211; os demais s\\u00e3o da situa\\u00e7\\u00e3o municipal, estadual ou federal\",\"datePublished\":\"2020-06-20T03:46:33+00:00\",\"dateModified\":\"2020-06-20T03:46:33+00:00\",\"mainEntityOfPage\":{\"@id\":\"https:\/\/tribunadapraia.com.br\/?p=1455#webpage\"},\"wordCount\":236,\"commentCount\":1,\"publisher\":{\"@id\":\"https:\/\/tribunadapraia.com.br\/#organization\"},\"image\":{\"@id\":\"https:\/\/tribunadapraia.com.br\/?p=1455#primaryimage\"},\"thumbnailUrl\":\"https:\/\/tribunadapraia.com.br\/wp-content\/uploads\/2020\/06\/Screenshot_20200620-004223.jpg\",\"articleSection\":[\"Not\\u00edcias\"],\"inLanguage\":\"pt-BR\",\"potentialAction\":[{\"@type\":\"CommentAction\",\"name\":\"Comment\",\"target\":[\"https:\/\/tribunadapraia.com.br\/?p=1455#respond\"]}]},{\"@type\":\"Person\",\"@id\":\"https:\/\/tribunadapraia.com.br\/#\/schema\/person\/099fbbf59acc5895c0d7d52b4fc46c97\",\"name\":\"Reda\\u00e7\\u00e3o\",\"image\":{\"@type\":\"ImageObject\",\"@id\":\"https:\/\/tribunadapraia.com.br\/#personlogo\",\"inLanguage\":\"pt-BR\",\"url\":\"https:\/\/secure.gravatar.com\/avatar\/91c8b91d2bfd7784eac5c3e055361f64?s=96&d=identicon&r=g\",\"contentUrl\":\"https:\/\/secure.gravatar.com\/avatar\/91c8b91d2bfd7784eac5c3e055361f64?s=96&d=identicon&r=g\",\"caption\":\"Reda\\u00e7\\u00e3o\"}}]}<\/script>\n<!-- \/ Yoast SEO plugin. -->","wps_subtitle":"","_links":{"self":[{"href":"https:\/\/tribunadapraia.com.br\/index.php?rest_route=\/wp\/v2\/posts\/1455"}],"collection":[{"href":"https:\/\/tribunadapraia.com.br\/index.php?rest_route=\/wp\/v2\/posts"}],"about":[{"href":"https:\/\/tribunadapraia.com.br\/index.php?rest_route=\/wp\/v2\/types\/post"}],"author":[{"embeddable":true,"href":"https:\/\/tribunadapraia.com.br\/index.php?rest_route=\/wp\/v2\/users\/3"}],"replies":[{"embeddable":true,"href":"https:\/\/tribunadapraia.com.br\/index.php?rest_route=%2Fwp%2Fv2%2Fcomments&post=1455"}],"version-history":[{"count":1,"href":"https:\/\/tribunadapraia.com.br\/index.php?rest_route=\/wp\/v2\/posts\/1455\/revisions"}],"predecessor-version":[{"id":1457,"href":"https:\/\/tribunadapraia.com.br\/index.php?rest_route=\/wp\/v2\/posts\/1455\/revisions\/1457"}],"wp:featuredmedia":[{"embeddable":true,"href":"https:\/\/tribunadapraia.com.br\/index.php?rest_route=\/wp\/v2\/media\/1456"}],"wp:attachment":[{"href":"https:\/\/tribunadapraia.com.br\/index.php?rest_route=%2Fwp%2Fv2%2Fmedia&parent=1455"}],"wp:term":[{"taxonomy":"category","embeddable":true,"href":"https:\/\/tribunadapraia.com.br\/index.php?rest_route=%2Fwp%2Fv2%2Fcategories&post=1455"},{"taxonomy":"post_tag","embeddable":true,"href":"https:\/\/tribunadapraia.com.br\/index.php?rest_route=%2Fwp%2Fv2%2Ftags&post=1455"}],"curies":[{"name":"wp","href":"https:\/\/api.w.org\/{rel}","templated":true}]}}