{"id":1440,"date":"2020-06-19T11:55:59","date_gmt":"2020-06-19T14:55:59","guid":{"rendered":"https:\/\/tribunadapraia.com.br\/?p=1440"},"modified":"2020-06-19T11:57:05","modified_gmt":"2020-06-19T14:57:05","slug":"cidadao-marighella","status":"publish","type":"post","link":"https:\/\/tribunadapraia.com.br\/?p=1440","title":{"rendered":"Cidad\u00e3o Marighella"},"content":{"rendered":"<p>Em 1971 Henning Albert Boilesen<br \/>\nPresidente da Ultrag\u00e1z<br \/>\nQue organizava a \u201ccaixinha\u201d<br \/>\nDos empres\u00e1rios<br \/>\nPara arrecadar fundos para a OBAN<br \/>\nE gostava de assistir<br \/>\n\u00c0s sess\u00f5es de tortura<br \/>\nFoi executado<br \/>\n&#8211; justi\u00e7ado<br \/>\nutilizando a palavra certa \u2013<br \/>\nPor um comando da ALN<br \/>\nA metros da rua Alameda Casa Branca<br \/>\nEm S\u00e3o Paulo<\/p>\n<p>Sim Carlos<br \/>\nNa mesma rua<br \/>\nPerto do numero 800<br \/>\nOnde tombaste<br \/>\nDois anos antes<br \/>\nSob as balas do delegado Fleury<br \/>\nPor sinal amigo deste Cidad\u00e3o Boilesen<br \/>\n-este o t\u00edtulo de um filme<br \/>\nSobre ele \u2013<\/p>\n<p>Dizem por aqui<br \/>\nQue foi pura coincid\u00eancia<\/p>\n<p>Duvido<\/p>\n<p>Se at\u00e9 parece<br \/>\nQue te vejo<br \/>\nFeito Exu<br \/>\nNa encruzilhada<br \/>\nCom a Bar\u00e3o de Capanema<br \/>\nEscolhendo a mesma rua<br \/>\nA mesma arma<br \/>\nO mesmo \u00f3dio<\/p>\n<p>A mesma sede de justi\u00e7a<br \/>\nDos que enfrentaram<br \/>\nO s\u00e1dico sorriso do dinamarqu\u00eas<br \/>\nNos por\u00f5es da ditadura<\/p>\n<p>S\u00f3 n\u00e3o houve<br \/>\n&#8211; porque os vivos<br \/>\nAinda n\u00e3o compreendem \u2013<br \/>\nUma manchete<br \/>\nComo esta:<br \/>\n\u201cMarighella matou Boilesen\u201d<\/p>\n<p>Carlos Pronzato (in Poesias sem licen\u00e7a para Carlos Marighella, editora Red, SP, 2014)<\/p>\n","protected":false},"excerpt":{"rendered":"<p>Em 1971 Henning Albert Boilesen Presidente da Ultrag\u00e1z Que organizava a \u201ccaixinha\u201d Dos empres\u00e1rios Para arrecadar fundos para a OBAN E gostava de assistir \u00c0s sess\u00f5es de tortura Foi executado &#8211; justi\u00e7ado utilizando a palavra certa \u2013 Por um comando da ALN A metros da rua Alameda Casa Branca Em S\u00e3o Paulo Sim Carlos Na mesma rua Perto do numero 800 Onde tombaste Dois anos antes Sob as balas do<\/p>\n","protected":false},"author":1,"featured_media":1441,"comment_status":"open","ping_status":"open","sticky":false,"template":"","format":"standard","meta":[],"categories":[18],"tags":[],"yoast_head":"<!-- This site is optimized with the Yoast SEO plugin v16.3 - https:\/\/yoast.com\/wordpress\/plugins\/seo\/ -->\n<title>Cidad\u00e3o Marighella - TRIBUNA DA PRAIA<\/title>\n<meta name=\"robots\" content=\"index, follow, max-snippet:-1, max-image-preview:large, max-video-preview:-1\" \/>\n<link rel=\"canonical\" href=\"https:\/\/tribunadapraia.com.br\/?p=1440\" \/>\n<meta property=\"og:locale\" content=\"pt_BR\" \/>\n<meta property=\"og:type\" content=\"article\" \/>\n<meta property=\"og:title\" content=\"Cidad\u00e3o Marighella - TRIBUNA DA PRAIA\" \/>\n<meta property=\"og:description\" content=\"Em 1971 Henning Albert Boilesen Presidente da Ultrag\u00e1z Que organizava a \u201ccaixinha\u201d Dos empres\u00e1rios Para arrecadar fundos para a OBAN E gostava de assistir \u00c0s sess\u00f5es de tortura Foi executado &#8211; justi\u00e7ado utilizando a palavra certa \u2013 Por um comando da ALN A metros da rua Alameda Casa Branca Em S\u00e3o Paulo Sim Carlos Na mesma rua Perto do numero 800 Onde tombaste Dois anos antes Sob as balas do\" \/>\n<meta property=\"og:url\" content=\"https:\/\/tribunadapraia.com.br\/?p=1440\" \/>\n<meta property=\"og:site_name\" content=\"TRIBUNA DA PRAIA\" \/>\n<meta property=\"article:publisher\" content=\"https:\/\/www.facebook.com\/tribunadapraiaonline\/\" \/>\n<meta property=\"article:published_time\" content=\"2020-06-19T14:55:59+00:00\" \/>\n<meta property=\"article:modified_time\" content=\"2020-06-19T14:57:05+00:00\" \/>\n<meta property=\"og:image\" content=\"https:\/\/tribunadapraia.com.br\/wp-content\/uploads\/2020\/06\/Carlos-Marighella-1.jpg\" \/>\n\t<meta property=\"og:image:width\" content=\"1200\" \/>\n\t<meta property=\"og:image:height\" content=\"1512\" \/>\n<meta name=\"twitter:card\" content=\"summary_large_image\" \/>\n<meta name=\"twitter:creator\" content=\"@Claudomir21\" \/>\n<meta name=\"twitter:site\" content=\"@Claudomir21\" \/>\n<meta name=\"twitter:label1\" content=\"Est. tempo de leitura\">\n\t<meta name=\"twitter:data1\" content=\"1 minuto\">\n<script type=\"application\/ld+json\" class=\"yoast-schema-graph\">{\"@context\":\"https:\/\/schema.org\",\"@graph\":[{\"@type\":\"Organization\",\"@id\":\"https:\/\/tribunadapraia.com.br\/#organization\",\"name\":\"Tribuna da Praia\",\"url\":\"https:\/\/tribunadapraia.com.br\/\",\"sameAs\":[\"https:\/\/www.facebook.com\/tribunadapraiaonline\/\",\"https:\/\/www.instagram.com\/claudomirtavares\/\",\"https:\/\/www.youtube.com\/channel\/UCwQf80nxiMzCefAyjbp53Rw\",\"https:\/\/twitter.com\/Claudomir21\"],\"logo\":{\"@type\":\"ImageObject\",\"@id\":\"https:\/\/tribunadapraia.com.br\/#logo\",\"inLanguage\":\"pt-BR\",\"url\":\"https:\/\/tribunadapraia.com.br\/wp-content\/uploads\/2020\/02\/logo.png\",\"contentUrl\":\"https:\/\/tribunadapraia.com.br\/wp-content\/uploads\/2020\/02\/logo.png\",\"width\":501,\"height\":121,\"caption\":\"Tribuna da Praia\"},\"image\":{\"@id\":\"https:\/\/tribunadapraia.com.br\/#logo\"}},{\"@type\":\"WebSite\",\"@id\":\"https:\/\/tribunadapraia.com.br\/#website\",\"url\":\"https:\/\/tribunadapraia.com.br\/\",\"name\":\"TRIBUNA DA PRAIA\",\"description\":\"O 1\\u00ba jornal do interior de Sergipe na internet\",\"publisher\":{\"@id\":\"https:\/\/tribunadapraia.com.br\/#organization\"},\"potentialAction\":[{\"@type\":\"SearchAction\",\"target\":\"https:\/\/tribunadapraia.com.br\/?s={search_term_string}\",\"query-input\":\"required name=search_term_string\"}],\"inLanguage\":\"pt-BR\"},{\"@type\":\"ImageObject\",\"@id\":\"https:\/\/tribunadapraia.com.br\/?p=1440#primaryimage\",\"inLanguage\":\"pt-BR\",\"url\":\"https:\/\/tribunadapraia.com.br\/wp-content\/uploads\/2020\/06\/Carlos-Marighella-1.jpg\",\"contentUrl\":\"https:\/\/tribunadapraia.com.br\/wp-content\/uploads\/2020\/06\/Carlos-Marighella-1.jpg\",\"width\":1200,\"height\":1512},{\"@type\":\"WebPage\",\"@id\":\"https:\/\/tribunadapraia.com.br\/?p=1440#webpage\",\"url\":\"https:\/\/tribunadapraia.com.br\/?p=1440\",\"name\":\"Cidad\\u00e3o Marighella - TRIBUNA DA PRAIA\",\"isPartOf\":{\"@id\":\"https:\/\/tribunadapraia.com.br\/#website\"},\"primaryImageOfPage\":{\"@id\":\"https:\/\/tribunadapraia.com.br\/?p=1440#primaryimage\"},\"datePublished\":\"2020-06-19T14:55:59+00:00\",\"dateModified\":\"2020-06-19T14:57:05+00:00\",\"breadcrumb\":{\"@id\":\"https:\/\/tribunadapraia.com.br\/?p=1440#breadcrumb\"},\"inLanguage\":\"pt-BR\",\"potentialAction\":[{\"@type\":\"ReadAction\",\"target\":[\"https:\/\/tribunadapraia.com.br\/?p=1440\"]}]},{\"@type\":\"BreadcrumbList\",\"@id\":\"https:\/\/tribunadapraia.com.br\/?p=1440#breadcrumb\",\"itemListElement\":[{\"@type\":\"ListItem\",\"position\":1,\"item\":{\"@type\":\"WebPage\",\"@id\":\"https:\/\/tribunadapraia.com.br\/\",\"url\":\"https:\/\/tribunadapraia.com.br\/\",\"name\":\"In\\u00edcio\"}},{\"@type\":\"ListItem\",\"position\":2,\"item\":{\"@id\":\"https:\/\/tribunadapraia.com.br\/?p=1440#webpage\"}}]},{\"@type\":\"Article\",\"@id\":\"https:\/\/tribunadapraia.com.br\/?p=1440#article\",\"isPartOf\":{\"@id\":\"https:\/\/tribunadapraia.com.br\/?p=1440#webpage\"},\"author\":{\"@id\":\"https:\/\/tribunadapraia.com.br\/#\/schema\/person\/326b0a9f3163b479142c64eba4928de0\"},\"headline\":\"Cidad\\u00e3o Marighella\",\"datePublished\":\"2020-06-19T14:55:59+00:00\",\"dateModified\":\"2020-06-19T14:57:05+00:00\",\"mainEntityOfPage\":{\"@id\":\"https:\/\/tribunadapraia.com.br\/?p=1440#webpage\"},\"wordCount\":181,\"commentCount\":0,\"publisher\":{\"@id\":\"https:\/\/tribunadapraia.com.br\/#organization\"},\"image\":{\"@id\":\"https:\/\/tribunadapraia.com.br\/?p=1440#primaryimage\"},\"thumbnailUrl\":\"https:\/\/tribunadapraia.com.br\/wp-content\/uploads\/2020\/06\/Carlos-Marighella-1.jpg\",\"articleSection\":[\"Not\\u00edcias\"],\"inLanguage\":\"pt-BR\",\"potentialAction\":[{\"@type\":\"CommentAction\",\"name\":\"Comment\",\"target\":[\"https:\/\/tribunadapraia.com.br\/?p=1440#respond\"]}]},{\"@type\":\"Person\",\"@id\":\"https:\/\/tribunadapraia.com.br\/#\/schema\/person\/326b0a9f3163b479142c64eba4928de0\",\"name\":\"tribunadapraia\",\"image\":{\"@type\":\"ImageObject\",\"@id\":\"https:\/\/tribunadapraia.com.br\/#personlogo\",\"inLanguage\":\"pt-BR\",\"url\":\"https:\/\/secure.gravatar.com\/avatar\/38b019c74762496076b7355024a0dad9?s=96&d=identicon&r=g\",\"contentUrl\":\"https:\/\/secure.gravatar.com\/avatar\/38b019c74762496076b7355024a0dad9?s=96&d=identicon&r=g\",\"caption\":\"tribunadapraia\"}}]}<\/script>\n<!-- \/ Yoast SEO plugin. -->","wps_subtitle":"","_links":{"self":[{"href":"https:\/\/tribunadapraia.com.br\/index.php?rest_route=\/wp\/v2\/posts\/1440"}],"collection":[{"href":"https:\/\/tribunadapraia.com.br\/index.php?rest_route=\/wp\/v2\/posts"}],"about":[{"href":"https:\/\/tribunadapraia.com.br\/index.php?rest_route=\/wp\/v2\/types\/post"}],"author":[{"embeddable":true,"href":"https:\/\/tribunadapraia.com.br\/index.php?rest_route=\/wp\/v2\/users\/1"}],"replies":[{"embeddable":true,"href":"https:\/\/tribunadapraia.com.br\/index.php?rest_route=%2Fwp%2Fv2%2Fcomments&post=1440"}],"version-history":[{"count":1,"href":"https:\/\/tribunadapraia.com.br\/index.php?rest_route=\/wp\/v2\/posts\/1440\/revisions"}],"predecessor-version":[{"id":1442,"href":"https:\/\/tribunadapraia.com.br\/index.php?rest_route=\/wp\/v2\/posts\/1440\/revisions\/1442"}],"wp:featuredmedia":[{"embeddable":true,"href":"https:\/\/tribunadapraia.com.br\/index.php?rest_route=\/wp\/v2\/media\/1441"}],"wp:attachment":[{"href":"https:\/\/tribunadapraia.com.br\/index.php?rest_route=%2Fwp%2Fv2%2Fmedia&parent=1440"}],"wp:term":[{"taxonomy":"category","embeddable":true,"href":"https:\/\/tribunadapraia.com.br\/index.php?rest_route=%2Fwp%2Fv2%2Fcategories&post=1440"},{"taxonomy":"post_tag","embeddable":true,"href":"https:\/\/tribunadapraia.com.br\/index.php?rest_route=%2Fwp%2Fv2%2Ftags&post=1440"}],"curies":[{"name":"wp","href":"https:\/\/api.w.org\/{rel}","templated":true}]}}