{"id":1435,"date":"2020-06-15T04:29:21","date_gmt":"2020-06-15T07:29:21","guid":{"rendered":"https:\/\/tribunadapraia.com.br\/?p=1435"},"modified":"2020-06-15T04:29:21","modified_gmt":"2020-06-15T07:29:21","slug":"veve-everton-andrade-e-pre-candidato-a-prefeito-em-barra-dos-coqueiros-eleicao-caminha-para-a-pulvetizacao","status":"publish","type":"post","link":"https:\/\/tribunadapraia.com.br\/?p=1435","title":{"rendered":"VEV\u00c9: Everton Andrade \u00e9 pr\u00e9-candidato a prefeito em Barra dos Coqueiros &#8211; elei\u00e7\u00e3o caminha para a pulvetiza\u00e7\u00e3o"},"content":{"rendered":"<p style=\"text-align: center;\">Se depender do Progressistas (PP), \u00e0s elei\u00e7\u00f5es municipais 2020 n\u00e3o ser\u00e3o polarizadas entre os ex-prefeitos Alberto Macedo (PSD) e Gilson dos Anjos (DEM). \u00c9verton Andrade, o Vev\u00e9, \u00e9 pr\u00e9-candidato a prefeito em Barra dos Coqueiros, posi\u00e7\u00e3o que est\u00e1 se consolidando ai se aproximaren \u00e0s conven\u00e7\u00f5es partid\u00e1rias.<\/p>\n<p>Semana passada, o prefeito Airton Martins (MDB) reuniu a imprensa e amigos para anunciar que o vereador e ex-prefeito Alberto Macedo (PSD), \u00e9 o pr\u00e9-candidato a prefeito com seu apoio e de seu agrupamento pol\u00edtico.<\/p>\n<p>Antes ja haviam anunciado pr\u00e9-candidsturss o m\u00fasico Cl\u00e1udio Caducha (PT), o vice-prefeito Alysson Souza (SD), o advogado Hebert Pereira (CD) e o ex-prefeito Gilson dos Anjos (DEM).<\/p>\n<p>Como \u00e1gua e \u00f3leo, a ecl\u00e9tica e heterog\u00eanea oposi\u00e7\u00e3o de Barra dos Coqueiros est\u00e1 unida sem se misturar e Alberto Macedo que ser\u00e1 entrevistado nesta quarta-feira, 17, \u00e0s 7 da manh\u00e3 na R\u00e1dio Pomonga, deve est\u00e1 feliz por isso.<\/p>\n<p>por ClaudOmir Herzog | claudomir21@gmail.com<\/p>\n","protected":false},"excerpt":{"rendered":"<p>Se depender do Progressistas (PP), \u00e0s elei\u00e7\u00f5es municipais 2020 n\u00e3o ser\u00e3o polarizadas entre os ex-prefeitos Alberto Macedo (PSD) e Gilson dos Anjos (DEM). \u00c9verton Andrade, o Vev\u00e9, \u00e9 pr\u00e9-candidato a prefeito em Barra dos Coqueiros, posi\u00e7\u00e3o que est\u00e1 se consolidando ai se aproximaren \u00e0s conven\u00e7\u00f5es partid\u00e1rias. Semana passada, o prefeito Airton Martins (MDB) reuniu a imprensa e amigos para anunciar que o vereador e ex-prefeito Alberto Macedo (PSD), \u00e9 o<\/p>\n","protected":false},"author":3,"featured_media":1429,"comment_status":"open","ping_status":"open","sticky":false,"template":"","format":"standard","meta":[],"categories":[18],"tags":[],"yoast_head":"<!-- This site is optimized with the Yoast SEO plugin v16.3 - https:\/\/yoast.com\/wordpress\/plugins\/seo\/ -->\n<title>VEV\u00c9: Everton Andrade \u00e9 pr\u00e9-candidato a prefeito em Barra dos Coqueiros - elei\u00e7\u00e3o caminha para a pulvetiza\u00e7\u00e3o - TRIBUNA DA PRAIA<\/title>\n<meta name=\"robots\" content=\"index, follow, max-snippet:-1, max-image-preview:large, max-video-preview:-1\" \/>\n<link rel=\"canonical\" href=\"https:\/\/tribunadapraia.com.br\/?p=1435\" \/>\n<meta property=\"og:locale\" content=\"pt_BR\" \/>\n<meta property=\"og:type\" content=\"article\" \/>\n<meta property=\"og:title\" content=\"VEV\u00c9: Everton Andrade \u00e9 pr\u00e9-candidato a prefeito em Barra dos Coqueiros - elei\u00e7\u00e3o caminha para a pulvetiza\u00e7\u00e3o - TRIBUNA DA PRAIA\" \/>\n<meta property=\"og:description\" content=\"Se depender do Progressistas (PP), \u00e0s elei\u00e7\u00f5es municipais 2020 n\u00e3o ser\u00e3o polarizadas entre os ex-prefeitos Alberto Macedo (PSD) e Gilson dos Anjos (DEM). \u00c9verton Andrade, o Vev\u00e9, \u00e9 pr\u00e9-candidato a prefeito em Barra dos Coqueiros, posi\u00e7\u00e3o que est\u00e1 se consolidando ai se aproximaren \u00e0s conven\u00e7\u00f5es partid\u00e1rias. Semana passada, o prefeito Airton Martins (MDB) reuniu a imprensa e amigos para anunciar que o vereador e ex-prefeito Alberto Macedo (PSD), \u00e9 o\" \/>\n<meta property=\"og:url\" content=\"https:\/\/tribunadapraia.com.br\/?p=1435\" \/>\n<meta property=\"og:site_name\" content=\"TRIBUNA DA PRAIA\" \/>\n<meta property=\"article:publisher\" content=\"https:\/\/www.facebook.com\/tribunadapraiaonline\/\" \/>\n<meta property=\"article:published_time\" content=\"2020-06-15T07:29:21+00:00\" \/>\n<meta property=\"og:image\" content=\"https:\/\/tribunadapraia.com.br\/wp-content\/uploads\/2020\/06\/IMG-20200615-WA0000.jpg\" \/>\n\t<meta property=\"og:image:width\" content=\"328\" \/>\n\t<meta property=\"og:image:height\" content=\"340\" \/>\n<meta name=\"twitter:card\" content=\"summary_large_image\" \/>\n<meta name=\"twitter:creator\" content=\"@Claudomir21\" \/>\n<meta name=\"twitter:site\" content=\"@Claudomir21\" \/>\n<meta name=\"twitter:label1\" content=\"Est. tempo de leitura\">\n\t<meta name=\"twitter:data1\" content=\"1 minuto\">\n<script type=\"application\/ld+json\" class=\"yoast-schema-graph\">{\"@context\":\"https:\/\/schema.org\",\"@graph\":[{\"@type\":\"Organization\",\"@id\":\"https:\/\/tribunadapraia.com.br\/#organization\",\"name\":\"Tribuna da Praia\",\"url\":\"https:\/\/tribunadapraia.com.br\/\",\"sameAs\":[\"https:\/\/www.facebook.com\/tribunadapraiaonline\/\",\"https:\/\/www.instagram.com\/claudomirtavares\/\",\"https:\/\/www.youtube.com\/channel\/UCwQf80nxiMzCefAyjbp53Rw\",\"https:\/\/twitter.com\/Claudomir21\"],\"logo\":{\"@type\":\"ImageObject\",\"@id\":\"https:\/\/tribunadapraia.com.br\/#logo\",\"inLanguage\":\"pt-BR\",\"url\":\"https:\/\/tribunadapraia.com.br\/wp-content\/uploads\/2020\/02\/logo.png\",\"contentUrl\":\"https:\/\/tribunadapraia.com.br\/wp-content\/uploads\/2020\/02\/logo.png\",\"width\":501,\"height\":121,\"caption\":\"Tribuna da Praia\"},\"image\":{\"@id\":\"https:\/\/tribunadapraia.com.br\/#logo\"}},{\"@type\":\"WebSite\",\"@id\":\"https:\/\/tribunadapraia.com.br\/#website\",\"url\":\"https:\/\/tribunadapraia.com.br\/\",\"name\":\"TRIBUNA DA PRAIA\",\"description\":\"O 1\\u00ba jornal do interior de Sergipe na internet\",\"publisher\":{\"@id\":\"https:\/\/tribunadapraia.com.br\/#organization\"},\"potentialAction\":[{\"@type\":\"SearchAction\",\"target\":\"https:\/\/tribunadapraia.com.br\/?s={search_term_string}\",\"query-input\":\"required name=search_term_string\"}],\"inLanguage\":\"pt-BR\"},{\"@type\":\"ImageObject\",\"@id\":\"https:\/\/tribunadapraia.com.br\/?p=1435#primaryimage\",\"inLanguage\":\"pt-BR\",\"url\":\"https:\/\/tribunadapraia.com.br\/wp-content\/uploads\/2020\/06\/IMG-20200615-WA0000.jpg\",\"contentUrl\":\"https:\/\/tribunadapraia.com.br\/wp-content\/uploads\/2020\/06\/IMG-20200615-WA0000.jpg\",\"width\":328,\"height\":340},{\"@type\":\"WebPage\",\"@id\":\"https:\/\/tribunadapraia.com.br\/?p=1435#webpage\",\"url\":\"https:\/\/tribunadapraia.com.br\/?p=1435\",\"name\":\"VEV\\u00c9: Everton Andrade \\u00e9 pr\\u00e9-candidato a prefeito em Barra dos Coqueiros - elei\\u00e7\\u00e3o caminha para a pulvetiza\\u00e7\\u00e3o - TRIBUNA DA PRAIA\",\"isPartOf\":{\"@id\":\"https:\/\/tribunadapraia.com.br\/#website\"},\"primaryImageOfPage\":{\"@id\":\"https:\/\/tribunadapraia.com.br\/?p=1435#primaryimage\"},\"datePublished\":\"2020-06-15T07:29:21+00:00\",\"dateModified\":\"2020-06-15T07:29:21+00:00\",\"breadcrumb\":{\"@id\":\"https:\/\/tribunadapraia.com.br\/?p=1435#breadcrumb\"},\"inLanguage\":\"pt-BR\",\"potentialAction\":[{\"@type\":\"ReadAction\",\"target\":[\"https:\/\/tribunadapraia.com.br\/?p=1435\"]}]},{\"@type\":\"BreadcrumbList\",\"@id\":\"https:\/\/tribunadapraia.com.br\/?p=1435#breadcrumb\",\"itemListElement\":[{\"@type\":\"ListItem\",\"position\":1,\"item\":{\"@type\":\"WebPage\",\"@id\":\"https:\/\/tribunadapraia.com.br\/\",\"url\":\"https:\/\/tribunadapraia.com.br\/\",\"name\":\"In\\u00edcio\"}},{\"@type\":\"ListItem\",\"position\":2,\"item\":{\"@id\":\"https:\/\/tribunadapraia.com.br\/?p=1435#webpage\"}}]},{\"@type\":\"Article\",\"@id\":\"https:\/\/tribunadapraia.com.br\/?p=1435#article\",\"isPartOf\":{\"@id\":\"https:\/\/tribunadapraia.com.br\/?p=1435#webpage\"},\"author\":{\"@id\":\"https:\/\/tribunadapraia.com.br\/#\/schema\/person\/099fbbf59acc5895c0d7d52b4fc46c97\"},\"headline\":\"VEV\\u00c9: Everton Andrade \\u00e9 pr\\u00e9-candidato a prefeito em Barra dos Coqueiros &#8211; elei\\u00e7\\u00e3o caminha para a pulvetiza\\u00e7\\u00e3o\",\"datePublished\":\"2020-06-15T07:29:21+00:00\",\"dateModified\":\"2020-06-15T07:29:21+00:00\",\"mainEntityOfPage\":{\"@id\":\"https:\/\/tribunadapraia.com.br\/?p=1435#webpage\"},\"wordCount\":183,\"commentCount\":0,\"publisher\":{\"@id\":\"https:\/\/tribunadapraia.com.br\/#organization\"},\"image\":{\"@id\":\"https:\/\/tribunadapraia.com.br\/?p=1435#primaryimage\"},\"thumbnailUrl\":\"https:\/\/tribunadapraia.com.br\/wp-content\/uploads\/2020\/06\/IMG-20200615-WA0000.jpg\",\"articleSection\":[\"Not\\u00edcias\"],\"inLanguage\":\"pt-BR\",\"potentialAction\":[{\"@type\":\"CommentAction\",\"name\":\"Comment\",\"target\":[\"https:\/\/tribunadapraia.com.br\/?p=1435#respond\"]}]},{\"@type\":\"Person\",\"@id\":\"https:\/\/tribunadapraia.com.br\/#\/schema\/person\/099fbbf59acc5895c0d7d52b4fc46c97\",\"name\":\"Reda\\u00e7\\u00e3o\",\"image\":{\"@type\":\"ImageObject\",\"@id\":\"https:\/\/tribunadapraia.com.br\/#personlogo\",\"inLanguage\":\"pt-BR\",\"url\":\"https:\/\/secure.gravatar.com\/avatar\/91c8b91d2bfd7784eac5c3e055361f64?s=96&d=identicon&r=g\",\"contentUrl\":\"https:\/\/secure.gravatar.com\/avatar\/91c8b91d2bfd7784eac5c3e055361f64?s=96&d=identicon&r=g\",\"caption\":\"Reda\\u00e7\\u00e3o\"}}]}<\/script>\n<!-- \/ Yoast SEO plugin. -->","wps_subtitle":"","_links":{"self":[{"href":"https:\/\/tribunadapraia.com.br\/index.php?rest_route=\/wp\/v2\/posts\/1435"}],"collection":[{"href":"https:\/\/tribunadapraia.com.br\/index.php?rest_route=\/wp\/v2\/posts"}],"about":[{"href":"https:\/\/tribunadapraia.com.br\/index.php?rest_route=\/wp\/v2\/types\/post"}],"author":[{"embeddable":true,"href":"https:\/\/tribunadapraia.com.br\/index.php?rest_route=\/wp\/v2\/users\/3"}],"replies":[{"embeddable":true,"href":"https:\/\/tribunadapraia.com.br\/index.php?rest_route=%2Fwp%2Fv2%2Fcomments&post=1435"}],"version-history":[{"count":1,"href":"https:\/\/tribunadapraia.com.br\/index.php?rest_route=\/wp\/v2\/posts\/1435\/revisions"}],"predecessor-version":[{"id":1436,"href":"https:\/\/tribunadapraia.com.br\/index.php?rest_route=\/wp\/v2\/posts\/1435\/revisions\/1436"}],"wp:featuredmedia":[{"embeddable":true,"href":"https:\/\/tribunadapraia.com.br\/index.php?rest_route=\/wp\/v2\/media\/1429"}],"wp:attachment":[{"href":"https:\/\/tribunadapraia.com.br\/index.php?rest_route=%2Fwp%2Fv2%2Fmedia&parent=1435"}],"wp:term":[{"taxonomy":"category","embeddable":true,"href":"https:\/\/tribunadapraia.com.br\/index.php?rest_route=%2Fwp%2Fv2%2Fcategories&post=1435"},{"taxonomy":"post_tag","embeddable":true,"href":"https:\/\/tribunadapraia.com.br\/index.php?rest_route=%2Fwp%2Fv2%2Ftags&post=1435"}],"curies":[{"name":"wp","href":"https:\/\/api.w.org\/{rel}","templated":true}]}}