{"id":1422,"date":"2020-06-14T05:59:09","date_gmt":"2020-06-14T08:59:09","guid":{"rendered":"https:\/\/tribunadapraia.com.br\/?p=1422"},"modified":"2020-06-14T06:00:34","modified_gmt":"2020-06-14T09:00:34","slug":"relatorio-das-despesas-com-inscricoes-e-treinamentos-da-camara-minicipal-de-cedro-de-sao-joao-sergipe","status":"publish","type":"post","link":"https:\/\/tribunadapraia.com.br\/?p=1422","title":{"rendered":"RELAT\u00d3RIO DAS DESPESAS COM INSCRI\u00c7\u00d5ES E TREINAMENTOS DA C\u00c2MARA MINICIPAL DE CEDRO DE S\u00c3O JO\u00c3O\/SERGIPE"},"content":{"rendered":"<p>de 2017 a Abril de 2020.<\/p>\n<p>\u25a0 Inscri\u00e7\u00f5es: 2017!<\/p>\n<p>R$ 3.600,00 &#8211; VALOR QUE SE EMPENHA PARA COBRIR DESPESAS COM 6 (SEIS) INSCRI\u00c7\u00d5ES PRA PARTICIPAR DO XXV SEMIN\u00c1RIO INTERESTADUAL DE AGENTES P\u00daBLICOS E POL\u00cdTICOS, A SER REALIZADO NO PER\u00cdODO DE 24 A 27 DE MAR\u00c7O DE 2017, EM PAULO AFONSO\/BA. (CAP TREINAMENTOS E CONGRESSOS LTDA).<\/p>\n<p>R$ 1.800,00 &#8211; VALOR QUE SE EMPENHA PARA ATENDER DESPESAS COM 3 (TR\u00caS) INSCRI\u00c7\u00d5ES PRA PARTICIPAR DO XXVII SEMIN\u00c1RIO INTERESTADUAL DE AGENTES P\u00daBLICOS E POL\u00cdTICOS, A SER REALIZADO NO PER\u00cdODO DE 27 A 30 DE ABRIL DE 2017, EM CONDE\/BA. (CAP TREINAMENTOS E CONGRESSOS LTDA).<\/p>\n<p>R$ 1.800,00 &#8211; VALOR QUE SE EMPENHA PARA ATENDER DESPESAS COM 3 (TR\u00caS) INSCRI\u00c7\u00d5ES PRA PARTICIPAR DO XXXI SEMIN\u00c1RIO INTERESTADUAL DE AGENTES P\u00daBLICOS E POL\u00cdTICOS, A SER REALIZADO NO PER\u00cdODO DE 30 DE JUNHO A 03 DE JULHO DE 2017, EM ARAPIRACA\/AL. (CAP TREINAMENTOS E CONGRESSOS LTDA).<\/p>\n<p>R$ 2.400,00 &#8211; VALOR QUE SE EMPENHA PARA ATENDER DESPESAS COM 4 (QUATRO) IINSCRI\u00c7\u00d5ES PRA PARTICIPAR DO XXXIII SEMIN\u00c1RIO INTERESTADUAL DE AGENTES P\u00daBLICOS E POL\u00cdTICOS, A SER REALIZADO NO PER\u00cdODO DE 25 A 28 DE AGOSTO DE 2017, EM MACEI\u00d3\/AL. (CAP TREINAMENTOS E CONGRESSOS LTDA)<\/p>\n<p>R$ 1.200,00 &#8211; VALOR QUE SE EMPENHA PARA COBRIR DESPESAS COM 2 (DUAS) INSCRI\u00c7\u00d5ES PRA PARTICIPAR DO XXXV SEMIN\u00c1RIO INTERESTADUAL DE AGENTES P\u00daBLICOS E POL\u00cdTICOS, A SER REALIZADO NO PER\u00cdODO DE 22 A 25 DE SETEMBRO DE 2017, EM PAULO AFONSO\/BA. (CAP TREINAMENTOS E CONGRESSOS LTDA).<\/p>\n<p>R$ 1.200,00 &#8211; VALOR QUE SE EMPENHA PARA ATENDER DESPESAS COM 2 (DUAS) INSCRI\u00c7\u00d5ES PARA PARTICIPAR DO XL SEMIN\u00c1RIO INTERESTADUAL DE AGENTES P\u00daBLICOS E POL\u00cdTICOS, A SER REALIZADO NO PER\u00cdODO DE 08 A 11 DE DEZEMBRO DE 2017, EM MACEI\u00d3\/AL. (CAP TREINAMENTOS E CONGRESSOS LTDA).<\/p>\n<p>R$ 600,00 &#8211; VALOR QUE SE EMPENHA PARA ATENDER DESPESAS COM 1 (UMA) INSCRI\u00c7\u00c3O PRA PARTICIPAR DO XXXVI SEMIN\u00c1RIO INTERESTADUAL DE AGENTES P\u00daBLICOS E POL\u00cdTICOS, A SER REALIZADO NOS DIAS 07 E 08 DE OUTUBRO DE 2017, EM ARACAJU\/SE. (CAP TREINAMENTOS E CONGRESSOS LTDA).<\/p>\n<p>R$ 1.800,00 &#8211; VALOR QUE SE EMPENHA PARA ATENDER DESPESAS COM 3 (DUAS) INSCRI\u00c7\u00d5ES PARA PARTICIPAR DO XLII SEMIN\u00c1RIO INTERESTADUAL DE AGENTES P\u00daBLICOS E POL\u00cdTICOS, A SER REALIZADO NO PER\u00cdODO DE 27 A 30 DE DEZEMBRO DE 2017, EM MACEI\u00d3\/AL. (CAP TREINAMENTOS E CONGRESSOS LTDA).<\/p>\n<p>No ano de 2017, a C\u00c2MAR\u00c1 MUNICIPAL DE CEDRO DE S\u00c3O JO\u00c3O\/SE pagou somente em inscri\u00e7\u00f5es para \u201cSemin\u00e1rios\u201d o valor de R$ 14.400,00. Como foram 24 inscri\u00e7\u00f5es, d\u00e1 uma m\u00e9dia de R$600,00 por inscri\u00e7\u00e3o!<\/p>\n<p>\u25a0 Inscri\u00e7\u00f5es: 2018!<\/p>\n<p>R$1.200,00 &#8211; VALOR QUE SE EMPENHA PARA ATENDER DESPESAS COM 2 (DUAS) INSCRI\u00c7\u00d5ES PARA PARTICIPAR DO 11\u00ba ENCONTRO BRASILEIRO DE AGENTES P\u00daBLICOS, A SER REALIZADO NO PER\u00cdODO DE 26 A 29 DE JANEIRO DE 2018, EM MACEI\u00d3\/AL. (ICAP &#8211; INSTITUTO DE CAPACITACAO DE AGENTES PUBLICOS LTDA)<\/p>\n<p>R$ 1.200,00 &#8211; VALOR QUE SE EMPENHA PARA ATENDER DESPESAS COM 2 (DUAS) INSCRI\u00c7\u00d5ES PARA PARTICIPAR DO XLV SEMIN\u00c1RIO INTERESTADUAL DE AGENTES P\u00daBLICOS E POL\u00cdTICOS, A SER REALIZADO NO PER\u00cdODO DE 23 A 26 DE FEVEREIRO DE 2018, EM MACEI\u00d3\/AL. (CAP TREINAMENTOS E CONGRESSOS LTDA).<\/p>\n<p>R$1.200,00 &#8211; VALOR QUE SE EMPENHA PARA ATENDER DESPESAS COM 2 (DUAS) INSCRI\u00c7\u00d5ES PARA PARTICIPAR DO XLVII SEMIN\u00c1RIO INTERESTADUAL DE AGENTES P\u00daBLICOS E POL\u00cdTICOS, A SER REALIZADO NO PER\u00cdODO DE 06 A 09 DE ABRIL DE 2018, EM PAULO AFONSO\/BA. (CAP TREINAMENTOS E CONGRESSOS LTDA).<\/p>\n<p>R$ 1.200,00 &#8211; VALOR QUE SE EMPENHA PARA ATENDER DESPESAS COM 2 (DUAS) INSCRI\u00c7\u00d5ES PARA PARTICIPAR DO XLVII SEMIN\u00c1RIO INTERESTADUAL DE AGENTES P\u00daBLICOS E POL\u00cdTICOS, A SER REALIZADO NO PER\u00cdODO DE 06 A 09 DE ABRIL DE 2018, EM PAULO AFONSO\/BA. (CAP TREINAMENTOS E CONGRESSOS LTDA).<\/p>\n<p>R$1.200,00 &#8211; VALOR QUE SE EMPENHA PARA ATENDER DESPESAS COM 2 (DUAS) INSCRI\u00c7\u00d5ES PARA PARTICIPAR DO XLIX SEMIN\u00c1RIO INTERESTADUAL DE AGENTES P\u00daBLICOS E POL\u00cdTICOS, A SER REALIZADO NO PER\u00cdODO DE 25 A 28 DE MAIO DE 2018, EM MACEI\u00d3\/AL. (CAP TREINAMENTOS E CONGRESSOS LTDA).<\/p>\n<p>R$1.200,00 &#8211; VALOR QUE SE EMPENHA PARA ATENDER DESPESAS COM 2 (DUAS) INSCRI\u00c7\u00d5ES PARA PARTICIPAR DO L SEMIN\u00c1RIO INTERESTADUAL DE AGENTES P\u00daBLICOS E POL\u00cdTICOS, A SER REALIZADO NO PER\u00cdODO DE 08 A 11 DE JUNHO DE 2018, EM ARAPIRACA\/AL. (CAP TREINAMENTOS E CONGRESSOS LTDA).<\/p>\n<p>R$ 600,00 &#8211; VALOR QUE SE EMPENHA PARA ATENDER DESPESAS COM 1 (UMA) INSCRI\u00c7\u00d5ES PARA PARTICIPAR DO L SEMIN\u00c1RIO INTERESTADUAL DE AGENTES P\u00daBLICOS E POL\u00cdTICOS, A SER REALIZADO NO PER\u00cdODO DE 08 A 11 DE JUNHO DE 2018, EM ARAPIRACA\/AL. (CAP TREINAMENTOS E CONGRESSOS LTDA).<\/p>\n<p>R$ 1.200,00 &#8211; VALOR QUE SE EMPENHA PARA ATENDER DESPESAS COM 02 (DUAS ) INSCRI\u00c7\u00d5ES DO LIV SEMIN\u00c1RIO INTERESTADUAL DE AGENTES P\u00daBLICOS E POL\u00cdTICOS, A SER REALIZADO NO PER\u00cdODO DE 03 A 06 DE AGOSTO DE 2018, EM PAULO AFONSO\/BA. (CAP TREINAMENTOS E CONGRESSOS LTDA).<\/p>\n<p>No ano de 2018, a C\u00c2MARA MUNICIPAL DE CEDRO DE S\u00c3O JO\u00c3O\/SE pagou somente em inscri\u00e7\u00f5es para \u201cSemin\u00e1rios\u201d o valor de R$ 9.000,00. Como foram 15 inscri\u00e7\u00f5es, CADA INSCRI\u00c7\u00c3O CUSTOU R$600,00.<\/p>\n<p>\u25a0 Inscri\u00e7\u00f5es: 2019!<\/p>\n<p>R$ 1.800,00 &#8211; VALOR QUE SE EMPRENHA REFERENTE A 03 (TR\u00caS) INSCRI\u00c7\u00d5ES DO LXIV SEMIN\u00c1RIO INTERESTADUAL DE AGENTES P\u00daBLICOS E POL\u00cdTICOS, A SER REALIZADO NO PER\u00cdODO DE 22 A 25 DE FEVEREIRO DE 2019, NO MUNIC\u00cdPIO DE MACEI\u00d3\/AL. (CAP TREINAMENTOS E CONGRESSOS LTDA).<\/p>\n<p>R$1.200,00 &#8211; REFERENTE AO CONTRATO QUE TEM POR OBJETO \u00c0 REALIZA\u00c7\u00c3O DE INSCRI\u00c7\u00c3O PARA PARTICIPA\u00c7\u00c3O DE 02 (DOIS) VEREADORES DESTA CASA LEGISLATIVA NO 7\u00ba CONGRESSO NACIONAL PARA GESTORES P\u00daBLICOS, QUE OCORRER\u00c1 NO PER\u00cdODO DE 26 A 29 DE ABRIL DE 2019 EM MACEI\u00d3\/AL. (ETEC EMPRESA DE TREINAMENTO ESPECIALIZACAO E CAPACITACAO LTDA)<\/p>\n<p>R$ 1.800,00 &#8211; VALOR QUE SE EMPRENHA REFERENTE A 03 (TR\u00caS) INSCRI\u00c7\u00d5ES DO LXVII SEMIN\u00c1RIO INTERESTADUAL DE AGENTES P\u00daBLICOS E POL\u00cdTICOS, A SER REALIZADO NO PER\u00cdODO DE 20 A 23 DE JUNHO DE 2019, NO MUNIC\u00cdPIO DE PAULO AFONSO\/BA. (CAP TREINAMENTOS E CONGRESSOS LTDA).<\/p>\n<p>R$1.200,00 &#8211; VALOR QUE SE EMPRENHA REFERENTE A 02 (DOIS) INSCRI\u00c7\u00d5ES DO LXVIII SEMIN\u00c1RIO INTERESTADUAL DE AGENTES P\u00daBLICOS E POL\u00cdTICOS, A SER REALIZADO NO PER\u00cdODO DE 02 A 05 DE AGOSTO DE 2019, NO MUNIC\u00cdPIO DE MACEIO\/AL. (CAP TREINAMENTOS E CONGRESSOS LTDA).<\/p>\n<p>R$ 1.800,00 &#8211; REFERENTE A TR\u00caS (03) INSCRI\u00c7\u00d5ES PARA O 42\u00b0 ENCONTRO BRASILEIRO DE AGENTES P\u00daBLICOS, QUE OCORRER\u00c1 NO PER\u00cdODO DE 26 A 29 DE SETEMBRO DE 2019, NA CIDADE DE MACEI\u00d3\/AL. (ETEC EMPRESA DE TREINAMENTO ESPECIALIZACAO E CAPACITACAO LTDA)<\/p>\n<p>R$3.000,00 &#8211; REFERENTE A CINCO (05) INSCRI\u00c7\u00d5ES DE SERVIDORES DESTA CASA LEGISLATIVA, PARA O CONGRESSO INTERESTADUAL DE AGENTES P\u00daBLICOS, QUE SER\u00c1 REALIZADO NO PER\u00cdODO DE 22 A 25 DE NOVEMBRO\/2019, NA CIDADE DE PETROLINA\/PE. (PRO ATIVA CAPACITACAO)<\/p>\n<p>No ano de 2019, a C\u00c2MARA MUNICIPAL DE CEDRO DE S\u00c3O JO\u00c3O\/SE pagou somente em inscri\u00e7\u00f5es para \u201cSemin\u00e1rios\u201d o valor de R$ 10.800,00. Como foram 18 inscri\u00e7\u00f5es, CADA INSCRI\u00c7\u00c3O CUSTOU R$600,00!<\/p>\n<p>De 01 de janeiro at\u00e9 31 de mar\u00e7o de 2020, C\u00e2mara Municipal de Cedro de S\u00e3o Jo\u00e3o\/SE, gastou apenas com inscri\u00e7\u00f5es para eventos o valor total de R$ 34.200,00 (Trinta e quatro mil e duzentos reais).<\/p>\n<p>SOMADO OS VALORES ENTRE INSCRI\u00c7\u00d5ES, CONGRESSOS E TREINAMENTOS GASTOS PELOS(AS) VEREADORES(AS) ENTRE OS DIAS 01 DE JANEIRO DE 2017 E A PRESENTE DATA, OBTEMOS UM TOTAL DE R$ 84.900!<\/p>\n<p>\u25cf Algumas indaga\u00e7\u00f5es:<\/p>\n<p>A) Que semin\u00e1rios t\u00e3o importantes s\u00e3o esses que a inscri\u00e7\u00e3o individual chega a custar R$ 600?<\/p>\n<p>B) Ser\u00e1 que com esse valor n\u00e3o se conseguiria realizar eventos na pr\u00f3pria cidade a com isso possibilitar a participa\u00e7\u00e3o de outras pessoas al\u00e9m dos membros oficiais da casa legislativa?<\/p>\n<p>C) Qual a repercuss\u00e3o positiva desses semin\u00e1rios para os(as) cidad\u00e3os\/cidad\u00e3s de Cedro de S\u00e3o Jo\u00e3o\/SE?<\/p>\n<p>D) Quais foram os conte\u00fados espec\u00edficos desses semin\u00e1rios e qual aproveitamento para o legislativo municipal em suas a\u00e7\u00f5es sociais?<\/p>\n<p>E) Ser\u00e1 que esse valor n\u00e3o poderia ser utilizado de forma mais racional, mais conectada com a realidade e precis\u00e3o dos cidad\u00e3os de Cedro de S\u00e3o Jo\u00e3o\/SE, observando a necessidade de alguns indiv\u00edduos, algumas fam\u00edlias, alguns bairros?<br \/>\n_____<br \/>\n(*) Enviado por um\/a leitor\/a cujo nome ser\u00e1 preservada. Dentro da nossa linha editorial, o conte\u00fado foi checado e devidamente confirmadas \u00e0s informa\u00e7\u00f5es.<\/p>\n","protected":false},"excerpt":{"rendered":"<p>de 2017 a Abril de 2020. \u25a0 Inscri\u00e7\u00f5es: 2017! R$ 3.600,00 &#8211; VALOR QUE SE EMPENHA PARA COBRIR DESPESAS COM 6 (SEIS) INSCRI\u00c7\u00d5ES PRA PARTICIPAR DO XXV SEMIN\u00c1RIO INTERESTADUAL DE AGENTES P\u00daBLICOS E POL\u00cdTICOS, A SER REALIZADO NO PER\u00cdODO DE 24 A 27 DE MAR\u00c7O DE 2017, EM PAULO AFONSO\/BA. (CAP TREINAMENTOS E CONGRESSOS LTDA). R$ 1.800,00 &#8211; VALOR QUE SE EMPENHA PARA ATENDER DESPESAS COM 3 (TR\u00caS) INSCRI\u00c7\u00d5ES PRA<\/p>\n","protected":false},"author":1,"featured_media":1423,"comment_status":"open","ping_status":"open","sticky":false,"template":"","format":"standard","meta":[],"categories":[18],"tags":[],"yoast_head":"<!-- This site is optimized with the Yoast SEO plugin v16.3 - https:\/\/yoast.com\/wordpress\/plugins\/seo\/ -->\n<title>RELAT\u00d3RIO DAS DESPESAS COM INSCRI\u00c7\u00d5ES E TREINAMENTOS DA C\u00c2MARA MINICIPAL DE CEDRO DE S\u00c3O JO\u00c3O\/SERGIPE - TRIBUNA DA PRAIA<\/title>\n<meta name=\"robots\" content=\"index, follow, max-snippet:-1, max-image-preview:large, max-video-preview:-1\" \/>\n<link rel=\"canonical\" href=\"https:\/\/tribunadapraia.com.br\/?p=1422\" \/>\n<meta property=\"og:locale\" content=\"pt_BR\" \/>\n<meta property=\"og:type\" content=\"article\" \/>\n<meta property=\"og:title\" content=\"RELAT\u00d3RIO DAS DESPESAS COM INSCRI\u00c7\u00d5ES E TREINAMENTOS DA C\u00c2MARA MINICIPAL DE CEDRO DE S\u00c3O JO\u00c3O\/SERGIPE - TRIBUNA DA PRAIA\" \/>\n<meta property=\"og:description\" content=\"de 2017 a Abril de 2020. \u25a0 Inscri\u00e7\u00f5es: 2017! R$ 3.600,00 &#8211; VALOR QUE SE EMPENHA PARA COBRIR DESPESAS COM 6 (SEIS) INSCRI\u00c7\u00d5ES PRA PARTICIPAR DO XXV SEMIN\u00c1RIO INTERESTADUAL DE AGENTES P\u00daBLICOS E POL\u00cdTICOS, A SER REALIZADO NO PER\u00cdODO DE 24 A 27 DE MAR\u00c7O DE 2017, EM PAULO AFONSO\/BA. (CAP TREINAMENTOS E CONGRESSOS LTDA). R$ 1.800,00 &#8211; VALOR QUE SE EMPENHA PARA ATENDER DESPESAS COM 3 (TR\u00caS) INSCRI\u00c7\u00d5ES PRA\" \/>\n<meta property=\"og:url\" content=\"https:\/\/tribunadapraia.com.br\/?p=1422\" \/>\n<meta property=\"og:site_name\" content=\"TRIBUNA DA PRAIA\" \/>\n<meta property=\"article:publisher\" content=\"https:\/\/www.facebook.com\/tribunadapraiaonline\/\" \/>\n<meta property=\"article:published_time\" content=\"2020-06-14T08:59:09+00:00\" \/>\n<meta property=\"article:modified_time\" content=\"2020-06-14T09:00:34+00:00\" \/>\n<meta property=\"og:image\" content=\"https:\/\/tribunadapraia.com.br\/wp-content\/uploads\/2020\/06\/IMG-20200614-WA0008.jpg\" \/>\n\t<meta property=\"og:image:width\" content=\"929\" \/>\n\t<meta property=\"og:image:height\" content=\"675\" \/>\n<meta name=\"twitter:card\" content=\"summary_large_image\" \/>\n<meta name=\"twitter:creator\" content=\"@Claudomir21\" \/>\n<meta name=\"twitter:site\" content=\"@Claudomir21\" \/>\n<meta name=\"twitter:label1\" content=\"Est. tempo de leitura\">\n\t<meta name=\"twitter:data1\" content=\"7 minutos\">\n<script type=\"application\/ld+json\" class=\"yoast-schema-graph\">{\"@context\":\"https:\/\/schema.org\",\"@graph\":[{\"@type\":\"Organization\",\"@id\":\"https:\/\/tribunadapraia.com.br\/#organization\",\"name\":\"Tribuna da Praia\",\"url\":\"https:\/\/tribunadapraia.com.br\/\",\"sameAs\":[\"https:\/\/www.facebook.com\/tribunadapraiaonline\/\",\"https:\/\/www.instagram.com\/claudomirtavares\/\",\"https:\/\/www.youtube.com\/channel\/UCwQf80nxiMzCefAyjbp53Rw\",\"https:\/\/twitter.com\/Claudomir21\"],\"logo\":{\"@type\":\"ImageObject\",\"@id\":\"https:\/\/tribunadapraia.com.br\/#logo\",\"inLanguage\":\"pt-BR\",\"url\":\"https:\/\/tribunadapraia.com.br\/wp-content\/uploads\/2020\/02\/logo.png\",\"contentUrl\":\"https:\/\/tribunadapraia.com.br\/wp-content\/uploads\/2020\/02\/logo.png\",\"width\":501,\"height\":121,\"caption\":\"Tribuna da Praia\"},\"image\":{\"@id\":\"https:\/\/tribunadapraia.com.br\/#logo\"}},{\"@type\":\"WebSite\",\"@id\":\"https:\/\/tribunadapraia.com.br\/#website\",\"url\":\"https:\/\/tribunadapraia.com.br\/\",\"name\":\"TRIBUNA DA PRAIA\",\"description\":\"O 1\\u00ba jornal do interior de Sergipe na internet\",\"publisher\":{\"@id\":\"https:\/\/tribunadapraia.com.br\/#organization\"},\"potentialAction\":[{\"@type\":\"SearchAction\",\"target\":\"https:\/\/tribunadapraia.com.br\/?s={search_term_string}\",\"query-input\":\"required name=search_term_string\"}],\"inLanguage\":\"pt-BR\"},{\"@type\":\"ImageObject\",\"@id\":\"https:\/\/tribunadapraia.com.br\/?p=1422#primaryimage\",\"inLanguage\":\"pt-BR\",\"url\":\"https:\/\/tribunadapraia.com.br\/wp-content\/uploads\/2020\/06\/IMG-20200614-WA0008.jpg\",\"contentUrl\":\"https:\/\/tribunadapraia.com.br\/wp-content\/uploads\/2020\/06\/IMG-20200614-WA0008.jpg\",\"width\":929,\"height\":675},{\"@type\":\"WebPage\",\"@id\":\"https:\/\/tribunadapraia.com.br\/?p=1422#webpage\",\"url\":\"https:\/\/tribunadapraia.com.br\/?p=1422\",\"name\":\"RELAT\\u00d3RIO DAS DESPESAS COM INSCRI\\u00c7\\u00d5ES E TREINAMENTOS DA C\\u00c2MARA MINICIPAL DE CEDRO DE S\\u00c3O JO\\u00c3O\/SERGIPE - TRIBUNA DA PRAIA\",\"isPartOf\":{\"@id\":\"https:\/\/tribunadapraia.com.br\/#website\"},\"primaryImageOfPage\":{\"@id\":\"https:\/\/tribunadapraia.com.br\/?p=1422#primaryimage\"},\"datePublished\":\"2020-06-14T08:59:09+00:00\",\"dateModified\":\"2020-06-14T09:00:34+00:00\",\"breadcrumb\":{\"@id\":\"https:\/\/tribunadapraia.com.br\/?p=1422#breadcrumb\"},\"inLanguage\":\"pt-BR\",\"potentialAction\":[{\"@type\":\"ReadAction\",\"target\":[\"https:\/\/tribunadapraia.com.br\/?p=1422\"]}]},{\"@type\":\"BreadcrumbList\",\"@id\":\"https:\/\/tribunadapraia.com.br\/?p=1422#breadcrumb\",\"itemListElement\":[{\"@type\":\"ListItem\",\"position\":1,\"item\":{\"@type\":\"WebPage\",\"@id\":\"https:\/\/tribunadapraia.com.br\/\",\"url\":\"https:\/\/tribunadapraia.com.br\/\",\"name\":\"In\\u00edcio\"}},{\"@type\":\"ListItem\",\"position\":2,\"item\":{\"@id\":\"https:\/\/tribunadapraia.com.br\/?p=1422#webpage\"}}]},{\"@type\":\"Article\",\"@id\":\"https:\/\/tribunadapraia.com.br\/?p=1422#article\",\"isPartOf\":{\"@id\":\"https:\/\/tribunadapraia.com.br\/?p=1422#webpage\"},\"author\":{\"@id\":\"https:\/\/tribunadapraia.com.br\/#\/schema\/person\/326b0a9f3163b479142c64eba4928de0\"},\"headline\":\"RELAT\\u00d3RIO DAS DESPESAS COM INSCRI\\u00c7\\u00d5ES E TREINAMENTOS DA C\\u00c2MARA MINICIPAL DE CEDRO DE S\\u00c3O JO\\u00c3O\/SERGIPE\",\"datePublished\":\"2020-06-14T08:59:09+00:00\",\"dateModified\":\"2020-06-14T09:00:34+00:00\",\"mainEntityOfPage\":{\"@id\":\"https:\/\/tribunadapraia.com.br\/?p=1422#webpage\"},\"wordCount\":1391,\"commentCount\":0,\"publisher\":{\"@id\":\"https:\/\/tribunadapraia.com.br\/#organization\"},\"image\":{\"@id\":\"https:\/\/tribunadapraia.com.br\/?p=1422#primaryimage\"},\"thumbnailUrl\":\"https:\/\/tribunadapraia.com.br\/wp-content\/uploads\/2020\/06\/IMG-20200614-WA0008.jpg\",\"articleSection\":[\"Not\\u00edcias\"],\"inLanguage\":\"pt-BR\",\"potentialAction\":[{\"@type\":\"CommentAction\",\"name\":\"Comment\",\"target\":[\"https:\/\/tribunadapraia.com.br\/?p=1422#respond\"]}]},{\"@type\":\"Person\",\"@id\":\"https:\/\/tribunadapraia.com.br\/#\/schema\/person\/326b0a9f3163b479142c64eba4928de0\",\"name\":\"tribunadapraia\",\"image\":{\"@type\":\"ImageObject\",\"@id\":\"https:\/\/tribunadapraia.com.br\/#personlogo\",\"inLanguage\":\"pt-BR\",\"url\":\"https:\/\/secure.gravatar.com\/avatar\/38b019c74762496076b7355024a0dad9?s=96&d=identicon&r=g\",\"contentUrl\":\"https:\/\/secure.gravatar.com\/avatar\/38b019c74762496076b7355024a0dad9?s=96&d=identicon&r=g\",\"caption\":\"tribunadapraia\"}}]}<\/script>\n<!-- \/ Yoast SEO plugin. -->","wps_subtitle":"","_links":{"self":[{"href":"https:\/\/tribunadapraia.com.br\/index.php?rest_route=\/wp\/v2\/posts\/1422"}],"collection":[{"href":"https:\/\/tribunadapraia.com.br\/index.php?rest_route=\/wp\/v2\/posts"}],"about":[{"href":"https:\/\/tribunadapraia.com.br\/index.php?rest_route=\/wp\/v2\/types\/post"}],"author":[{"embeddable":true,"href":"https:\/\/tribunadapraia.com.br\/index.php?rest_route=\/wp\/v2\/users\/1"}],"replies":[{"embeddable":true,"href":"https:\/\/tribunadapraia.com.br\/index.php?rest_route=%2Fwp%2Fv2%2Fcomments&post=1422"}],"version-history":[{"count":1,"href":"https:\/\/tribunadapraia.com.br\/index.php?rest_route=\/wp\/v2\/posts\/1422\/revisions"}],"predecessor-version":[{"id":1424,"href":"https:\/\/tribunadapraia.com.br\/index.php?rest_route=\/wp\/v2\/posts\/1422\/revisions\/1424"}],"wp:featuredmedia":[{"embeddable":true,"href":"https:\/\/tribunadapraia.com.br\/index.php?rest_route=\/wp\/v2\/media\/1423"}],"wp:attachment":[{"href":"https:\/\/tribunadapraia.com.br\/index.php?rest_route=%2Fwp%2Fv2%2Fmedia&parent=1422"}],"wp:term":[{"taxonomy":"category","embeddable":true,"href":"https:\/\/tribunadapraia.com.br\/index.php?rest_route=%2Fwp%2Fv2%2Fcategories&post=1422"},{"taxonomy":"post_tag","embeddable":true,"href":"https:\/\/tribunadapraia.com.br\/index.php?rest_route=%2Fwp%2Fv2%2Ftags&post=1422"}],"curies":[{"name":"wp","href":"https:\/\/api.w.org\/{rel}","templated":true}]}}