{"id":1418,"date":"2020-06-10T04:40:18","date_gmt":"2020-06-10T07:40:18","guid":{"rendered":"https:\/\/tribunadapraia.com.br\/?p=1418"},"modified":"2020-06-10T04:45:42","modified_gmt":"2020-06-10T07:45:42","slug":"professores-de-pirambu-cobram-ferias-vencidas-e-salario-de-maio","status":"publish","type":"post","link":"https:\/\/tribunadapraia.com.br\/?p=1418","title":{"rendered":"Professores de Pirambu cobram f\u00e9rias vencidas e sal\u00e1rio de maio"},"content":{"rendered":"<p>F\u00e9rias est\u00e3o vencidas desde o in\u00edcio do ano, segundo Sintese (Foto: facebook Governo Municipal de Pirambu)<\/p>\n<p>Os professores da rede p\u00fablica no munic\u00edpio de Pirambu est\u00e3o na expectativa que at\u00e9 esta quarta-feira, 10, o prefeito H\u00e9lio Martins realize o pagamento do sal\u00e1rio de maio da categoria e anuncie as datas para o pagamento das f\u00e9rias dos profissionais.<\/p>\n<p>De acordo com Sindicato dos Trabalhadores da Educa\u00e7\u00e3o de Sergipe (Sintese), os professores t\u00eam direito a uma parcela das f\u00e9rias em janeiro de todos os anos, e uma outra parte \u00e9 paga no final de abril. \u201cNenhuma das duas foram pagas. N\u00f3s viemos cobrando todo esse tempo, mas o prefeito n\u00e3o recebe a comiss\u00e3o de negocia\u00e7\u00e3o do Sintese. Essa semana tive uma atualiza\u00e7\u00e3o de que seremos recebidos amanh\u00e3 (quarta-feira, 9), ent\u00e3o esperamos uma not\u00edcia positiva\u201d, explica a professora Maria Auxiliadora, coordenadora da base municipal do Sintese no Vale do Cotiguiba.<\/p>\n<p>Os atrasos de pagamentos no munic\u00edpio de Pirambu s\u00e3o constantes, segundo os professores. Em 2020, a situa\u00e7\u00e3o do munic\u00edpio foi enquadrada como uma das mais cr\u00edticas em todo o estado. Em 2019, a categoria chegou a ficar 70 dias sem receber sal\u00e1rio, segundo o Sintese.<\/p>\n<p>A Prefeitura de Pirambu, por meio da Secretaria de Comunica\u00e7\u00e3o, informou que o pagamento dos sal\u00e1rios tem ocorrido ap\u00f3s o dia 10, que seria um acordo feito com a classe. Sobre as f\u00e9rias, o munic\u00edpio informou que s\u00f3 ter\u00e1 um posicionamento nesta quarta-feira, 10.<\/p>\n<p>por \u00cdcaro Novaes | Infonet<\/p>\n","protected":false},"excerpt":{"rendered":"<p>F\u00e9rias est\u00e3o vencidas desde o in\u00edcio do ano, segundo Sintese (Foto: facebook Governo Municipal de Pirambu) Os professores da rede p\u00fablica no munic\u00edpio de Pirambu est\u00e3o na expectativa que at\u00e9 esta quarta-feira, 10, o prefeito H\u00e9lio Martins realize o pagamento do sal\u00e1rio de maio da categoria e anuncie as datas para o pagamento das f\u00e9rias dos profissionais. De acordo com Sindicato dos Trabalhadores da Educa\u00e7\u00e3o de Sergipe (Sintese), os professores<\/p>\n","protected":false},"author":1,"featured_media":847,"comment_status":"open","ping_status":"open","sticky":false,"template":"","format":"standard","meta":[],"categories":[18],"tags":[],"yoast_head":"<!-- This site is optimized with the Yoast SEO plugin v16.3 - https:\/\/yoast.com\/wordpress\/plugins\/seo\/ -->\n<title>Professores de Pirambu cobram f\u00e9rias vencidas e sal\u00e1rio de maio - TRIBUNA DA PRAIA<\/title>\n<meta name=\"robots\" content=\"index, follow, max-snippet:-1, max-image-preview:large, max-video-preview:-1\" \/>\n<link rel=\"canonical\" href=\"https:\/\/tribunadapraia.com.br\/?p=1418\" \/>\n<meta property=\"og:locale\" content=\"pt_BR\" \/>\n<meta property=\"og:type\" content=\"article\" \/>\n<meta property=\"og:title\" content=\"Professores de Pirambu cobram f\u00e9rias vencidas e sal\u00e1rio de maio - TRIBUNA DA PRAIA\" \/>\n<meta property=\"og:description\" content=\"F\u00e9rias est\u00e3o vencidas desde o in\u00edcio do ano, segundo Sintese (Foto: facebook Governo Municipal de Pirambu) Os professores da rede p\u00fablica no munic\u00edpio de Pirambu est\u00e3o na expectativa que at\u00e9 esta quarta-feira, 10, o prefeito H\u00e9lio Martins realize o pagamento do sal\u00e1rio de maio da categoria e anuncie as datas para o pagamento das f\u00e9rias dos profissionais. De acordo com Sindicato dos Trabalhadores da Educa\u00e7\u00e3o de Sergipe (Sintese), os professores\" \/>\n<meta property=\"og:url\" content=\"https:\/\/tribunadapraia.com.br\/?p=1418\" \/>\n<meta property=\"og:site_name\" content=\"TRIBUNA DA PRAIA\" \/>\n<meta property=\"article:publisher\" content=\"https:\/\/www.facebook.com\/tribunadapraiaonline\/\" \/>\n<meta property=\"article:published_time\" content=\"2020-06-10T07:40:18+00:00\" \/>\n<meta property=\"article:modified_time\" content=\"2020-06-10T07:45:42+00:00\" \/>\n<meta property=\"og:image\" content=\"https:\/\/tribunadapraia.com.br\/wp-content\/uploads\/2020\/03\/IMG-20200324-WA0031.jpg\" \/>\n\t<meta property=\"og:image:width\" content=\"540\" \/>\n\t<meta property=\"og:image:height\" content=\"510\" \/>\n<meta name=\"twitter:card\" content=\"summary_large_image\" \/>\n<meta name=\"twitter:creator\" content=\"@Claudomir21\" \/>\n<meta name=\"twitter:site\" content=\"@Claudomir21\" \/>\n<meta name=\"twitter:label1\" content=\"Est. tempo de leitura\">\n\t<meta name=\"twitter:data1\" content=\"1 minuto\">\n<script type=\"application\/ld+json\" class=\"yoast-schema-graph\">{\"@context\":\"https:\/\/schema.org\",\"@graph\":[{\"@type\":\"Organization\",\"@id\":\"https:\/\/tribunadapraia.com.br\/#organization\",\"name\":\"Tribuna da Praia\",\"url\":\"https:\/\/tribunadapraia.com.br\/\",\"sameAs\":[\"https:\/\/www.facebook.com\/tribunadapraiaonline\/\",\"https:\/\/www.instagram.com\/claudomirtavares\/\",\"https:\/\/www.youtube.com\/channel\/UCwQf80nxiMzCefAyjbp53Rw\",\"https:\/\/twitter.com\/Claudomir21\"],\"logo\":{\"@type\":\"ImageObject\",\"@id\":\"https:\/\/tribunadapraia.com.br\/#logo\",\"inLanguage\":\"pt-BR\",\"url\":\"https:\/\/tribunadapraia.com.br\/wp-content\/uploads\/2020\/02\/logo.png\",\"contentUrl\":\"https:\/\/tribunadapraia.com.br\/wp-content\/uploads\/2020\/02\/logo.png\",\"width\":501,\"height\":121,\"caption\":\"Tribuna da Praia\"},\"image\":{\"@id\":\"https:\/\/tribunadapraia.com.br\/#logo\"}},{\"@type\":\"WebSite\",\"@id\":\"https:\/\/tribunadapraia.com.br\/#website\",\"url\":\"https:\/\/tribunadapraia.com.br\/\",\"name\":\"TRIBUNA DA PRAIA\",\"description\":\"O 1\\u00ba jornal do interior de Sergipe na internet\",\"publisher\":{\"@id\":\"https:\/\/tribunadapraia.com.br\/#organization\"},\"potentialAction\":[{\"@type\":\"SearchAction\",\"target\":\"https:\/\/tribunadapraia.com.br\/?s={search_term_string}\",\"query-input\":\"required name=search_term_string\"}],\"inLanguage\":\"pt-BR\"},{\"@type\":\"ImageObject\",\"@id\":\"https:\/\/tribunadapraia.com.br\/?p=1418#primaryimage\",\"inLanguage\":\"pt-BR\",\"url\":\"https:\/\/tribunadapraia.com.br\/wp-content\/uploads\/2020\/03\/IMG-20200324-WA0031.jpg\",\"contentUrl\":\"https:\/\/tribunadapraia.com.br\/wp-content\/uploads\/2020\/03\/IMG-20200324-WA0031.jpg\",\"width\":540,\"height\":510},{\"@type\":\"WebPage\",\"@id\":\"https:\/\/tribunadapraia.com.br\/?p=1418#webpage\",\"url\":\"https:\/\/tribunadapraia.com.br\/?p=1418\",\"name\":\"Professores de Pirambu cobram f\\u00e9rias vencidas e sal\\u00e1rio de maio - TRIBUNA DA PRAIA\",\"isPartOf\":{\"@id\":\"https:\/\/tribunadapraia.com.br\/#website\"},\"primaryImageOfPage\":{\"@id\":\"https:\/\/tribunadapraia.com.br\/?p=1418#primaryimage\"},\"datePublished\":\"2020-06-10T07:40:18+00:00\",\"dateModified\":\"2020-06-10T07:45:42+00:00\",\"breadcrumb\":{\"@id\":\"https:\/\/tribunadapraia.com.br\/?p=1418#breadcrumb\"},\"inLanguage\":\"pt-BR\",\"potentialAction\":[{\"@type\":\"ReadAction\",\"target\":[\"https:\/\/tribunadapraia.com.br\/?p=1418\"]}]},{\"@type\":\"BreadcrumbList\",\"@id\":\"https:\/\/tribunadapraia.com.br\/?p=1418#breadcrumb\",\"itemListElement\":[{\"@type\":\"ListItem\",\"position\":1,\"item\":{\"@type\":\"WebPage\",\"@id\":\"https:\/\/tribunadapraia.com.br\/\",\"url\":\"https:\/\/tribunadapraia.com.br\/\",\"name\":\"In\\u00edcio\"}},{\"@type\":\"ListItem\",\"position\":2,\"item\":{\"@id\":\"https:\/\/tribunadapraia.com.br\/?p=1418#webpage\"}}]},{\"@type\":\"Article\",\"@id\":\"https:\/\/tribunadapraia.com.br\/?p=1418#article\",\"isPartOf\":{\"@id\":\"https:\/\/tribunadapraia.com.br\/?p=1418#webpage\"},\"author\":{\"@id\":\"https:\/\/tribunadapraia.com.br\/#\/schema\/person\/326b0a9f3163b479142c64eba4928de0\"},\"headline\":\"Professores de Pirambu cobram f\\u00e9rias vencidas e sal\\u00e1rio de maio\",\"datePublished\":\"2020-06-10T07:40:18+00:00\",\"dateModified\":\"2020-06-10T07:45:42+00:00\",\"mainEntityOfPage\":{\"@id\":\"https:\/\/tribunadapraia.com.br\/?p=1418#webpage\"},\"wordCount\":274,\"commentCount\":0,\"publisher\":{\"@id\":\"https:\/\/tribunadapraia.com.br\/#organization\"},\"image\":{\"@id\":\"https:\/\/tribunadapraia.com.br\/?p=1418#primaryimage\"},\"thumbnailUrl\":\"https:\/\/tribunadapraia.com.br\/wp-content\/uploads\/2020\/03\/IMG-20200324-WA0031.jpg\",\"articleSection\":[\"Not\\u00edcias\"],\"inLanguage\":\"pt-BR\",\"potentialAction\":[{\"@type\":\"CommentAction\",\"name\":\"Comment\",\"target\":[\"https:\/\/tribunadapraia.com.br\/?p=1418#respond\"]}]},{\"@type\":\"Person\",\"@id\":\"https:\/\/tribunadapraia.com.br\/#\/schema\/person\/326b0a9f3163b479142c64eba4928de0\",\"name\":\"tribunadapraia\",\"image\":{\"@type\":\"ImageObject\",\"@id\":\"https:\/\/tribunadapraia.com.br\/#personlogo\",\"inLanguage\":\"pt-BR\",\"url\":\"https:\/\/secure.gravatar.com\/avatar\/38b019c74762496076b7355024a0dad9?s=96&d=identicon&r=g\",\"contentUrl\":\"https:\/\/secure.gravatar.com\/avatar\/38b019c74762496076b7355024a0dad9?s=96&d=identicon&r=g\",\"caption\":\"tribunadapraia\"}}]}<\/script>\n<!-- \/ Yoast SEO plugin. -->","wps_subtitle":"","_links":{"self":[{"href":"https:\/\/tribunadapraia.com.br\/index.php?rest_route=\/wp\/v2\/posts\/1418"}],"collection":[{"href":"https:\/\/tribunadapraia.com.br\/index.php?rest_route=\/wp\/v2\/posts"}],"about":[{"href":"https:\/\/tribunadapraia.com.br\/index.php?rest_route=\/wp\/v2\/types\/post"}],"author":[{"embeddable":true,"href":"https:\/\/tribunadapraia.com.br\/index.php?rest_route=\/wp\/v2\/users\/1"}],"replies":[{"embeddable":true,"href":"https:\/\/tribunadapraia.com.br\/index.php?rest_route=%2Fwp%2Fv2%2Fcomments&post=1418"}],"version-history":[{"count":2,"href":"https:\/\/tribunadapraia.com.br\/index.php?rest_route=\/wp\/v2\/posts\/1418\/revisions"}],"predecessor-version":[{"id":1420,"href":"https:\/\/tribunadapraia.com.br\/index.php?rest_route=\/wp\/v2\/posts\/1418\/revisions\/1420"}],"wp:featuredmedia":[{"embeddable":true,"href":"https:\/\/tribunadapraia.com.br\/index.php?rest_route=\/wp\/v2\/media\/847"}],"wp:attachment":[{"href":"https:\/\/tribunadapraia.com.br\/index.php?rest_route=%2Fwp%2Fv2%2Fmedia&parent=1418"}],"wp:term":[{"taxonomy":"category","embeddable":true,"href":"https:\/\/tribunadapraia.com.br\/index.php?rest_route=%2Fwp%2Fv2%2Fcategories&post=1418"},{"taxonomy":"post_tag","embeddable":true,"href":"https:\/\/tribunadapraia.com.br\/index.php?rest_route=%2Fwp%2Fv2%2Ftags&post=1418"}],"curies":[{"name":"wp","href":"https:\/\/api.w.org\/{rel}","templated":true}]}}