{"id":1414,"date":"2020-06-10T04:06:45","date_gmt":"2020-06-10T07:06:45","guid":{"rendered":"https:\/\/tribunadapraia.com.br\/?p=1414"},"modified":"2020-06-10T04:13:10","modified_gmt":"2020-06-10T07:13:10","slug":"manifesto-dos-policiais-antifascismo","status":"publish","type":"post","link":"https:\/\/tribunadapraia.com.br\/?p=1414","title":{"rendered":"MANIFESTO DOS POLICIAIS ANTIFASCISMO"},"content":{"rendered":"<p>O Movimento dos Policiais Antifascismo \u00e9 um campo de atua\u00e7\u00e3o pol\u00edtica, n\u00e3o institucionalizada e suprapartid\u00e1ria, formado por trabalhadoras e trabalhadores do sistema de seguran\u00e7a p\u00fablica, representados por policiais civis e militares estaduais e federais, bombeiros, guardas municipais, agentes penitenci\u00e1rios e do sistema socioeducativo.<\/p>\n<p>Reunidos nos dias 28 e 29 de setembro, na cidade do Rio de Janeiro, em plen\u00e1ria final do I Semin\u00e1rio Nacional dos Policiais Antifascismo, na sede da OAB-RJ, deliberamos o presente Manifesto, visando divulgar as nossas pautas e reivindica\u00e7\u00f5es para conhecimento de todas as categorias policiais, movimentos sociais e institui\u00e7\u00f5es interessadas na luta antifascismo e na constru\u00e7\u00e3o de uma sociedade mais justa.<\/p>\n<p>1) O fascismo \u00e9 um modo de vida, que se manifesta como rea\u00e7\u00e3o violenta de \u00f3dio \u00e0s diferen\u00e7as. Ele aponta a guerra, as armas e o sistema penal como solu\u00e7\u00e3o para problemas sociais, esvaziando as a\u00e7\u00f5es politicas que efetivamente podem realizar transforma\u00e7\u00f5es sociais. O Movimento Policiais Antifascismo se coloca, neste momento hist\u00f3rico de crescimento do autoritarismo no Brasil, como uma for\u00e7a viva contra estas manifesta\u00e7\u00f5es, na perspectiva da constru\u00e7\u00e3o de uma pol\u00edtica de seguran\u00e7a p\u00fablica democr\u00e1tica e pautada na garantia dos direitos humanos para todos.<\/p>\n<p>2) Policiais devem ser constru\u00eddos como trabalhadores! O reconhecimento do direito de greve, de livre associa\u00e7\u00e3o, de livre filia\u00e7\u00e3o partid\u00e1ria, bem como o fim das pris\u00f5es administrativas, s\u00e3o marcos nesta luta contra a condi\u00e7\u00e3o de subcidadania \u00e0 qual muitos policiais est\u00e3o submetidos. Acreditamos que este \u00e9 o \u00fanico caminho pelo qual policiais possam vir a se reconhecer na luta dos demais trabalhadores, sendo ent\u00e3o reconhecidos por toda classe trabalhadora como irm\u00e3os na luta antifascismo.<\/p>\n<p>3) N\u00e3o estamos em guerra! Qualquer tentativa midi\u00e1tico-policial de construir tal discurso como pol\u00edtica p\u00fablica tem por objetivo legitimar as pol\u00edticas racistas de massacre, promovidas pelo Estado contra a popula\u00e7\u00e3o negra, pobre e perif\u00e9rica de nosso pa\u00eds. Tal pol\u00edtica belicista acaba tamb\u00e9m por vitimar policiais, que operam na base das corpora\u00e7\u00f5es do sistema de seguran\u00e7a, recrutados nos mesmos estratos sociais daqueles que s\u00e3o constru\u00eddos como os seus \u201cinimigos\u201d.<\/p>\n<p>4) A desmilitariza\u00e7\u00e3o da seguran\u00e7a p\u00fablica se coloca como uma pauta urgente. Somos contra a participa\u00e7\u00e3o das For\u00e7as Armadas em a\u00e7\u00f5es de seguran\u00e7a e defendemos a desvincula\u00e7\u00e3o das policias militares estaduais como for\u00e7as auxiliares do Ex\u00e9rcito. N\u00e3o podemos mais aceitar que policiais sejam reduzidos \u00e0 condi\u00e7\u00e3o de soldados, despido de muitos dos seus direitos como cidad\u00e3os e trabalhadores, ao mesmo tempo em que se estabelece um modelo de seguran\u00e7a pautado em a\u00e7\u00f5es militares violentas e letais contra a nossa popula\u00e7\u00e3o.<\/p>\n<p>5) \u00c9 preciso por fim \u00e0s politicas de proibi\u00e7\u00e3o das drogas, que tem servido como dispositivo da militariza\u00e7\u00e3o da seguran\u00e7a, sob o falso argumento de prote\u00e7\u00e3o \u00e0 sa\u00fade p\u00fablica. As a\u00e7\u00f5es militares contra o com\u00e9rcio das drogas feitas il\u00edcitas acabam por gerar um quadro de destrui\u00e7\u00e3o e de dor, principalmente nas popula\u00e7\u00f5es pobres. A proibi\u00e7\u00e3o das drogas mata mais do que o consumo das drogas, revelando assim a irracionalidade deste modelo proibicionista.<\/p>\n<p>6) O Movimento Policiais Antifascismo coloca ainda como urg\u00eancia o debate sobre a reestrutura\u00e7\u00e3o das for\u00e7as policiais em nosso pa\u00eds, atrav\u00e9s da abertura do di\u00e1logo horizontal entre todas as categorias de trabalhadoras e trabalhadores da seguran\u00e7a p\u00fablica com a sociedade.<\/p>\n<p>\u00c9 preciso discutir a hierarquiza\u00e7\u00e3o das for\u00e7as policiais, que cria um sistema de castas que permite privil\u00e9gios \u00e0queles que est\u00e3o nas c\u00fapulas, em detrimento do trabalho \u00e1rduo e sem prote\u00e7\u00e3o daqueles que est\u00e3o em contato com o dia a dia da popula\u00e7\u00e3o. Pautas como o ciclo completo, carreira \u00fanica, unifica\u00e7\u00e3o das policias, entre outras, que hoje tramitam em projetos de emendas constitucionais do Congresso, devem ser amplamente discutidas por todas as categorias policiais e n\u00e3o apenas no interesse daquelas que se encontram na dire\u00e7\u00e3o e comando destas corpora\u00e7\u00f5es.<\/p>\n<p>7) Entendemos, por fim, que estas pautas e reivindica\u00e7\u00f5es atendem aos interesses das classes policiais trabalhadoras, bem como aos anseios de todos os setores progressistas da sociedade, que desejam e lutam por uma vida n\u00e3o fascista em uma sociedade justa e igualit\u00e1ria.<br \/>\nPostado h\u00e1 1st March 2018 por policiais antifascismo<\/p>\n<p>Policiais antifascismo<\/p>\n","protected":false},"excerpt":{"rendered":"<p>O Movimento dos Policiais Antifascismo \u00e9 um campo de atua\u00e7\u00e3o pol\u00edtica, n\u00e3o institucionalizada e suprapartid\u00e1ria, formado por trabalhadoras e trabalhadores do sistema de seguran\u00e7a p\u00fablica, representados por policiais civis e militares estaduais e federais, bombeiros, guardas municipais, agentes penitenci\u00e1rios e do sistema socioeducativo. Reunidos nos dias 28 e 29 de setembro, na cidade do Rio de Janeiro, em plen\u00e1ria final do I Semin\u00e1rio Nacional dos Policiais Antifascismo, na sede da<\/p>\n","protected":false},"author":1,"featured_media":1417,"comment_status":"open","ping_status":"open","sticky":false,"template":"","format":"standard","meta":[],"categories":[18],"tags":[],"yoast_head":"<!-- This site is optimized with the Yoast SEO plugin v16.3 - https:\/\/yoast.com\/wordpress\/plugins\/seo\/ -->\n<title>MANIFESTO DOS POLICIAIS ANTIFASCISMO - TRIBUNA DA PRAIA<\/title>\n<meta name=\"robots\" content=\"index, follow, max-snippet:-1, max-image-preview:large, max-video-preview:-1\" \/>\n<link rel=\"canonical\" href=\"https:\/\/tribunadapraia.com.br\/?p=1414\" \/>\n<meta property=\"og:locale\" content=\"pt_BR\" \/>\n<meta property=\"og:type\" content=\"article\" \/>\n<meta property=\"og:title\" content=\"MANIFESTO DOS POLICIAIS ANTIFASCISMO - TRIBUNA DA PRAIA\" \/>\n<meta property=\"og:description\" content=\"O Movimento dos Policiais Antifascismo \u00e9 um campo de atua\u00e7\u00e3o pol\u00edtica, n\u00e3o institucionalizada e suprapartid\u00e1ria, formado por trabalhadoras e trabalhadores do sistema de seguran\u00e7a p\u00fablica, representados por policiais civis e militares estaduais e federais, bombeiros, guardas municipais, agentes penitenci\u00e1rios e do sistema socioeducativo. Reunidos nos dias 28 e 29 de setembro, na cidade do Rio de Janeiro, em plen\u00e1ria final do I Semin\u00e1rio Nacional dos Policiais Antifascismo, na sede da\" \/>\n<meta property=\"og:url\" content=\"https:\/\/tribunadapraia.com.br\/?p=1414\" \/>\n<meta property=\"og:site_name\" content=\"TRIBUNA DA PRAIA\" \/>\n<meta property=\"article:publisher\" content=\"https:\/\/www.facebook.com\/tribunadapraiaonline\/\" \/>\n<meta property=\"article:published_time\" content=\"2020-06-10T07:06:45+00:00\" \/>\n<meta property=\"article:modified_time\" content=\"2020-06-10T07:13:10+00:00\" \/>\n<meta property=\"og:image\" content=\"https:\/\/tribunadapraia.com.br\/wp-content\/uploads\/2020\/06\/IMG-20200610-WA0009.jpg\" \/>\n\t<meta property=\"og:image:width\" content=\"540\" \/>\n\t<meta property=\"og:image:height\" content=\"640\" \/>\n<meta name=\"twitter:card\" content=\"summary_large_image\" \/>\n<meta name=\"twitter:creator\" content=\"@Claudomir21\" \/>\n<meta name=\"twitter:site\" content=\"@Claudomir21\" \/>\n<meta name=\"twitter:label1\" content=\"Est. tempo de leitura\">\n\t<meta name=\"twitter:data1\" content=\"4 minutos\">\n<script type=\"application\/ld+json\" class=\"yoast-schema-graph\">{\"@context\":\"https:\/\/schema.org\",\"@graph\":[{\"@type\":\"Organization\",\"@id\":\"https:\/\/tribunadapraia.com.br\/#organization\",\"name\":\"Tribuna da Praia\",\"url\":\"https:\/\/tribunadapraia.com.br\/\",\"sameAs\":[\"https:\/\/www.facebook.com\/tribunadapraiaonline\/\",\"https:\/\/www.instagram.com\/claudomirtavares\/\",\"https:\/\/www.youtube.com\/channel\/UCwQf80nxiMzCefAyjbp53Rw\",\"https:\/\/twitter.com\/Claudomir21\"],\"logo\":{\"@type\":\"ImageObject\",\"@id\":\"https:\/\/tribunadapraia.com.br\/#logo\",\"inLanguage\":\"pt-BR\",\"url\":\"https:\/\/tribunadapraia.com.br\/wp-content\/uploads\/2020\/02\/logo.png\",\"contentUrl\":\"https:\/\/tribunadapraia.com.br\/wp-content\/uploads\/2020\/02\/logo.png\",\"width\":501,\"height\":121,\"caption\":\"Tribuna da Praia\"},\"image\":{\"@id\":\"https:\/\/tribunadapraia.com.br\/#logo\"}},{\"@type\":\"WebSite\",\"@id\":\"https:\/\/tribunadapraia.com.br\/#website\",\"url\":\"https:\/\/tribunadapraia.com.br\/\",\"name\":\"TRIBUNA DA PRAIA\",\"description\":\"O 1\\u00ba jornal do interior de Sergipe na internet\",\"publisher\":{\"@id\":\"https:\/\/tribunadapraia.com.br\/#organization\"},\"potentialAction\":[{\"@type\":\"SearchAction\",\"target\":\"https:\/\/tribunadapraia.com.br\/?s={search_term_string}\",\"query-input\":\"required name=search_term_string\"}],\"inLanguage\":\"pt-BR\"},{\"@type\":\"ImageObject\",\"@id\":\"https:\/\/tribunadapraia.com.br\/?p=1414#primaryimage\",\"inLanguage\":\"pt-BR\",\"url\":\"https:\/\/tribunadapraia.com.br\/wp-content\/uploads\/2020\/06\/IMG-20200610-WA0009.jpg\",\"contentUrl\":\"https:\/\/tribunadapraia.com.br\/wp-content\/uploads\/2020\/06\/IMG-20200610-WA0009.jpg\",\"width\":540,\"height\":640},{\"@type\":\"WebPage\",\"@id\":\"https:\/\/tribunadapraia.com.br\/?p=1414#webpage\",\"url\":\"https:\/\/tribunadapraia.com.br\/?p=1414\",\"name\":\"MANIFESTO DOS POLICIAIS ANTIFASCISMO - TRIBUNA DA PRAIA\",\"isPartOf\":{\"@id\":\"https:\/\/tribunadapraia.com.br\/#website\"},\"primaryImageOfPage\":{\"@id\":\"https:\/\/tribunadapraia.com.br\/?p=1414#primaryimage\"},\"datePublished\":\"2020-06-10T07:06:45+00:00\",\"dateModified\":\"2020-06-10T07:13:10+00:00\",\"breadcrumb\":{\"@id\":\"https:\/\/tribunadapraia.com.br\/?p=1414#breadcrumb\"},\"inLanguage\":\"pt-BR\",\"potentialAction\":[{\"@type\":\"ReadAction\",\"target\":[\"https:\/\/tribunadapraia.com.br\/?p=1414\"]}]},{\"@type\":\"BreadcrumbList\",\"@id\":\"https:\/\/tribunadapraia.com.br\/?p=1414#breadcrumb\",\"itemListElement\":[{\"@type\":\"ListItem\",\"position\":1,\"item\":{\"@type\":\"WebPage\",\"@id\":\"https:\/\/tribunadapraia.com.br\/\",\"url\":\"https:\/\/tribunadapraia.com.br\/\",\"name\":\"In\\u00edcio\"}},{\"@type\":\"ListItem\",\"position\":2,\"item\":{\"@id\":\"https:\/\/tribunadapraia.com.br\/?p=1414#webpage\"}}]},{\"@type\":\"Article\",\"@id\":\"https:\/\/tribunadapraia.com.br\/?p=1414#article\",\"isPartOf\":{\"@id\":\"https:\/\/tribunadapraia.com.br\/?p=1414#webpage\"},\"author\":{\"@id\":\"https:\/\/tribunadapraia.com.br\/#\/schema\/person\/326b0a9f3163b479142c64eba4928de0\"},\"headline\":\"MANIFESTO DOS POLICIAIS ANTIFASCISMO\",\"datePublished\":\"2020-06-10T07:06:45+00:00\",\"dateModified\":\"2020-06-10T07:13:10+00:00\",\"mainEntityOfPage\":{\"@id\":\"https:\/\/tribunadapraia.com.br\/?p=1414#webpage\"},\"wordCount\":750,\"commentCount\":0,\"publisher\":{\"@id\":\"https:\/\/tribunadapraia.com.br\/#organization\"},\"image\":{\"@id\":\"https:\/\/tribunadapraia.com.br\/?p=1414#primaryimage\"},\"thumbnailUrl\":\"https:\/\/tribunadapraia.com.br\/wp-content\/uploads\/2020\/06\/IMG-20200610-WA0009.jpg\",\"articleSection\":[\"Not\\u00edcias\"],\"inLanguage\":\"pt-BR\",\"potentialAction\":[{\"@type\":\"CommentAction\",\"name\":\"Comment\",\"target\":[\"https:\/\/tribunadapraia.com.br\/?p=1414#respond\"]}]},{\"@type\":\"Person\",\"@id\":\"https:\/\/tribunadapraia.com.br\/#\/schema\/person\/326b0a9f3163b479142c64eba4928de0\",\"name\":\"tribunadapraia\",\"image\":{\"@type\":\"ImageObject\",\"@id\":\"https:\/\/tribunadapraia.com.br\/#personlogo\",\"inLanguage\":\"pt-BR\",\"url\":\"https:\/\/secure.gravatar.com\/avatar\/38b019c74762496076b7355024a0dad9?s=96&d=identicon&r=g\",\"contentUrl\":\"https:\/\/secure.gravatar.com\/avatar\/38b019c74762496076b7355024a0dad9?s=96&d=identicon&r=g\",\"caption\":\"tribunadapraia\"}}]}<\/script>\n<!-- \/ Yoast SEO plugin. -->","wps_subtitle":"","_links":{"self":[{"href":"https:\/\/tribunadapraia.com.br\/index.php?rest_route=\/wp\/v2\/posts\/1414"}],"collection":[{"href":"https:\/\/tribunadapraia.com.br\/index.php?rest_route=\/wp\/v2\/posts"}],"about":[{"href":"https:\/\/tribunadapraia.com.br\/index.php?rest_route=\/wp\/v2\/types\/post"}],"author":[{"embeddable":true,"href":"https:\/\/tribunadapraia.com.br\/index.php?rest_route=\/wp\/v2\/users\/1"}],"replies":[{"embeddable":true,"href":"https:\/\/tribunadapraia.com.br\/index.php?rest_route=%2Fwp%2Fv2%2Fcomments&post=1414"}],"version-history":[{"count":1,"href":"https:\/\/tribunadapraia.com.br\/index.php?rest_route=\/wp\/v2\/posts\/1414\/revisions"}],"predecessor-version":[{"id":1416,"href":"https:\/\/tribunadapraia.com.br\/index.php?rest_route=\/wp\/v2\/posts\/1414\/revisions\/1416"}],"wp:featuredmedia":[{"embeddable":true,"href":"https:\/\/tribunadapraia.com.br\/index.php?rest_route=\/wp\/v2\/media\/1417"}],"wp:attachment":[{"href":"https:\/\/tribunadapraia.com.br\/index.php?rest_route=%2Fwp%2Fv2%2Fmedia&parent=1414"}],"wp:term":[{"taxonomy":"category","embeddable":true,"href":"https:\/\/tribunadapraia.com.br\/index.php?rest_route=%2Fwp%2Fv2%2Fcategories&post=1414"},{"taxonomy":"post_tag","embeddable":true,"href":"https:\/\/tribunadapraia.com.br\/index.php?rest_route=%2Fwp%2Fv2%2Ftags&post=1414"}],"curies":[{"name":"wp","href":"https:\/\/api.w.org\/{rel}","templated":true}]}}