{"id":1405,"date":"2020-06-06T10:45:40","date_gmt":"2020-06-06T13:45:40","guid":{"rendered":"https:\/\/tribunadapraia.com.br\/?p=1405"},"modified":"2020-06-06T10:45:40","modified_gmt":"2020-06-06T13:45:40","slug":"amaral-lemos-volta-as-aulas-em-sistema-modalidade-remoto-nao-presencial","status":"publish","type":"post","link":"https:\/\/tribunadapraia.com.br\/?p=1405","title":{"rendered":"AMARAL LEMOS: Volta \u00e0s aulas em sistema\/modalidade remoto, n\u00e3o presencial"},"content":{"rendered":"<p>Suspensas desde 16 de mar\u00e7o em fun\u00e7\u00e3o do necess\u00e1rio isolamento e distanciamento social por conta da pandemia do novo corona v\u00edrus (Covid-19), \u00e0s aulas do Col\u00e9gio Estadual Jos\u00e9 Amaral Lemos, em Pirambu, ser\u00e3o reiniciadas nesta segunda-feira, 08, em sistema\/modalidade remoto, n\u00e3o presencial (utilizando-se das mais diversas plataformas &#8211; de \u00e1udio, v\u00edddo e texto) com turnos e hor\u00e1rios reduzidos (25 minutos horas\/aulas), conforme hor\u00e1rio quinzenal disponibilizado pela institui\u00e7\u00e3o.<\/p>\n<p>&#8211; Manh\u00e2: Das 9:00 \u00e0s 10:25 horas.<br \/>\n&#8211; Tarde: Das 14:00 \u00e0s 15:55 horas.<br \/>\n&#8211; Noite: Das19:00 \u00e0s 20:55.<\/p>\n<p>Informa\u00e7\u00f5es adicionais ser\u00e3o postadas &#8211; e atualizadas nas redes sociais da eacola, acess\u00edveis a comunidadr do Amaral Lemos e a sociedade pirambuense.<\/p>\n<p>por ClaudOmir Herzog<\/p>\n","protected":false},"excerpt":{"rendered":"<p>Suspensas desde 16 de mar\u00e7o em fun\u00e7\u00e3o do necess\u00e1rio isolamento e distanciamento social por conta da pandemia do novo corona v\u00edrus (Covid-19), \u00e0s aulas do Col\u00e9gio Estadual Jos\u00e9 Amaral Lemos, em Pirambu, ser\u00e3o reiniciadas nesta segunda-feira, 08, em sistema\/modalidade remoto, n\u00e3o presencial (utilizando-se das mais diversas plataformas &#8211; de \u00e1udio, v\u00edddo e texto) com turnos e hor\u00e1rios reduzidos (25 minutos horas\/aulas), conforme hor\u00e1rio quinzenal disponibilizado pela institui\u00e7\u00e3o. &#8211; Manh\u00e2: Das<\/p>\n","protected":false},"author":3,"featured_media":1406,"comment_status":"open","ping_status":"open","sticky":false,"template":"","format":"standard","meta":[],"categories":[18],"tags":[],"yoast_head":"<!-- This site is optimized with the Yoast SEO plugin v16.3 - https:\/\/yoast.com\/wordpress\/plugins\/seo\/ -->\n<title>AMARAL LEMOS: Volta \u00e0s aulas em sistema\/modalidade remoto, n\u00e3o presencial - TRIBUNA DA PRAIA<\/title>\n<meta name=\"robots\" content=\"index, follow, max-snippet:-1, max-image-preview:large, max-video-preview:-1\" \/>\n<link rel=\"canonical\" href=\"https:\/\/tribunadapraia.com.br\/?p=1405\" \/>\n<meta property=\"og:locale\" content=\"pt_BR\" \/>\n<meta property=\"og:type\" content=\"article\" \/>\n<meta property=\"og:title\" content=\"AMARAL LEMOS: Volta \u00e0s aulas em sistema\/modalidade remoto, n\u00e3o presencial - TRIBUNA DA PRAIA\" \/>\n<meta property=\"og:description\" content=\"Suspensas desde 16 de mar\u00e7o em fun\u00e7\u00e3o do necess\u00e1rio isolamento e distanciamento social por conta da pandemia do novo corona v\u00edrus (Covid-19), \u00e0s aulas do Col\u00e9gio Estadual Jos\u00e9 Amaral Lemos, em Pirambu, ser\u00e3o reiniciadas nesta segunda-feira, 08, em sistema\/modalidade remoto, n\u00e3o presencial (utilizando-se das mais diversas plataformas &#8211; de \u00e1udio, v\u00edddo e texto) com turnos e hor\u00e1rios reduzidos (25 minutos horas\/aulas), conforme hor\u00e1rio quinzenal disponibilizado pela institui\u00e7\u00e3o. &#8211; Manh\u00e2: Das\" \/>\n<meta property=\"og:url\" content=\"https:\/\/tribunadapraia.com.br\/?p=1405\" \/>\n<meta property=\"og:site_name\" content=\"TRIBUNA DA PRAIA\" \/>\n<meta property=\"article:publisher\" content=\"https:\/\/www.facebook.com\/tribunadapraiaonline\/\" \/>\n<meta property=\"article:published_time\" content=\"2020-06-06T13:45:40+00:00\" \/>\n<meta property=\"og:image\" content=\"https:\/\/tribunadapraia.com.br\/wp-content\/uploads\/2020\/06\/IMG-20200606-WA0007.jpg\" \/>\n\t<meta property=\"og:image:width\" content=\"640\" \/>\n\t<meta property=\"og:image:height\" content=\"480\" \/>\n<meta name=\"twitter:card\" content=\"summary_large_image\" \/>\n<meta name=\"twitter:creator\" content=\"@Claudomir21\" \/>\n<meta name=\"twitter:site\" content=\"@Claudomir21\" \/>\n<meta name=\"twitter:label1\" content=\"Est. tempo de leitura\">\n\t<meta name=\"twitter:data1\" content=\"1 minuto\">\n<script type=\"application\/ld+json\" class=\"yoast-schema-graph\">{\"@context\":\"https:\/\/schema.org\",\"@graph\":[{\"@type\":\"Organization\",\"@id\":\"https:\/\/tribunadapraia.com.br\/#organization\",\"name\":\"Tribuna da Praia\",\"url\":\"https:\/\/tribunadapraia.com.br\/\",\"sameAs\":[\"https:\/\/www.facebook.com\/tribunadapraiaonline\/\",\"https:\/\/www.instagram.com\/claudomirtavares\/\",\"https:\/\/www.youtube.com\/channel\/UCwQf80nxiMzCefAyjbp53Rw\",\"https:\/\/twitter.com\/Claudomir21\"],\"logo\":{\"@type\":\"ImageObject\",\"@id\":\"https:\/\/tribunadapraia.com.br\/#logo\",\"inLanguage\":\"pt-BR\",\"url\":\"https:\/\/tribunadapraia.com.br\/wp-content\/uploads\/2020\/02\/logo.png\",\"contentUrl\":\"https:\/\/tribunadapraia.com.br\/wp-content\/uploads\/2020\/02\/logo.png\",\"width\":501,\"height\":121,\"caption\":\"Tribuna da Praia\"},\"image\":{\"@id\":\"https:\/\/tribunadapraia.com.br\/#logo\"}},{\"@type\":\"WebSite\",\"@id\":\"https:\/\/tribunadapraia.com.br\/#website\",\"url\":\"https:\/\/tribunadapraia.com.br\/\",\"name\":\"TRIBUNA DA PRAIA\",\"description\":\"O 1\\u00ba jornal do interior de Sergipe na internet\",\"publisher\":{\"@id\":\"https:\/\/tribunadapraia.com.br\/#organization\"},\"potentialAction\":[{\"@type\":\"SearchAction\",\"target\":\"https:\/\/tribunadapraia.com.br\/?s={search_term_string}\",\"query-input\":\"required name=search_term_string\"}],\"inLanguage\":\"pt-BR\"},{\"@type\":\"ImageObject\",\"@id\":\"https:\/\/tribunadapraia.com.br\/?p=1405#primaryimage\",\"inLanguage\":\"pt-BR\",\"url\":\"https:\/\/tribunadapraia.com.br\/wp-content\/uploads\/2020\/06\/IMG-20200606-WA0007.jpg\",\"contentUrl\":\"https:\/\/tribunadapraia.com.br\/wp-content\/uploads\/2020\/06\/IMG-20200606-WA0007.jpg\",\"width\":640,\"height\":480},{\"@type\":\"WebPage\",\"@id\":\"https:\/\/tribunadapraia.com.br\/?p=1405#webpage\",\"url\":\"https:\/\/tribunadapraia.com.br\/?p=1405\",\"name\":\"AMARAL LEMOS: Volta \\u00e0s aulas em sistema\/modalidade remoto, n\\u00e3o presencial - TRIBUNA DA PRAIA\",\"isPartOf\":{\"@id\":\"https:\/\/tribunadapraia.com.br\/#website\"},\"primaryImageOfPage\":{\"@id\":\"https:\/\/tribunadapraia.com.br\/?p=1405#primaryimage\"},\"datePublished\":\"2020-06-06T13:45:40+00:00\",\"dateModified\":\"2020-06-06T13:45:40+00:00\",\"breadcrumb\":{\"@id\":\"https:\/\/tribunadapraia.com.br\/?p=1405#breadcrumb\"},\"inLanguage\":\"pt-BR\",\"potentialAction\":[{\"@type\":\"ReadAction\",\"target\":[\"https:\/\/tribunadapraia.com.br\/?p=1405\"]}]},{\"@type\":\"BreadcrumbList\",\"@id\":\"https:\/\/tribunadapraia.com.br\/?p=1405#breadcrumb\",\"itemListElement\":[{\"@type\":\"ListItem\",\"position\":1,\"item\":{\"@type\":\"WebPage\",\"@id\":\"https:\/\/tribunadapraia.com.br\/\",\"url\":\"https:\/\/tribunadapraia.com.br\/\",\"name\":\"In\\u00edcio\"}},{\"@type\":\"ListItem\",\"position\":2,\"item\":{\"@id\":\"https:\/\/tribunadapraia.com.br\/?p=1405#webpage\"}}]},{\"@type\":\"Article\",\"@id\":\"https:\/\/tribunadapraia.com.br\/?p=1405#article\",\"isPartOf\":{\"@id\":\"https:\/\/tribunadapraia.com.br\/?p=1405#webpage\"},\"author\":{\"@id\":\"https:\/\/tribunadapraia.com.br\/#\/schema\/person\/099fbbf59acc5895c0d7d52b4fc46c97\"},\"headline\":\"AMARAL LEMOS: Volta \\u00e0s aulas em sistema\/modalidade remoto, n\\u00e3o presencial\",\"datePublished\":\"2020-06-06T13:45:40+00:00\",\"dateModified\":\"2020-06-06T13:45:40+00:00\",\"mainEntityOfPage\":{\"@id\":\"https:\/\/tribunadapraia.com.br\/?p=1405#webpage\"},\"wordCount\":131,\"commentCount\":1,\"publisher\":{\"@id\":\"https:\/\/tribunadapraia.com.br\/#organization\"},\"image\":{\"@id\":\"https:\/\/tribunadapraia.com.br\/?p=1405#primaryimage\"},\"thumbnailUrl\":\"https:\/\/tribunadapraia.com.br\/wp-content\/uploads\/2020\/06\/IMG-20200606-WA0007.jpg\",\"articleSection\":[\"Not\\u00edcias\"],\"inLanguage\":\"pt-BR\",\"potentialAction\":[{\"@type\":\"CommentAction\",\"name\":\"Comment\",\"target\":[\"https:\/\/tribunadapraia.com.br\/?p=1405#respond\"]}]},{\"@type\":\"Person\",\"@id\":\"https:\/\/tribunadapraia.com.br\/#\/schema\/person\/099fbbf59acc5895c0d7d52b4fc46c97\",\"name\":\"Reda\\u00e7\\u00e3o\",\"image\":{\"@type\":\"ImageObject\",\"@id\":\"https:\/\/tribunadapraia.com.br\/#personlogo\",\"inLanguage\":\"pt-BR\",\"url\":\"https:\/\/secure.gravatar.com\/avatar\/91c8b91d2bfd7784eac5c3e055361f64?s=96&d=identicon&r=g\",\"contentUrl\":\"https:\/\/secure.gravatar.com\/avatar\/91c8b91d2bfd7784eac5c3e055361f64?s=96&d=identicon&r=g\",\"caption\":\"Reda\\u00e7\\u00e3o\"}}]}<\/script>\n<!-- \/ Yoast SEO plugin. -->","wps_subtitle":"","_links":{"self":[{"href":"https:\/\/tribunadapraia.com.br\/index.php?rest_route=\/wp\/v2\/posts\/1405"}],"collection":[{"href":"https:\/\/tribunadapraia.com.br\/index.php?rest_route=\/wp\/v2\/posts"}],"about":[{"href":"https:\/\/tribunadapraia.com.br\/index.php?rest_route=\/wp\/v2\/types\/post"}],"author":[{"embeddable":true,"href":"https:\/\/tribunadapraia.com.br\/index.php?rest_route=\/wp\/v2\/users\/3"}],"replies":[{"embeddable":true,"href":"https:\/\/tribunadapraia.com.br\/index.php?rest_route=%2Fwp%2Fv2%2Fcomments&post=1405"}],"version-history":[{"count":1,"href":"https:\/\/tribunadapraia.com.br\/index.php?rest_route=\/wp\/v2\/posts\/1405\/revisions"}],"predecessor-version":[{"id":1407,"href":"https:\/\/tribunadapraia.com.br\/index.php?rest_route=\/wp\/v2\/posts\/1405\/revisions\/1407"}],"wp:featuredmedia":[{"embeddable":true,"href":"https:\/\/tribunadapraia.com.br\/index.php?rest_route=\/wp\/v2\/media\/1406"}],"wp:attachment":[{"href":"https:\/\/tribunadapraia.com.br\/index.php?rest_route=%2Fwp%2Fv2%2Fmedia&parent=1405"}],"wp:term":[{"taxonomy":"category","embeddable":true,"href":"https:\/\/tribunadapraia.com.br\/index.php?rest_route=%2Fwp%2Fv2%2Fcategories&post=1405"},{"taxonomy":"post_tag","embeddable":true,"href":"https:\/\/tribunadapraia.com.br\/index.php?rest_route=%2Fwp%2Fv2%2Ftags&post=1405"}],"curies":[{"name":"wp","href":"https:\/\/api.w.org\/{rel}","templated":true}]}}