{"id":1383,"date":"2020-06-01T14:48:52","date_gmt":"2020-06-01T17:48:52","guid":{"rendered":"https:\/\/tribunadapraia.com.br\/?p=1383"},"modified":"2020-06-01T14:56:47","modified_gmt":"2020-06-01T17:56:47","slug":"nota-politica-em-defesa-do-projeto-tamar-das-tartarugas-marinhas-e-da-reserva-biologica-de-santa-izabel","status":"publish","type":"post","link":"https:\/\/tribunadapraia.com.br\/?p=1383","title":{"rendered":"NOTA POL\u00cdTICA: Em defesa do Projeto Tamar, das tartarugas marinhas e da Reserva Biol\u00f3gica de Santa Izabel"},"content":{"rendered":"<p>O Partido Comunista Brasileiro (PCB) atrav\u00e9s do Comit\u00ea Municipal de Pirambu, v\u00eam a p\u00fablico manifestar e repudiar a pol\u00edtica predat\u00f3ria do presidente Jair Bolsonaro, do ministro do Meio Ambiente, Ricardo Sales, que atrav\u00e9s do ICMBio extinguiu \u00e0s bases do Projeto Tamar em Parnamirim (RN), da praia de Arembepe, em Cama\u00e7ari (BA) e Pirambu (SE), que ser\u00e3o concentradas a partir da base avan\u00e7ada em Salvador. A medida arbitr\u00e1ria &#8211; mais um golpe contra o meio ambiente, sem consulta aos atores sociais e \u00e0s comunidades, geram revolta e indigna\u00e7\u00e3o. Nesta semana do Meio Ambiente, conclamamos o povo brasileiro a resist\u00eancia.<\/p>\n<p>O Projeto TAMAR (Tartaruga Marinha) foi criado em 1980 pelo IBDF, atual IBAMA com a finalidade de proteger as cinco esp\u00e9cies de tartarugas marinhas presentes no Brasil &#8211; s\u00e3o sete no mundo. No munic\u00edpio de Pirambu, estado de Sergipe, foi instalada a primeira base do pa\u00eds, principal s\u00edtio de reprodu\u00e7\u00e3o\/desova da esp\u00e9cie Lepidochelys olivacea, carinhosamente e popularmente conhecida por Oliva.<\/p>\n<p>Resultado da fus\u00e3o da SUDEPE (Superintend\u00eancia do Desenvolvimento da Pesca) com o IBDF (Intituto Brasileiro do Desenvolvimrnto Florestal), nasceu em 22 de fevereiro de 1989 o IBAMA (Instituto Brasileiro do Meio Ambiente e dos Recursos Naturais Renov\u00e1veis) e o Projeto Tamar passou a integr\u00e1-lo, inclusive ampliando sua a\u00e7\u00e3o de prote\u00e7\u00e3o a tartaruga marinha e a a\u00e7\u00e3o de intera\u00e7\u00e3o comunit\u00e1ria, atrav\u00e9s da educa\u00e7\u00e3o ambiental e da propuls\u00e3o as manifesta\u00e7\u00f5es culturais, al\u00e9m do fomento a cadeia produtiva. A\u00e7\u00f5es est\u00e1s que fazem parte das nossas vidas, a exemplo de manuten\u00e7\u00e3o de grupos folcl\u00f3ricos (quadrilha junina, dan\u00e7a, capoeira e lari\u00f4), de artesanato (bordado), confec\u00e7\u00e3o, eventos como o Culturarte (Encontro de Cultura, Arte e Conserva\u00e7\u00e3o de Pirambu) &#8211; o \u00fanico que em Sergipe n\u00e3o se rendeu a cultura de massa, al\u00e9m do espa\u00e7o multicultural Clubinho da Tartaruga, s\u00f3 para citar os de maiores visibilidade.<\/p>\n<p>Com a cria\u00e7\u00e3o do ICMBIO (Instituto Chico Mendes de Conserva\u00e7\u00e3o da Biodiversidade) em 28 de agosto de 2007, resultado de uma divis\u00e3o das fun\u00e7\u00f5es do IBAMA, o Projeto Tamar passa a integr\u00e1-lo, sobrevivendo como instrumento de defesa da esp\u00e9cie que se prop\u00f5e preservar, contabilizando a soltura de 40 milh\u00f5es de filhotes em 40 anos de exist\u00eancia, fomento a cadeia produtiva, sendo imprescind\u00edvel sua import\u00e2ncia s\u00f3cio-econ\u00f4mica, a Base do Projeto Tamar em Pirambu \u00e9 um patrim\u00f4nio do povo brasileiro.<\/p>\n<p>Pela sua natureza, urge a necessidade de manuten\u00e7\u00e3o das bases subtra\u00eddas pelos predadores encastelados no MMA\/ICMBIO, sob pena de comprometermos o trabalho herc\u00falio deste projeto que preserva estes animais presentes em nossos oceanos h\u00e1 150 milh\u00f5es de anos.<\/p>\n<p>Pirambu (SE) &#8211; ber\u00e7o do Projeto Tamar, 01 de junho de 2020.<\/p>\n<p>Comit\u00ea Municipal<br \/>\nPartido Comunista Brasileiro<\/p>\n","protected":false},"excerpt":{"rendered":"<p>O Partido Comunista Brasileiro (PCB) atrav\u00e9s do Comit\u00ea Municipal de Pirambu, v\u00eam a p\u00fablico manifestar e repudiar a pol\u00edtica predat\u00f3ria do presidente Jair Bolsonaro, do ministro do Meio Ambiente, Ricardo Sales, que atrav\u00e9s do ICMBio extinguiu \u00e0s bases do Projeto Tamar em Parnamirim (RN), da praia de Arembepe, em Cama\u00e7ari (BA) e Pirambu (SE), que ser\u00e3o concentradas a partir da base avan\u00e7ada em Salvador. A medida arbitr\u00e1ria &#8211; mais um<\/p>\n","protected":false},"author":1,"featured_media":1384,"comment_status":"open","ping_status":"open","sticky":false,"template":"","format":"standard","meta":[],"categories":[18],"tags":[],"yoast_head":"<!-- This site is optimized with the Yoast SEO plugin v16.3 - https:\/\/yoast.com\/wordpress\/plugins\/seo\/ -->\n<title>NOTA POL\u00cdTICA: Em defesa do Projeto Tamar, das tartarugas marinhas e da Reserva Biol\u00f3gica de Santa Izabel - TRIBUNA DA PRAIA<\/title>\n<meta name=\"robots\" content=\"index, follow, max-snippet:-1, max-image-preview:large, max-video-preview:-1\" \/>\n<link rel=\"canonical\" href=\"https:\/\/tribunadapraia.com.br\/?p=1383\" \/>\n<meta property=\"og:locale\" content=\"pt_BR\" \/>\n<meta property=\"og:type\" content=\"article\" \/>\n<meta property=\"og:title\" content=\"NOTA POL\u00cdTICA: Em defesa do Projeto Tamar, das tartarugas marinhas e da Reserva Biol\u00f3gica de Santa Izabel - TRIBUNA DA PRAIA\" \/>\n<meta property=\"og:description\" content=\"O Partido Comunista Brasileiro (PCB) atrav\u00e9s do Comit\u00ea Municipal de Pirambu, v\u00eam a p\u00fablico manifestar e repudiar a pol\u00edtica predat\u00f3ria do presidente Jair Bolsonaro, do ministro do Meio Ambiente, Ricardo Sales, que atrav\u00e9s do ICMBio extinguiu \u00e0s bases do Projeto Tamar em Parnamirim (RN), da praia de Arembepe, em Cama\u00e7ari (BA) e Pirambu (SE), que ser\u00e3o concentradas a partir da base avan\u00e7ada em Salvador. A medida arbitr\u00e1ria &#8211; mais um\" \/>\n<meta property=\"og:url\" content=\"https:\/\/tribunadapraia.com.br\/?p=1383\" \/>\n<meta property=\"og:site_name\" content=\"TRIBUNA DA PRAIA\" \/>\n<meta property=\"article:publisher\" content=\"https:\/\/www.facebook.com\/tribunadapraiaonline\/\" \/>\n<meta property=\"article:published_time\" content=\"2020-06-01T17:48:52+00:00\" \/>\n<meta property=\"article:modified_time\" content=\"2020-06-01T17:56:47+00:00\" \/>\n<meta property=\"og:image\" content=\"https:\/\/tribunadapraia.com.br\/wp-content\/uploads\/2020\/06\/Kemps-ridley-sea-turtle-.jpg\" \/>\n\t<meta property=\"og:image:width\" content=\"518\" \/>\n\t<meta property=\"og:image:height\" content=\"389\" \/>\n<meta name=\"twitter:card\" content=\"summary_large_image\" \/>\n<meta name=\"twitter:creator\" content=\"@Claudomir21\" \/>\n<meta name=\"twitter:site\" content=\"@Claudomir21\" \/>\n<meta name=\"twitter:label1\" content=\"Est. tempo de leitura\">\n\t<meta name=\"twitter:data1\" content=\"2 minutos\">\n<script type=\"application\/ld+json\" class=\"yoast-schema-graph\">{\"@context\":\"https:\/\/schema.org\",\"@graph\":[{\"@type\":\"Organization\",\"@id\":\"https:\/\/tribunadapraia.com.br\/#organization\",\"name\":\"Tribuna da Praia\",\"url\":\"https:\/\/tribunadapraia.com.br\/\",\"sameAs\":[\"https:\/\/www.facebook.com\/tribunadapraiaonline\/\",\"https:\/\/www.instagram.com\/claudomirtavares\/\",\"https:\/\/www.youtube.com\/channel\/UCwQf80nxiMzCefAyjbp53Rw\",\"https:\/\/twitter.com\/Claudomir21\"],\"logo\":{\"@type\":\"ImageObject\",\"@id\":\"https:\/\/tribunadapraia.com.br\/#logo\",\"inLanguage\":\"pt-BR\",\"url\":\"https:\/\/tribunadapraia.com.br\/wp-content\/uploads\/2020\/02\/logo.png\",\"contentUrl\":\"https:\/\/tribunadapraia.com.br\/wp-content\/uploads\/2020\/02\/logo.png\",\"width\":501,\"height\":121,\"caption\":\"Tribuna da Praia\"},\"image\":{\"@id\":\"https:\/\/tribunadapraia.com.br\/#logo\"}},{\"@type\":\"WebSite\",\"@id\":\"https:\/\/tribunadapraia.com.br\/#website\",\"url\":\"https:\/\/tribunadapraia.com.br\/\",\"name\":\"TRIBUNA DA PRAIA\",\"description\":\"O 1\\u00ba jornal do interior de Sergipe na internet\",\"publisher\":{\"@id\":\"https:\/\/tribunadapraia.com.br\/#organization\"},\"potentialAction\":[{\"@type\":\"SearchAction\",\"target\":\"https:\/\/tribunadapraia.com.br\/?s={search_term_string}\",\"query-input\":\"required name=search_term_string\"}],\"inLanguage\":\"pt-BR\"},{\"@type\":\"ImageObject\",\"@id\":\"https:\/\/tribunadapraia.com.br\/?p=1383#primaryimage\",\"inLanguage\":\"pt-BR\",\"url\":\"https:\/\/tribunadapraia.com.br\/wp-content\/uploads\/2020\/06\/Kemps-ridley-sea-turtle-.jpg\",\"contentUrl\":\"https:\/\/tribunadapraia.com.br\/wp-content\/uploads\/2020\/06\/Kemps-ridley-sea-turtle-.jpg\",\"width\":518,\"height\":389},{\"@type\":\"WebPage\",\"@id\":\"https:\/\/tribunadapraia.com.br\/?p=1383#webpage\",\"url\":\"https:\/\/tribunadapraia.com.br\/?p=1383\",\"name\":\"NOTA POL\\u00cdTICA: Em defesa do Projeto Tamar, das tartarugas marinhas e da Reserva Biol\\u00f3gica de Santa Izabel - TRIBUNA DA PRAIA\",\"isPartOf\":{\"@id\":\"https:\/\/tribunadapraia.com.br\/#website\"},\"primaryImageOfPage\":{\"@id\":\"https:\/\/tribunadapraia.com.br\/?p=1383#primaryimage\"},\"datePublished\":\"2020-06-01T17:48:52+00:00\",\"dateModified\":\"2020-06-01T17:56:47+00:00\",\"breadcrumb\":{\"@id\":\"https:\/\/tribunadapraia.com.br\/?p=1383#breadcrumb\"},\"inLanguage\":\"pt-BR\",\"potentialAction\":[{\"@type\":\"ReadAction\",\"target\":[\"https:\/\/tribunadapraia.com.br\/?p=1383\"]}]},{\"@type\":\"BreadcrumbList\",\"@id\":\"https:\/\/tribunadapraia.com.br\/?p=1383#breadcrumb\",\"itemListElement\":[{\"@type\":\"ListItem\",\"position\":1,\"item\":{\"@type\":\"WebPage\",\"@id\":\"https:\/\/tribunadapraia.com.br\/\",\"url\":\"https:\/\/tribunadapraia.com.br\/\",\"name\":\"In\\u00edcio\"}},{\"@type\":\"ListItem\",\"position\":2,\"item\":{\"@id\":\"https:\/\/tribunadapraia.com.br\/?p=1383#webpage\"}}]},{\"@type\":\"Article\",\"@id\":\"https:\/\/tribunadapraia.com.br\/?p=1383#article\",\"isPartOf\":{\"@id\":\"https:\/\/tribunadapraia.com.br\/?p=1383#webpage\"},\"author\":{\"@id\":\"https:\/\/tribunadapraia.com.br\/#\/schema\/person\/326b0a9f3163b479142c64eba4928de0\"},\"headline\":\"NOTA POL\\u00cdTICA: Em defesa do Projeto Tamar, das tartarugas marinhas e da Reserva Biol\\u00f3gica de Santa Izabel\",\"datePublished\":\"2020-06-01T17:48:52+00:00\",\"dateModified\":\"2020-06-01T17:56:47+00:00\",\"mainEntityOfPage\":{\"@id\":\"https:\/\/tribunadapraia.com.br\/?p=1383#webpage\"},\"wordCount\":502,\"commentCount\":0,\"publisher\":{\"@id\":\"https:\/\/tribunadapraia.com.br\/#organization\"},\"image\":{\"@id\":\"https:\/\/tribunadapraia.com.br\/?p=1383#primaryimage\"},\"thumbnailUrl\":\"https:\/\/tribunadapraia.com.br\/wp-content\/uploads\/2020\/06\/Kemps-ridley-sea-turtle-.jpg\",\"articleSection\":[\"Not\\u00edcias\"],\"inLanguage\":\"pt-BR\",\"potentialAction\":[{\"@type\":\"CommentAction\",\"name\":\"Comment\",\"target\":[\"https:\/\/tribunadapraia.com.br\/?p=1383#respond\"]}]},{\"@type\":\"Person\",\"@id\":\"https:\/\/tribunadapraia.com.br\/#\/schema\/person\/326b0a9f3163b479142c64eba4928de0\",\"name\":\"tribunadapraia\",\"image\":{\"@type\":\"ImageObject\",\"@id\":\"https:\/\/tribunadapraia.com.br\/#personlogo\",\"inLanguage\":\"pt-BR\",\"url\":\"https:\/\/secure.gravatar.com\/avatar\/38b019c74762496076b7355024a0dad9?s=96&d=identicon&r=g\",\"contentUrl\":\"https:\/\/secure.gravatar.com\/avatar\/38b019c74762496076b7355024a0dad9?s=96&d=identicon&r=g\",\"caption\":\"tribunadapraia\"}}]}<\/script>\n<!-- \/ Yoast SEO plugin. -->","wps_subtitle":"","_links":{"self":[{"href":"https:\/\/tribunadapraia.com.br\/index.php?rest_route=\/wp\/v2\/posts\/1383"}],"collection":[{"href":"https:\/\/tribunadapraia.com.br\/index.php?rest_route=\/wp\/v2\/posts"}],"about":[{"href":"https:\/\/tribunadapraia.com.br\/index.php?rest_route=\/wp\/v2\/types\/post"}],"author":[{"embeddable":true,"href":"https:\/\/tribunadapraia.com.br\/index.php?rest_route=\/wp\/v2\/users\/1"}],"replies":[{"embeddable":true,"href":"https:\/\/tribunadapraia.com.br\/index.php?rest_route=%2Fwp%2Fv2%2Fcomments&post=1383"}],"version-history":[{"count":2,"href":"https:\/\/tribunadapraia.com.br\/index.php?rest_route=\/wp\/v2\/posts\/1383\/revisions"}],"predecessor-version":[{"id":1387,"href":"https:\/\/tribunadapraia.com.br\/index.php?rest_route=\/wp\/v2\/posts\/1383\/revisions\/1387"}],"wp:featuredmedia":[{"embeddable":true,"href":"https:\/\/tribunadapraia.com.br\/index.php?rest_route=\/wp\/v2\/media\/1384"}],"wp:attachment":[{"href":"https:\/\/tribunadapraia.com.br\/index.php?rest_route=%2Fwp%2Fv2%2Fmedia&parent=1383"}],"wp:term":[{"taxonomy":"category","embeddable":true,"href":"https:\/\/tribunadapraia.com.br\/index.php?rest_route=%2Fwp%2Fv2%2Fcategories&post=1383"},{"taxonomy":"post_tag","embeddable":true,"href":"https:\/\/tribunadapraia.com.br\/index.php?rest_route=%2Fwp%2Fv2%2Ftags&post=1383"}],"curies":[{"name":"wp","href":"https:\/\/api.w.org\/{rel}","templated":true}]}}