{"id":1377,"date":"2020-05-30T17:19:04","date_gmt":"2020-05-30T20:19:04","guid":{"rendered":"https:\/\/tribunadapraia.com.br\/?p=1377"},"modified":"2020-05-30T17:23:12","modified_gmt":"2020-05-30T20:23:12","slug":"movimento-estamos-juntos-lanca-manifesto-em-defesa-da-vida-da-liberdade-e-da-democracia-no-brasil","status":"publish","type":"post","link":"https:\/\/tribunadapraia.com.br\/?p=1377","title":{"rendered":"Movimento \u201cestamos #Juntos\u201d lan\u00e7a manifesto em defesa da vida, da liberdade, e da democracia no Brasil"},"content":{"rendered":"<blockquote><p>Marcos Pedlowski<\/p><\/blockquote>\n<p>\u25a0 Movimento Estamos #Juntos<\/p>\n<p>Em um sinal de que a mar\u00e9 est\u00e1 se virando forte contra os instintos golpistas que t\u00eam sido disseminados por apoiadores do presidente Jair Bolsonaro, um novo manifesto pol\u00edtico foi lan\u00e7ado no dia de ontem a partir do movimento \u201cEstamos #Juntos\u201d que re\u00fane uma ampla gama de personalidades do mundo pol\u00edtico, cient\u00edfico e art\u00edstico.<\/p>\n<p>\u25a0 Estamos juntos<\/p>\n<p>A lista inicial de aderentes ao manifesto \u201cEstamos juntos\u201d re\u00fane mais de 2.000 signat\u00e1rios e abarca um amplo espectro pol\u00edtico e ideol\u00f3gico. Entre os participantes est\u00e3o nomes como os de Eliane Brum (jornalista), Luciano Huck (apresentador de TV), Fernando Henrique Cardoso (ex-presidente), Vahan Agopyan (Reitor da USP), Petra Costa (Diretora), Marcos Palmeira (Ator), Jo\u00e3o Paulo Capobianco (SOS Mata Atl\u00e2ntica) e Frei Betto (Escritor).<\/p>\n<p>O manifesto explicita que \u201ccomo aconteceu no movimento Diretas J\u00e1, \u00e9 hora de deixar de lado velhas disputas em busca do bem comum. Esquerda, centro e direita unidos para defender a lei, a ordem, a pol\u00edtica, a \u00e9tica, as fam\u00edlias, o voto, a ci\u00eancia, a verdade, o respeito e a valoriza\u00e7\u00e3o da diversidade, a liberdade de imprensa, a import\u00e2ncia da arte, a preserva\u00e7\u00e3o do meio ambiente e a responsabilidade na economia\u201c.<\/p>\n<p>O manifesto aponta ainda que seus signat\u00e1rios defendem \u201cuma administra\u00e7\u00e3o p\u00fablica reverente \u00e0 Constitui\u00e7\u00e3o, audaz no combate \u00e0 corrup\u00e7\u00e3o e \u00e0 desigualdade, verdadeiramente comprometida com a educa\u00e7\u00e3o, a seguran\u00e7a e a sa\u00fade da popula\u00e7\u00e3o\u201c.<\/p>\n<p>O car\u00e1ter de amplo espectro ideol\u00f3gico do manifesto \u00e9 explicitado no reconhecimento de que os signat\u00e1rios \u201cpossuem ideias e opini\u00f5es diferentes, mas comungam dos mesmos princ\u00edpios \u00e9ticos e democr\u00e1ticos\u201c, e que \u201cquerem combater o \u00f3dio e a apatia com afeto, informa\u00e7\u00e3o, uni\u00e3o e esperan\u00e7a\u201c.<\/p>\n<p>Este movimento, devido principalmente ao seu amplo espectro de impulsionadores, \u00e9 provavelmente um sinal claro de que o espa\u00e7o pol\u00edtico para as aventuras pol\u00edticos dos que defendem a implanta\u00e7\u00e3o de um regime de for\u00e7a no Brasil est\u00e1 come\u00e7ando a diminuir, e que rea\u00e7\u00e3o no campo democr\u00e1tico come\u00e7a a se levantar. O que, convenhamos, j\u00e1 n\u00e3o era sem tempo.<\/p>\n","protected":false},"excerpt":{"rendered":"<p>Marcos Pedlowski \u25a0 Movimento Estamos #Juntos Em um sinal de que a mar\u00e9 est\u00e1 se virando forte contra os instintos golpistas que t\u00eam sido disseminados por apoiadores do presidente Jair Bolsonaro, um novo manifesto pol\u00edtico foi lan\u00e7ado no dia de ontem a partir do movimento \u201cEstamos #Juntos\u201d que re\u00fane uma ampla gama de personalidades do mundo pol\u00edtico, cient\u00edfico e art\u00edstico. \u25a0 Estamos juntos A lista inicial de aderentes ao manifesto<\/p>\n","protected":false},"author":1,"featured_media":1381,"comment_status":"open","ping_status":"open","sticky":false,"template":"","format":"standard","meta":[],"categories":[18],"tags":[],"yoast_head":"<!-- This site is optimized with the Yoast SEO plugin v16.3 - https:\/\/yoast.com\/wordpress\/plugins\/seo\/ -->\n<title>Movimento \u201cestamos #Juntos\u201d lan\u00e7a manifesto em defesa da vida, da liberdade, e da democracia no Brasil - TRIBUNA DA PRAIA<\/title>\n<meta name=\"robots\" content=\"index, follow, max-snippet:-1, max-image-preview:large, max-video-preview:-1\" \/>\n<link rel=\"canonical\" href=\"https:\/\/tribunadapraia.com.br\/?p=1377\" \/>\n<meta property=\"og:locale\" content=\"pt_BR\" \/>\n<meta property=\"og:type\" content=\"article\" \/>\n<meta property=\"og:title\" content=\"Movimento \u201cestamos #Juntos\u201d lan\u00e7a manifesto em defesa da vida, da liberdade, e da democracia no Brasil - TRIBUNA DA PRAIA\" \/>\n<meta property=\"og:description\" content=\"Marcos Pedlowski \u25a0 Movimento Estamos #Juntos Em um sinal de que a mar\u00e9 est\u00e1 se virando forte contra os instintos golpistas que t\u00eam sido disseminados por apoiadores do presidente Jair Bolsonaro, um novo manifesto pol\u00edtico foi lan\u00e7ado no dia de ontem a partir do movimento \u201cEstamos #Juntos\u201d que re\u00fane uma ampla gama de personalidades do mundo pol\u00edtico, cient\u00edfico e art\u00edstico. \u25a0 Estamos juntos A lista inicial de aderentes ao manifesto\" \/>\n<meta property=\"og:url\" content=\"https:\/\/tribunadapraia.com.br\/?p=1377\" \/>\n<meta property=\"og:site_name\" content=\"TRIBUNA DA PRAIA\" \/>\n<meta property=\"article:publisher\" content=\"https:\/\/www.facebook.com\/tribunadapraiaonline\/\" \/>\n<meta property=\"article:published_time\" content=\"2020-05-30T20:19:04+00:00\" \/>\n<meta property=\"article:modified_time\" content=\"2020-05-30T20:23:12+00:00\" \/>\n<meta property=\"og:image\" content=\"https:\/\/tribunadapraia.com.br\/wp-content\/uploads\/2020\/05\/informe-manifesto-amplo-492x9000-1.jpg\" \/>\n\t<meta property=\"og:image:width\" content=\"492\" \/>\n\t<meta property=\"og:image:height\" content=\"900\" \/>\n<meta name=\"twitter:card\" content=\"summary_large_image\" \/>\n<meta name=\"twitter:creator\" content=\"@Claudomir21\" \/>\n<meta name=\"twitter:site\" content=\"@Claudomir21\" \/>\n<meta name=\"twitter:label1\" content=\"Est. tempo de leitura\">\n\t<meta name=\"twitter:data1\" content=\"2 minutos\">\n<script type=\"application\/ld+json\" class=\"yoast-schema-graph\">{\"@context\":\"https:\/\/schema.org\",\"@graph\":[{\"@type\":\"Organization\",\"@id\":\"https:\/\/tribunadapraia.com.br\/#organization\",\"name\":\"Tribuna da Praia\",\"url\":\"https:\/\/tribunadapraia.com.br\/\",\"sameAs\":[\"https:\/\/www.facebook.com\/tribunadapraiaonline\/\",\"https:\/\/www.instagram.com\/claudomirtavares\/\",\"https:\/\/www.youtube.com\/channel\/UCwQf80nxiMzCefAyjbp53Rw\",\"https:\/\/twitter.com\/Claudomir21\"],\"logo\":{\"@type\":\"ImageObject\",\"@id\":\"https:\/\/tribunadapraia.com.br\/#logo\",\"inLanguage\":\"pt-BR\",\"url\":\"https:\/\/tribunadapraia.com.br\/wp-content\/uploads\/2020\/02\/logo.png\",\"contentUrl\":\"https:\/\/tribunadapraia.com.br\/wp-content\/uploads\/2020\/02\/logo.png\",\"width\":501,\"height\":121,\"caption\":\"Tribuna da Praia\"},\"image\":{\"@id\":\"https:\/\/tribunadapraia.com.br\/#logo\"}},{\"@type\":\"WebSite\",\"@id\":\"https:\/\/tribunadapraia.com.br\/#website\",\"url\":\"https:\/\/tribunadapraia.com.br\/\",\"name\":\"TRIBUNA DA PRAIA\",\"description\":\"O 1\\u00ba jornal do interior de Sergipe na internet\",\"publisher\":{\"@id\":\"https:\/\/tribunadapraia.com.br\/#organization\"},\"potentialAction\":[{\"@type\":\"SearchAction\",\"target\":\"https:\/\/tribunadapraia.com.br\/?s={search_term_string}\",\"query-input\":\"required name=search_term_string\"}],\"inLanguage\":\"pt-BR\"},{\"@type\":\"ImageObject\",\"@id\":\"https:\/\/tribunadapraia.com.br\/?p=1377#primaryimage\",\"inLanguage\":\"pt-BR\",\"url\":\"https:\/\/tribunadapraia.com.br\/wp-content\/uploads\/2020\/05\/informe-manifesto-amplo-492x9000-1.jpg\",\"contentUrl\":\"https:\/\/tribunadapraia.com.br\/wp-content\/uploads\/2020\/05\/informe-manifesto-amplo-492x9000-1.jpg\",\"width\":492,\"height\":900},{\"@type\":\"WebPage\",\"@id\":\"https:\/\/tribunadapraia.com.br\/?p=1377#webpage\",\"url\":\"https:\/\/tribunadapraia.com.br\/?p=1377\",\"name\":\"Movimento \\u201cestamos #Juntos\\u201d lan\\u00e7a manifesto em defesa da vida, da liberdade, e da democracia no Brasil - TRIBUNA DA PRAIA\",\"isPartOf\":{\"@id\":\"https:\/\/tribunadapraia.com.br\/#website\"},\"primaryImageOfPage\":{\"@id\":\"https:\/\/tribunadapraia.com.br\/?p=1377#primaryimage\"},\"datePublished\":\"2020-05-30T20:19:04+00:00\",\"dateModified\":\"2020-05-30T20:23:12+00:00\",\"breadcrumb\":{\"@id\":\"https:\/\/tribunadapraia.com.br\/?p=1377#breadcrumb\"},\"inLanguage\":\"pt-BR\",\"potentialAction\":[{\"@type\":\"ReadAction\",\"target\":[\"https:\/\/tribunadapraia.com.br\/?p=1377\"]}]},{\"@type\":\"BreadcrumbList\",\"@id\":\"https:\/\/tribunadapraia.com.br\/?p=1377#breadcrumb\",\"itemListElement\":[{\"@type\":\"ListItem\",\"position\":1,\"item\":{\"@type\":\"WebPage\",\"@id\":\"https:\/\/tribunadapraia.com.br\/\",\"url\":\"https:\/\/tribunadapraia.com.br\/\",\"name\":\"In\\u00edcio\"}},{\"@type\":\"ListItem\",\"position\":2,\"item\":{\"@id\":\"https:\/\/tribunadapraia.com.br\/?p=1377#webpage\"}}]},{\"@type\":\"Article\",\"@id\":\"https:\/\/tribunadapraia.com.br\/?p=1377#article\",\"isPartOf\":{\"@id\":\"https:\/\/tribunadapraia.com.br\/?p=1377#webpage\"},\"author\":{\"@id\":\"https:\/\/tribunadapraia.com.br\/#\/schema\/person\/326b0a9f3163b479142c64eba4928de0\"},\"headline\":\"Movimento \\u201cestamos #Juntos\\u201d lan\\u00e7a manifesto em defesa da vida, da liberdade, e da democracia no Brasil\",\"datePublished\":\"2020-05-30T20:19:04+00:00\",\"dateModified\":\"2020-05-30T20:23:12+00:00\",\"mainEntityOfPage\":{\"@id\":\"https:\/\/tribunadapraia.com.br\/?p=1377#webpage\"},\"wordCount\":389,\"commentCount\":0,\"publisher\":{\"@id\":\"https:\/\/tribunadapraia.com.br\/#organization\"},\"image\":{\"@id\":\"https:\/\/tribunadapraia.com.br\/?p=1377#primaryimage\"},\"thumbnailUrl\":\"https:\/\/tribunadapraia.com.br\/wp-content\/uploads\/2020\/05\/informe-manifesto-amplo-492x9000-1.jpg\",\"articleSection\":[\"Not\\u00edcias\"],\"inLanguage\":\"pt-BR\",\"potentialAction\":[{\"@type\":\"CommentAction\",\"name\":\"Comment\",\"target\":[\"https:\/\/tribunadapraia.com.br\/?p=1377#respond\"]}]},{\"@type\":\"Person\",\"@id\":\"https:\/\/tribunadapraia.com.br\/#\/schema\/person\/326b0a9f3163b479142c64eba4928de0\",\"name\":\"tribunadapraia\",\"image\":{\"@type\":\"ImageObject\",\"@id\":\"https:\/\/tribunadapraia.com.br\/#personlogo\",\"inLanguage\":\"pt-BR\",\"url\":\"https:\/\/secure.gravatar.com\/avatar\/38b019c74762496076b7355024a0dad9?s=96&d=identicon&r=g\",\"contentUrl\":\"https:\/\/secure.gravatar.com\/avatar\/38b019c74762496076b7355024a0dad9?s=96&d=identicon&r=g\",\"caption\":\"tribunadapraia\"}}]}<\/script>\n<!-- \/ Yoast SEO plugin. -->","wps_subtitle":"","_links":{"self":[{"href":"https:\/\/tribunadapraia.com.br\/index.php?rest_route=\/wp\/v2\/posts\/1377"}],"collection":[{"href":"https:\/\/tribunadapraia.com.br\/index.php?rest_route=\/wp\/v2\/posts"}],"about":[{"href":"https:\/\/tribunadapraia.com.br\/index.php?rest_route=\/wp\/v2\/types\/post"}],"author":[{"embeddable":true,"href":"https:\/\/tribunadapraia.com.br\/index.php?rest_route=\/wp\/v2\/users\/1"}],"replies":[{"embeddable":true,"href":"https:\/\/tribunadapraia.com.br\/index.php?rest_route=%2Fwp%2Fv2%2Fcomments&post=1377"}],"version-history":[{"count":1,"href":"https:\/\/tribunadapraia.com.br\/index.php?rest_route=\/wp\/v2\/posts\/1377\/revisions"}],"predecessor-version":[{"id":1380,"href":"https:\/\/tribunadapraia.com.br\/index.php?rest_route=\/wp\/v2\/posts\/1377\/revisions\/1380"}],"wp:featuredmedia":[{"embeddable":true,"href":"https:\/\/tribunadapraia.com.br\/index.php?rest_route=\/wp\/v2\/media\/1381"}],"wp:attachment":[{"href":"https:\/\/tribunadapraia.com.br\/index.php?rest_route=%2Fwp%2Fv2%2Fmedia&parent=1377"}],"wp:term":[{"taxonomy":"category","embeddable":true,"href":"https:\/\/tribunadapraia.com.br\/index.php?rest_route=%2Fwp%2Fv2%2Fcategories&post=1377"},{"taxonomy":"post_tag","embeddable":true,"href":"https:\/\/tribunadapraia.com.br\/index.php?rest_route=%2Fwp%2Fv2%2Ftags&post=1377"}],"curies":[{"name":"wp","href":"https:\/\/api.w.org\/{rel}","templated":true}]}}