{"id":1369,"date":"2020-05-29T08:10:19","date_gmt":"2020-05-29T11:10:19","guid":{"rendered":"https:\/\/tribunadapraia.com.br\/?p=1369"},"modified":"2020-05-29T08:11:10","modified_gmt":"2020-05-29T11:11:10","slug":"witzel-exonera-secretarios-da-casa-civil-e-da-fazenda-e-faz-troca-troca-no-governo","status":"publish","type":"post","link":"https:\/\/tribunadapraia.com.br\/?p=1369","title":{"rendered":"Witzel exonera secret\u00e1rios da Casa Civil e da Fazenda e faz troca-troca no governo"},"content":{"rendered":"<p>Em meio \u00e0 crise pol\u00edtica, medida foi publicada em edi\u00e7\u00e3o extra no Di\u00e1rio Oficial desta quinta-feira (28) e surpreendeu exonerados<\/p>\n<p>Paulo Cappelli<\/p>\n<p>Witzel exonera secret\u00e1rios da Casa Civil e da Fazenda e faz troca-troca no governo<br \/>\nEm meio \u00e0 crise pol\u00edtica, medida foi publicada em edi\u00e7\u00e3o extra no Di\u00e1rio Oficial desta quinta-feira (28) e surpreendeu exonerados<\/p>\n<p>Ao GLOBO, um interlocutor do n\u00facleo de Witzel explicou as trocas:<\/p>\n<p>\u2014 Com rela\u00e7\u00e3o ao Andr\u00e9 Moura, havia insatisfa\u00e7\u00e3o quanto ao trato do secret\u00e1rio junto \u00e0 Assembleia Legislativa. Como articulador, ele n\u00e3o estava se impondo junto ao presidente da Alerj, Andr\u00e9 Ceciliano (PT), para defender o governo \u2014 diz. DNo lugar de Moura, foi nomeado o procurador do estado Raul Teixeira.<\/p>\n<p>Com informa\u00e7\u00f5ea de O GLOBO<\/p>\n","protected":false},"excerpt":{"rendered":"<p>Em meio \u00e0 crise pol\u00edtica, medida foi publicada em edi\u00e7\u00e3o extra no Di\u00e1rio Oficial desta quinta-feira (28) e surpreendeu exonerados Paulo Cappelli Witzel exonera secret\u00e1rios da Casa Civil e da Fazenda e faz troca-troca no governo Em meio \u00e0 crise pol\u00edtica, medida foi publicada em edi\u00e7\u00e3o extra no Di\u00e1rio Oficial desta quinta-feira (28) e surpreendeu exonerados Ao GLOBO, um interlocutor do n\u00facleo de Witzel explicou as trocas: \u2014 Com rela\u00e7\u00e3o<\/p>\n","protected":false},"author":1,"featured_media":1366,"comment_status":"open","ping_status":"open","sticky":false,"template":"","format":"standard","meta":[],"categories":[18],"tags":[],"yoast_head":"<!-- This site is optimized with the Yoast SEO plugin v16.3 - https:\/\/yoast.com\/wordpress\/plugins\/seo\/ -->\n<title>Witzel exonera secret\u00e1rios da Casa Civil e da Fazenda e faz troca-troca no governo - TRIBUNA DA PRAIA<\/title>\n<meta name=\"robots\" content=\"index, follow, max-snippet:-1, max-image-preview:large, max-video-preview:-1\" \/>\n<link rel=\"canonical\" href=\"https:\/\/tribunadapraia.com.br\/?p=1369\" \/>\n<meta property=\"og:locale\" content=\"pt_BR\" \/>\n<meta property=\"og:type\" content=\"article\" \/>\n<meta property=\"og:title\" content=\"Witzel exonera secret\u00e1rios da Casa Civil e da Fazenda e faz troca-troca no governo - TRIBUNA DA PRAIA\" \/>\n<meta property=\"og:description\" content=\"Em meio \u00e0 crise pol\u00edtica, medida foi publicada em edi\u00e7\u00e3o extra no Di\u00e1rio Oficial desta quinta-feira (28) e surpreendeu exonerados Paulo Cappelli Witzel exonera secret\u00e1rios da Casa Civil e da Fazenda e faz troca-troca no governo Em meio \u00e0 crise pol\u00edtica, medida foi publicada em edi\u00e7\u00e3o extra no Di\u00e1rio Oficial desta quinta-feira (28) e surpreendeu exonerados Ao GLOBO, um interlocutor do n\u00facleo de Witzel explicou as trocas: \u2014 Com rela\u00e7\u00e3o\" \/>\n<meta property=\"og:url\" content=\"https:\/\/tribunadapraia.com.br\/?p=1369\" \/>\n<meta property=\"og:site_name\" content=\"TRIBUNA DA PRAIA\" \/>\n<meta property=\"article:publisher\" content=\"https:\/\/www.facebook.com\/tribunadapraiaonline\/\" \/>\n<meta property=\"article:published_time\" content=\"2020-05-29T11:10:19+00:00\" \/>\n<meta property=\"article:modified_time\" content=\"2020-05-29T11:11:10+00:00\" \/>\n<meta property=\"og:image\" content=\"https:\/\/tribunadapraia.com.br\/wp-content\/uploads\/2020\/05\/Screenshot_20200529-074150.jpg\" \/>\n\t<meta property=\"og:image:width\" content=\"540\" \/>\n\t<meta property=\"og:image:height\" content=\"960\" \/>\n<meta name=\"twitter:card\" content=\"summary_large_image\" \/>\n<meta name=\"twitter:creator\" content=\"@Claudomir21\" \/>\n<meta name=\"twitter:site\" content=\"@Claudomir21\" \/>\n<meta name=\"twitter:label1\" content=\"Est. tempo de leitura\">\n\t<meta name=\"twitter:data1\" content=\"1 minuto\">\n<script type=\"application\/ld+json\" class=\"yoast-schema-graph\">{\"@context\":\"https:\/\/schema.org\",\"@graph\":[{\"@type\":\"Organization\",\"@id\":\"https:\/\/tribunadapraia.com.br\/#organization\",\"name\":\"Tribuna da Praia\",\"url\":\"https:\/\/tribunadapraia.com.br\/\",\"sameAs\":[\"https:\/\/www.facebook.com\/tribunadapraiaonline\/\",\"https:\/\/www.instagram.com\/claudomirtavares\/\",\"https:\/\/www.youtube.com\/channel\/UCwQf80nxiMzCefAyjbp53Rw\",\"https:\/\/twitter.com\/Claudomir21\"],\"logo\":{\"@type\":\"ImageObject\",\"@id\":\"https:\/\/tribunadapraia.com.br\/#logo\",\"inLanguage\":\"pt-BR\",\"url\":\"https:\/\/tribunadapraia.com.br\/wp-content\/uploads\/2020\/02\/logo.png\",\"contentUrl\":\"https:\/\/tribunadapraia.com.br\/wp-content\/uploads\/2020\/02\/logo.png\",\"width\":501,\"height\":121,\"caption\":\"Tribuna da Praia\"},\"image\":{\"@id\":\"https:\/\/tribunadapraia.com.br\/#logo\"}},{\"@type\":\"WebSite\",\"@id\":\"https:\/\/tribunadapraia.com.br\/#website\",\"url\":\"https:\/\/tribunadapraia.com.br\/\",\"name\":\"TRIBUNA DA PRAIA\",\"description\":\"O 1\\u00ba jornal do interior de Sergipe na internet\",\"publisher\":{\"@id\":\"https:\/\/tribunadapraia.com.br\/#organization\"},\"potentialAction\":[{\"@type\":\"SearchAction\",\"target\":\"https:\/\/tribunadapraia.com.br\/?s={search_term_string}\",\"query-input\":\"required name=search_term_string\"}],\"inLanguage\":\"pt-BR\"},{\"@type\":\"ImageObject\",\"@id\":\"https:\/\/tribunadapraia.com.br\/?p=1369#primaryimage\",\"inLanguage\":\"pt-BR\",\"url\":\"https:\/\/tribunadapraia.com.br\/wp-content\/uploads\/2020\/05\/Screenshot_20200529-074150.jpg\",\"contentUrl\":\"https:\/\/tribunadapraia.com.br\/wp-content\/uploads\/2020\/05\/Screenshot_20200529-074150.jpg\",\"width\":540,\"height\":960},{\"@type\":\"WebPage\",\"@id\":\"https:\/\/tribunadapraia.com.br\/?p=1369#webpage\",\"url\":\"https:\/\/tribunadapraia.com.br\/?p=1369\",\"name\":\"Witzel exonera secret\\u00e1rios da Casa Civil e da Fazenda e faz troca-troca no governo - TRIBUNA DA PRAIA\",\"isPartOf\":{\"@id\":\"https:\/\/tribunadapraia.com.br\/#website\"},\"primaryImageOfPage\":{\"@id\":\"https:\/\/tribunadapraia.com.br\/?p=1369#primaryimage\"},\"datePublished\":\"2020-05-29T11:10:19+00:00\",\"dateModified\":\"2020-05-29T11:11:10+00:00\",\"breadcrumb\":{\"@id\":\"https:\/\/tribunadapraia.com.br\/?p=1369#breadcrumb\"},\"inLanguage\":\"pt-BR\",\"potentialAction\":[{\"@type\":\"ReadAction\",\"target\":[\"https:\/\/tribunadapraia.com.br\/?p=1369\"]}]},{\"@type\":\"BreadcrumbList\",\"@id\":\"https:\/\/tribunadapraia.com.br\/?p=1369#breadcrumb\",\"itemListElement\":[{\"@type\":\"ListItem\",\"position\":1,\"item\":{\"@type\":\"WebPage\",\"@id\":\"https:\/\/tribunadapraia.com.br\/\",\"url\":\"https:\/\/tribunadapraia.com.br\/\",\"name\":\"In\\u00edcio\"}},{\"@type\":\"ListItem\",\"position\":2,\"item\":{\"@id\":\"https:\/\/tribunadapraia.com.br\/?p=1369#webpage\"}}]},{\"@type\":\"Article\",\"@id\":\"https:\/\/tribunadapraia.com.br\/?p=1369#article\",\"isPartOf\":{\"@id\":\"https:\/\/tribunadapraia.com.br\/?p=1369#webpage\"},\"author\":{\"@id\":\"https:\/\/tribunadapraia.com.br\/#\/schema\/person\/326b0a9f3163b479142c64eba4928de0\"},\"headline\":\"Witzel exonera secret\\u00e1rios da Casa Civil e da Fazenda e faz troca-troca no governo\",\"datePublished\":\"2020-05-29T11:10:19+00:00\",\"dateModified\":\"2020-05-29T11:11:10+00:00\",\"mainEntityOfPage\":{\"@id\":\"https:\/\/tribunadapraia.com.br\/?p=1369#webpage\"},\"wordCount\":143,\"commentCount\":0,\"publisher\":{\"@id\":\"https:\/\/tribunadapraia.com.br\/#organization\"},\"image\":{\"@id\":\"https:\/\/tribunadapraia.com.br\/?p=1369#primaryimage\"},\"thumbnailUrl\":\"https:\/\/tribunadapraia.com.br\/wp-content\/uploads\/2020\/05\/Screenshot_20200529-074150.jpg\",\"articleSection\":[\"Not\\u00edcias\"],\"inLanguage\":\"pt-BR\",\"potentialAction\":[{\"@type\":\"CommentAction\",\"name\":\"Comment\",\"target\":[\"https:\/\/tribunadapraia.com.br\/?p=1369#respond\"]}]},{\"@type\":\"Person\",\"@id\":\"https:\/\/tribunadapraia.com.br\/#\/schema\/person\/326b0a9f3163b479142c64eba4928de0\",\"name\":\"tribunadapraia\",\"image\":{\"@type\":\"ImageObject\",\"@id\":\"https:\/\/tribunadapraia.com.br\/#personlogo\",\"inLanguage\":\"pt-BR\",\"url\":\"https:\/\/secure.gravatar.com\/avatar\/38b019c74762496076b7355024a0dad9?s=96&d=identicon&r=g\",\"contentUrl\":\"https:\/\/secure.gravatar.com\/avatar\/38b019c74762496076b7355024a0dad9?s=96&d=identicon&r=g\",\"caption\":\"tribunadapraia\"}}]}<\/script>\n<!-- \/ Yoast SEO plugin. -->","wps_subtitle":"","_links":{"self":[{"href":"https:\/\/tribunadapraia.com.br\/index.php?rest_route=\/wp\/v2\/posts\/1369"}],"collection":[{"href":"https:\/\/tribunadapraia.com.br\/index.php?rest_route=\/wp\/v2\/posts"}],"about":[{"href":"https:\/\/tribunadapraia.com.br\/index.php?rest_route=\/wp\/v2\/types\/post"}],"author":[{"embeddable":true,"href":"https:\/\/tribunadapraia.com.br\/index.php?rest_route=\/wp\/v2\/users\/1"}],"replies":[{"embeddable":true,"href":"https:\/\/tribunadapraia.com.br\/index.php?rest_route=%2Fwp%2Fv2%2Fcomments&post=1369"}],"version-history":[{"count":1,"href":"https:\/\/tribunadapraia.com.br\/index.php?rest_route=\/wp\/v2\/posts\/1369\/revisions"}],"predecessor-version":[{"id":1370,"href":"https:\/\/tribunadapraia.com.br\/index.php?rest_route=\/wp\/v2\/posts\/1369\/revisions\/1370"}],"wp:featuredmedia":[{"embeddable":true,"href":"https:\/\/tribunadapraia.com.br\/index.php?rest_route=\/wp\/v2\/media\/1366"}],"wp:attachment":[{"href":"https:\/\/tribunadapraia.com.br\/index.php?rest_route=%2Fwp%2Fv2%2Fmedia&parent=1369"}],"wp:term":[{"taxonomy":"category","embeddable":true,"href":"https:\/\/tribunadapraia.com.br\/index.php?rest_route=%2Fwp%2Fv2%2Fcategories&post=1369"},{"taxonomy":"post_tag","embeddable":true,"href":"https:\/\/tribunadapraia.com.br\/index.php?rest_route=%2Fwp%2Fv2%2Ftags&post=1369"}],"curies":[{"name":"wp","href":"https:\/\/api.w.org\/{rel}","templated":true}]}}