{"id":1359,"date":"2020-05-28T22:03:33","date_gmt":"2020-05-29T01:03:33","guid":{"rendered":"https:\/\/tribunadapraia.com.br\/?p=1359"},"modified":"2020-05-28T22:09:06","modified_gmt":"2020-05-29T01:09:06","slug":"costinha-passados-mais-de-tres-anos-e-quatro-meses-propria-tem-secretario-de-obras","status":"publish","type":"post","link":"https:\/\/tribunadapraia.com.br\/?p=1359","title":{"rendered":"COSTINHA: Passados mais de tr\u00eas anos e quatro meses, Propri\u00e1 t\u00eam secretario de Obras"},"content":{"rendered":"<p>Ao empossar como novo secret\u00e1rio municipal de Obras e Urbanidmo o ex-vereador Ant\u00eddio Costa Filho (Costinha), o prefeito de Propri\u00e1, Yokanaan Santana (PL) virou uma p\u00e1gina mal escrita em sua administra\u00e7\u00e3o que est\u00e1 se azeitando (isso mesmo que voc\u00ea leu) na reta final, sendo vis\u00edveis as altera\u00e7\u00f5es na din\u00e2mica dos setvi\u00e7os urbanos na cidade ribeirinha. A aceita\u00e7\u00e3o dos servidores e a avalia\u00e7\u00e3o da sociedade propriaense t\u00eam sido acima das expectativas, mas os desafios ser\u00e3o herc\u00faleos para recuperar 40 mrses em 8 &#8211; daremos avalia\u00e7\u00f4es peri\u00f3dicas.<\/p>\n<p>por ClaudOmir Herzog<\/p>\n","protected":false},"excerpt":{"rendered":"<p>Ao empossar como novo secret\u00e1rio municipal de Obras e Urbanidmo o ex-vereador Ant\u00eddio Costa Filho (Costinha), o prefeito de Propri\u00e1, Yokanaan Santana (PL) virou uma p\u00e1gina mal escrita em sua administra\u00e7\u00e3o que est\u00e1 se azeitando (isso mesmo que voc\u00ea leu) na reta final, sendo vis\u00edveis as altera\u00e7\u00f5es na din\u00e2mica dos setvi\u00e7os urbanos na cidade ribeirinha. A aceita\u00e7\u00e3o dos servidores e a avalia\u00e7\u00e3o da sociedade propriaense t\u00eam sido acima das expectativas,<\/p>\n","protected":false},"author":3,"featured_media":1360,"comment_status":"open","ping_status":"open","sticky":false,"template":"","format":"standard","meta":[],"categories":[18],"tags":[],"yoast_head":"<!-- This site is optimized with the Yoast SEO plugin v16.3 - https:\/\/yoast.com\/wordpress\/plugins\/seo\/ -->\n<title>COSTINHA: Passados mais de tr\u00eas anos e quatro meses, Propri\u00e1 t\u00eam secretario de Obras - TRIBUNA DA PRAIA<\/title>\n<meta name=\"robots\" content=\"index, follow, max-snippet:-1, max-image-preview:large, max-video-preview:-1\" \/>\n<link rel=\"canonical\" href=\"https:\/\/tribunadapraia.com.br\/?p=1359\" \/>\n<meta property=\"og:locale\" content=\"pt_BR\" \/>\n<meta property=\"og:type\" content=\"article\" \/>\n<meta property=\"og:title\" content=\"COSTINHA: Passados mais de tr\u00eas anos e quatro meses, Propri\u00e1 t\u00eam secretario de Obras - TRIBUNA DA PRAIA\" \/>\n<meta property=\"og:description\" content=\"Ao empossar como novo secret\u00e1rio municipal de Obras e Urbanidmo o ex-vereador Ant\u00eddio Costa Filho (Costinha), o prefeito de Propri\u00e1, Yokanaan Santana (PL) virou uma p\u00e1gina mal escrita em sua administra\u00e7\u00e3o que est\u00e1 se azeitando (isso mesmo que voc\u00ea leu) na reta final, sendo vis\u00edveis as altera\u00e7\u00f5es na din\u00e2mica dos setvi\u00e7os urbanos na cidade ribeirinha. A aceita\u00e7\u00e3o dos servidores e a avalia\u00e7\u00e3o da sociedade propriaense t\u00eam sido acima das expectativas,\" \/>\n<meta property=\"og:url\" content=\"https:\/\/tribunadapraia.com.br\/?p=1359\" \/>\n<meta property=\"og:site_name\" content=\"TRIBUNA DA PRAIA\" \/>\n<meta property=\"article:publisher\" content=\"https:\/\/www.facebook.com\/tribunadapraiaonline\/\" \/>\n<meta property=\"article:published_time\" content=\"2020-05-29T01:03:33+00:00\" \/>\n<meta property=\"article:modified_time\" content=\"2020-05-29T01:09:06+00:00\" \/>\n<meta property=\"og:image\" content=\"https:\/\/tribunadapraia.com.br\/wp-content\/uploads\/2020\/05\/Screenshot_20200528-220015.jpg\" \/>\n\t<meta property=\"og:image:width\" content=\"540\" \/>\n\t<meta property=\"og:image:height\" content=\"960\" \/>\n<meta name=\"twitter:card\" content=\"summary_large_image\" \/>\n<meta name=\"twitter:creator\" content=\"@Claudomir21\" \/>\n<meta name=\"twitter:site\" content=\"@Claudomir21\" \/>\n<meta name=\"twitter:label1\" content=\"Est. tempo de leitura\">\n\t<meta name=\"twitter:data1\" content=\"1 minuto\">\n<script type=\"application\/ld+json\" class=\"yoast-schema-graph\">{\"@context\":\"https:\/\/schema.org\",\"@graph\":[{\"@type\":\"Organization\",\"@id\":\"https:\/\/tribunadapraia.com.br\/#organization\",\"name\":\"Tribuna da Praia\",\"url\":\"https:\/\/tribunadapraia.com.br\/\",\"sameAs\":[\"https:\/\/www.facebook.com\/tribunadapraiaonline\/\",\"https:\/\/www.instagram.com\/claudomirtavares\/\",\"https:\/\/www.youtube.com\/channel\/UCwQf80nxiMzCefAyjbp53Rw\",\"https:\/\/twitter.com\/Claudomir21\"],\"logo\":{\"@type\":\"ImageObject\",\"@id\":\"https:\/\/tribunadapraia.com.br\/#logo\",\"inLanguage\":\"pt-BR\",\"url\":\"https:\/\/tribunadapraia.com.br\/wp-content\/uploads\/2020\/02\/logo.png\",\"contentUrl\":\"https:\/\/tribunadapraia.com.br\/wp-content\/uploads\/2020\/02\/logo.png\",\"width\":501,\"height\":121,\"caption\":\"Tribuna da Praia\"},\"image\":{\"@id\":\"https:\/\/tribunadapraia.com.br\/#logo\"}},{\"@type\":\"WebSite\",\"@id\":\"https:\/\/tribunadapraia.com.br\/#website\",\"url\":\"https:\/\/tribunadapraia.com.br\/\",\"name\":\"TRIBUNA DA PRAIA\",\"description\":\"O 1\\u00ba jornal do interior de Sergipe na internet\",\"publisher\":{\"@id\":\"https:\/\/tribunadapraia.com.br\/#organization\"},\"potentialAction\":[{\"@type\":\"SearchAction\",\"target\":\"https:\/\/tribunadapraia.com.br\/?s={search_term_string}\",\"query-input\":\"required name=search_term_string\"}],\"inLanguage\":\"pt-BR\"},{\"@type\":\"ImageObject\",\"@id\":\"https:\/\/tribunadapraia.com.br\/?p=1359#primaryimage\",\"inLanguage\":\"pt-BR\",\"url\":\"https:\/\/tribunadapraia.com.br\/wp-content\/uploads\/2020\/05\/Screenshot_20200528-220015.jpg\",\"contentUrl\":\"https:\/\/tribunadapraia.com.br\/wp-content\/uploads\/2020\/05\/Screenshot_20200528-220015.jpg\",\"width\":540,\"height\":960},{\"@type\":\"WebPage\",\"@id\":\"https:\/\/tribunadapraia.com.br\/?p=1359#webpage\",\"url\":\"https:\/\/tribunadapraia.com.br\/?p=1359\",\"name\":\"COSTINHA: Passados mais de tr\\u00eas anos e quatro meses, Propri\\u00e1 t\\u00eam secretario de Obras - TRIBUNA DA PRAIA\",\"isPartOf\":{\"@id\":\"https:\/\/tribunadapraia.com.br\/#website\"},\"primaryImageOfPage\":{\"@id\":\"https:\/\/tribunadapraia.com.br\/?p=1359#primaryimage\"},\"datePublished\":\"2020-05-29T01:03:33+00:00\",\"dateModified\":\"2020-05-29T01:09:06+00:00\",\"breadcrumb\":{\"@id\":\"https:\/\/tribunadapraia.com.br\/?p=1359#breadcrumb\"},\"inLanguage\":\"pt-BR\",\"potentialAction\":[{\"@type\":\"ReadAction\",\"target\":[\"https:\/\/tribunadapraia.com.br\/?p=1359\"]}]},{\"@type\":\"BreadcrumbList\",\"@id\":\"https:\/\/tribunadapraia.com.br\/?p=1359#breadcrumb\",\"itemListElement\":[{\"@type\":\"ListItem\",\"position\":1,\"item\":{\"@type\":\"WebPage\",\"@id\":\"https:\/\/tribunadapraia.com.br\/\",\"url\":\"https:\/\/tribunadapraia.com.br\/\",\"name\":\"In\\u00edcio\"}},{\"@type\":\"ListItem\",\"position\":2,\"item\":{\"@id\":\"https:\/\/tribunadapraia.com.br\/?p=1359#webpage\"}}]},{\"@type\":\"Article\",\"@id\":\"https:\/\/tribunadapraia.com.br\/?p=1359#article\",\"isPartOf\":{\"@id\":\"https:\/\/tribunadapraia.com.br\/?p=1359#webpage\"},\"author\":{\"@id\":\"https:\/\/tribunadapraia.com.br\/#\/schema\/person\/099fbbf59acc5895c0d7d52b4fc46c97\"},\"headline\":\"COSTINHA: Passados mais de tr\\u00eas anos e quatro meses, Propri\\u00e1 t\\u00eam secretario de Obras\",\"datePublished\":\"2020-05-29T01:03:33+00:00\",\"dateModified\":\"2020-05-29T01:09:06+00:00\",\"mainEntityOfPage\":{\"@id\":\"https:\/\/tribunadapraia.com.br\/?p=1359#webpage\"},\"wordCount\":117,\"commentCount\":0,\"publisher\":{\"@id\":\"https:\/\/tribunadapraia.com.br\/#organization\"},\"image\":{\"@id\":\"https:\/\/tribunadapraia.com.br\/?p=1359#primaryimage\"},\"thumbnailUrl\":\"https:\/\/tribunadapraia.com.br\/wp-content\/uploads\/2020\/05\/Screenshot_20200528-220015.jpg\",\"articleSection\":[\"Not\\u00edcias\"],\"inLanguage\":\"pt-BR\",\"potentialAction\":[{\"@type\":\"CommentAction\",\"name\":\"Comment\",\"target\":[\"https:\/\/tribunadapraia.com.br\/?p=1359#respond\"]}]},{\"@type\":\"Person\",\"@id\":\"https:\/\/tribunadapraia.com.br\/#\/schema\/person\/099fbbf59acc5895c0d7d52b4fc46c97\",\"name\":\"Reda\\u00e7\\u00e3o\",\"image\":{\"@type\":\"ImageObject\",\"@id\":\"https:\/\/tribunadapraia.com.br\/#personlogo\",\"inLanguage\":\"pt-BR\",\"url\":\"https:\/\/secure.gravatar.com\/avatar\/91c8b91d2bfd7784eac5c3e055361f64?s=96&d=identicon&r=g\",\"contentUrl\":\"https:\/\/secure.gravatar.com\/avatar\/91c8b91d2bfd7784eac5c3e055361f64?s=96&d=identicon&r=g\",\"caption\":\"Reda\\u00e7\\u00e3o\"}}]}<\/script>\n<!-- \/ Yoast SEO plugin. -->","wps_subtitle":"","_links":{"self":[{"href":"https:\/\/tribunadapraia.com.br\/index.php?rest_route=\/wp\/v2\/posts\/1359"}],"collection":[{"href":"https:\/\/tribunadapraia.com.br\/index.php?rest_route=\/wp\/v2\/posts"}],"about":[{"href":"https:\/\/tribunadapraia.com.br\/index.php?rest_route=\/wp\/v2\/types\/post"}],"author":[{"embeddable":true,"href":"https:\/\/tribunadapraia.com.br\/index.php?rest_route=\/wp\/v2\/users\/3"}],"replies":[{"embeddable":true,"href":"https:\/\/tribunadapraia.com.br\/index.php?rest_route=%2Fwp%2Fv2%2Fcomments&post=1359"}],"version-history":[{"count":2,"href":"https:\/\/tribunadapraia.com.br\/index.php?rest_route=\/wp\/v2\/posts\/1359\/revisions"}],"predecessor-version":[{"id":1362,"href":"https:\/\/tribunadapraia.com.br\/index.php?rest_route=\/wp\/v2\/posts\/1359\/revisions\/1362"}],"wp:featuredmedia":[{"embeddable":true,"href":"https:\/\/tribunadapraia.com.br\/index.php?rest_route=\/wp\/v2\/media\/1360"}],"wp:attachment":[{"href":"https:\/\/tribunadapraia.com.br\/index.php?rest_route=%2Fwp%2Fv2%2Fmedia&parent=1359"}],"wp:term":[{"taxonomy":"category","embeddable":true,"href":"https:\/\/tribunadapraia.com.br\/index.php?rest_route=%2Fwp%2Fv2%2Fcategories&post=1359"},{"taxonomy":"post_tag","embeddable":true,"href":"https:\/\/tribunadapraia.com.br\/index.php?rest_route=%2Fwp%2Fv2%2Ftags&post=1359"}],"curies":[{"name":"wp","href":"https:\/\/api.w.org\/{rel}","templated":true}]}}