{"id":1356,"date":"2020-05-28T21:22:46","date_gmt":"2020-05-29T00:22:46","guid":{"rendered":"https:\/\/tribunadapraia.com.br\/?p=1356"},"modified":"2020-05-28T21:23:21","modified_gmt":"2020-05-29T00:23:21","slug":"ministerio-do-meio-ambiente-extingue-base-do-projeto-tamar-em-pirambu","status":"publish","type":"post","link":"https:\/\/tribunadapraia.com.br\/?p=1356","title":{"rendered":"Minist\u00e9rio do Meio Ambiente extingue base do projeto Tamar em Pirambu"},"content":{"rendered":"<header class=\"entry-header ast-no-thumbnail\">\n<div class=\"ast-single-post-order\">\n<div class=\"entry-meta\">Por\u00a0<span class=\"posted-by vcard author\"><a class=\"url fn n\" title=\"Ver todos os posts de Eug\u00eanio Nascimento\" href=\"https:\/\/www.blogprimeiramao.com.br\/author\/eugenio\/\" rel=\"author\"><span class=\"author-name\">Eug\u00eanio Nascimento<\/span><\/a><\/span><\/div>\n<\/div>\n<\/header>\n<div class=\"entry-content clear\">\n<div class=\"at-above-post addthis_tool\" data-url=\"https:\/\/www.blogprimeiramao.com.br\/ministerio-do-meio-ambiente-extingue-base-do-projeto-tamar-em-pirambu\/\"><\/div>\n<p>O Minist\u00e9rio do Meio Ambiente fez publicar na edi\u00e7\u00e3o no Di\u00e1rio Oficial da Uni\u00e3o desta quinta-feira, 28, \u00a0a portaria\u00a0 n\u00ba 554, de 25 de maio de 2020, que extingue\u00a0 as bases avan\u00e7adas do Centro TAMAR de Arembepe (BA), Parnamirim (RN) e Pirambu (SE) e cria a Base Avan\u00e7ada do Centro TAMAR em Salvador\/BA.<\/p>\n<section class=\"wp-yuzo yzp-wrapper  yzp-id-1530 yzp-template-list-yuzo-l yzp-layout-list yzp-without-excerpt yzp-aspect-ratio-4-3 yzp-mobile-columns-1 yzp-tablet-columns-1 yzp-desktop-columns-1\" data-version=\"6.2.2\" data-id=\"1530\" data-type=\"c\" data-level=\"1\"><\/section>\n<\/div>\n","protected":false},"excerpt":{"rendered":"<p>Por\u00a0Eug\u00eanio Nascimento O Minist\u00e9rio do Meio Ambiente fez publicar na edi\u00e7\u00e3o no Di\u00e1rio Oficial da Uni\u00e3o desta quinta-feira, 28, \u00a0a portaria\u00a0 n\u00ba 554, de 25 de maio de 2020, que extingue\u00a0 as bases avan\u00e7adas do Centro TAMAR de Arembepe (BA), Parnamirim (RN) e Pirambu (SE) e cria a Base Avan\u00e7ada do Centro TAMAR em Salvador\/BA.<\/p>\n","protected":false},"author":1,"featured_media":1357,"comment_status":"open","ping_status":"open","sticky":false,"template":"","format":"standard","meta":[],"categories":[18],"tags":[],"yoast_head":"<!-- This site is optimized with the Yoast SEO plugin v16.3 - https:\/\/yoast.com\/wordpress\/plugins\/seo\/ -->\n<title>Minist\u00e9rio do Meio Ambiente extingue base do projeto Tamar em Pirambu - TRIBUNA DA PRAIA<\/title>\n<meta name=\"robots\" content=\"index, follow, max-snippet:-1, max-image-preview:large, max-video-preview:-1\" \/>\n<link rel=\"canonical\" href=\"https:\/\/tribunadapraia.com.br\/?p=1356\" \/>\n<meta property=\"og:locale\" content=\"pt_BR\" \/>\n<meta property=\"og:type\" content=\"article\" \/>\n<meta property=\"og:title\" content=\"Minist\u00e9rio do Meio Ambiente extingue base do projeto Tamar em Pirambu - TRIBUNA DA PRAIA\" \/>\n<meta property=\"og:description\" content=\"Por\u00a0Eug\u00eanio Nascimento O Minist\u00e9rio do Meio Ambiente fez publicar na edi\u00e7\u00e3o no Di\u00e1rio Oficial da Uni\u00e3o desta quinta-feira, 28, \u00a0a portaria\u00a0 n\u00ba 554, de 25 de maio de 2020, que extingue\u00a0 as bases avan\u00e7adas do Centro TAMAR de Arembepe (BA), Parnamirim (RN) e Pirambu (SE) e cria a Base Avan\u00e7ada do Centro TAMAR em Salvador\/BA.\" \/>\n<meta property=\"og:url\" content=\"https:\/\/tribunadapraia.com.br\/?p=1356\" \/>\n<meta property=\"og:site_name\" content=\"TRIBUNA DA PRAIA\" \/>\n<meta property=\"article:publisher\" content=\"https:\/\/www.facebook.com\/tribunadapraiaonline\/\" \/>\n<meta property=\"article:published_time\" content=\"2020-05-29T00:22:46+00:00\" \/>\n<meta property=\"article:modified_time\" content=\"2020-05-29T00:23:21+00:00\" \/>\n<meta property=\"og:image\" content=\"https:\/\/tribunadapraia.com.br\/wp-content\/uploads\/2020\/05\/IMG-20200528-WA0064.jpg\" \/>\n\t<meta property=\"og:image:width\" content=\"800\" \/>\n\t<meta property=\"og:image:height\" content=\"530\" \/>\n<meta name=\"twitter:card\" content=\"summary_large_image\" \/>\n<meta name=\"twitter:creator\" content=\"@Claudomir21\" \/>\n<meta name=\"twitter:site\" content=\"@Claudomir21\" \/>\n<script type=\"application\/ld+json\" class=\"yoast-schema-graph\">{\"@context\":\"https:\/\/schema.org\",\"@graph\":[{\"@type\":\"Organization\",\"@id\":\"https:\/\/tribunadapraia.com.br\/#organization\",\"name\":\"Tribuna da Praia\",\"url\":\"https:\/\/tribunadapraia.com.br\/\",\"sameAs\":[\"https:\/\/www.facebook.com\/tribunadapraiaonline\/\",\"https:\/\/www.instagram.com\/claudomirtavares\/\",\"https:\/\/www.youtube.com\/channel\/UCwQf80nxiMzCefAyjbp53Rw\",\"https:\/\/twitter.com\/Claudomir21\"],\"logo\":{\"@type\":\"ImageObject\",\"@id\":\"https:\/\/tribunadapraia.com.br\/#logo\",\"inLanguage\":\"pt-BR\",\"url\":\"https:\/\/tribunadapraia.com.br\/wp-content\/uploads\/2020\/02\/logo.png\",\"contentUrl\":\"https:\/\/tribunadapraia.com.br\/wp-content\/uploads\/2020\/02\/logo.png\",\"width\":501,\"height\":121,\"caption\":\"Tribuna da Praia\"},\"image\":{\"@id\":\"https:\/\/tribunadapraia.com.br\/#logo\"}},{\"@type\":\"WebSite\",\"@id\":\"https:\/\/tribunadapraia.com.br\/#website\",\"url\":\"https:\/\/tribunadapraia.com.br\/\",\"name\":\"TRIBUNA DA PRAIA\",\"description\":\"O 1\\u00ba jornal do interior de Sergipe na internet\",\"publisher\":{\"@id\":\"https:\/\/tribunadapraia.com.br\/#organization\"},\"potentialAction\":[{\"@type\":\"SearchAction\",\"target\":\"https:\/\/tribunadapraia.com.br\/?s={search_term_string}\",\"query-input\":\"required name=search_term_string\"}],\"inLanguage\":\"pt-BR\"},{\"@type\":\"ImageObject\",\"@id\":\"https:\/\/tribunadapraia.com.br\/?p=1356#primaryimage\",\"inLanguage\":\"pt-BR\",\"url\":\"https:\/\/tribunadapraia.com.br\/wp-content\/uploads\/2020\/05\/IMG-20200528-WA0064.jpg\",\"contentUrl\":\"https:\/\/tribunadapraia.com.br\/wp-content\/uploads\/2020\/05\/IMG-20200528-WA0064.jpg\",\"width\":800,\"height\":530},{\"@type\":\"WebPage\",\"@id\":\"https:\/\/tribunadapraia.com.br\/?p=1356#webpage\",\"url\":\"https:\/\/tribunadapraia.com.br\/?p=1356\",\"name\":\"Minist\\u00e9rio do Meio Ambiente extingue base do projeto Tamar em Pirambu - TRIBUNA DA PRAIA\",\"isPartOf\":{\"@id\":\"https:\/\/tribunadapraia.com.br\/#website\"},\"primaryImageOfPage\":{\"@id\":\"https:\/\/tribunadapraia.com.br\/?p=1356#primaryimage\"},\"datePublished\":\"2020-05-29T00:22:46+00:00\",\"dateModified\":\"2020-05-29T00:23:21+00:00\",\"breadcrumb\":{\"@id\":\"https:\/\/tribunadapraia.com.br\/?p=1356#breadcrumb\"},\"inLanguage\":\"pt-BR\",\"potentialAction\":[{\"@type\":\"ReadAction\",\"target\":[\"https:\/\/tribunadapraia.com.br\/?p=1356\"]}]},{\"@type\":\"BreadcrumbList\",\"@id\":\"https:\/\/tribunadapraia.com.br\/?p=1356#breadcrumb\",\"itemListElement\":[{\"@type\":\"ListItem\",\"position\":1,\"item\":{\"@type\":\"WebPage\",\"@id\":\"https:\/\/tribunadapraia.com.br\/\",\"url\":\"https:\/\/tribunadapraia.com.br\/\",\"name\":\"In\\u00edcio\"}},{\"@type\":\"ListItem\",\"position\":2,\"item\":{\"@id\":\"https:\/\/tribunadapraia.com.br\/?p=1356#webpage\"}}]},{\"@type\":\"Article\",\"@id\":\"https:\/\/tribunadapraia.com.br\/?p=1356#article\",\"isPartOf\":{\"@id\":\"https:\/\/tribunadapraia.com.br\/?p=1356#webpage\"},\"author\":{\"@id\":\"https:\/\/tribunadapraia.com.br\/#\/schema\/person\/326b0a9f3163b479142c64eba4928de0\"},\"headline\":\"Minist\\u00e9rio do Meio Ambiente extingue base do projeto Tamar em Pirambu\",\"datePublished\":\"2020-05-29T00:22:46+00:00\",\"dateModified\":\"2020-05-29T00:23:21+00:00\",\"mainEntityOfPage\":{\"@id\":\"https:\/\/tribunadapraia.com.br\/?p=1356#webpage\"},\"wordCount\":72,\"commentCount\":0,\"publisher\":{\"@id\":\"https:\/\/tribunadapraia.com.br\/#organization\"},\"image\":{\"@id\":\"https:\/\/tribunadapraia.com.br\/?p=1356#primaryimage\"},\"thumbnailUrl\":\"https:\/\/tribunadapraia.com.br\/wp-content\/uploads\/2020\/05\/IMG-20200528-WA0064.jpg\",\"articleSection\":[\"Not\\u00edcias\"],\"inLanguage\":\"pt-BR\",\"potentialAction\":[{\"@type\":\"CommentAction\",\"name\":\"Comment\",\"target\":[\"https:\/\/tribunadapraia.com.br\/?p=1356#respond\"]}]},{\"@type\":\"Person\",\"@id\":\"https:\/\/tribunadapraia.com.br\/#\/schema\/person\/326b0a9f3163b479142c64eba4928de0\",\"name\":\"tribunadapraia\",\"image\":{\"@type\":\"ImageObject\",\"@id\":\"https:\/\/tribunadapraia.com.br\/#personlogo\",\"inLanguage\":\"pt-BR\",\"url\":\"https:\/\/secure.gravatar.com\/avatar\/38b019c74762496076b7355024a0dad9?s=96&d=identicon&r=g\",\"contentUrl\":\"https:\/\/secure.gravatar.com\/avatar\/38b019c74762496076b7355024a0dad9?s=96&d=identicon&r=g\",\"caption\":\"tribunadapraia\"}}]}<\/script>\n<!-- \/ Yoast SEO plugin. -->","wps_subtitle":"","_links":{"self":[{"href":"https:\/\/tribunadapraia.com.br\/index.php?rest_route=\/wp\/v2\/posts\/1356"}],"collection":[{"href":"https:\/\/tribunadapraia.com.br\/index.php?rest_route=\/wp\/v2\/posts"}],"about":[{"href":"https:\/\/tribunadapraia.com.br\/index.php?rest_route=\/wp\/v2\/types\/post"}],"author":[{"embeddable":true,"href":"https:\/\/tribunadapraia.com.br\/index.php?rest_route=\/wp\/v2\/users\/1"}],"replies":[{"embeddable":true,"href":"https:\/\/tribunadapraia.com.br\/index.php?rest_route=%2Fwp%2Fv2%2Fcomments&post=1356"}],"version-history":[{"count":1,"href":"https:\/\/tribunadapraia.com.br\/index.php?rest_route=\/wp\/v2\/posts\/1356\/revisions"}],"predecessor-version":[{"id":1358,"href":"https:\/\/tribunadapraia.com.br\/index.php?rest_route=\/wp\/v2\/posts\/1356\/revisions\/1358"}],"wp:featuredmedia":[{"embeddable":true,"href":"https:\/\/tribunadapraia.com.br\/index.php?rest_route=\/wp\/v2\/media\/1357"}],"wp:attachment":[{"href":"https:\/\/tribunadapraia.com.br\/index.php?rest_route=%2Fwp%2Fv2%2Fmedia&parent=1356"}],"wp:term":[{"taxonomy":"category","embeddable":true,"href":"https:\/\/tribunadapraia.com.br\/index.php?rest_route=%2Fwp%2Fv2%2Fcategories&post=1356"},{"taxonomy":"post_tag","embeddable":true,"href":"https:\/\/tribunadapraia.com.br\/index.php?rest_route=%2Fwp%2Fv2%2Ftags&post=1356"}],"curies":[{"name":"wp","href":"https:\/\/api.w.org\/{rel}","templated":true}]}}