{"id":1352,"date":"2020-05-25T11:52:35","date_gmt":"2020-05-25T14:52:35","guid":{"rendered":"https:\/\/tribunadapraia.com.br\/?p=1352"},"modified":"2020-05-25T11:52:35","modified_gmt":"2020-05-25T14:52:35","slug":"edilene-oliveira-a-trajetoria-da-primeira-mulher-a-presidir-a-cdl-propria-uma-homenagem-em-forma-de-entrevista-celebrativa","status":"publish","type":"post","link":"https:\/\/tribunadapraia.com.br\/?p=1352","title":{"rendered":"EDILENE OLIVEIRA: A trajet\u00f3ria da primeira mulher a presidir a CDL\/Propri\u00e1, uma homenagem em forma de entrevista celebrativa"},"content":{"rendered":"<p>No dia de sua data natal\u00edcia, uma homenagem diferente a mulher que t\u00eam se destacado por fazer a diferen\u00e7a<\/p>\n<p>por ClaudOmir Herzog<\/p>\n<p>Ela entrou definitivamente para a Hist\u00f3ria de Propri\u00e1 ao ascender a condi\u00e7\u00e3o de primeira mulher a presidir a CDL local, a mais importante e representativa entidade de classe empresarial no Baixo S\u00e3o Francisco sergipano. Nesta entrevista concedida com exclusividade a ClaudOmir Herzog, conhe\u00e7a mais sobre a vida pessoal e profissional da nossa querida Edilene Oliveira.<\/p>\n<p>TRIBUNA DA PRAIA &#8211; Nesta data t\u00e3o especial em sua vida, como voc\u00ea definiria a mulher, cidad\u00e3, filha, m\u00e3e e desbravada empres\u00e1ria propriaense?<br \/>\nEDILENE OLIVEIRA &#8211; Nunca sonhei, nem fiz planos para estar hoje onde estou, fiz planos para ter uma independ\u00eancia financeira, sonhei muito com uma casa de laje, porque aqui sempre foi cansativo a limpeza em \u00e9poca de queima dos canaviais, enquanto eu trabalhava muito como feirante, m\u00e3e e esposa. Como filha sempre ajudei meus pais com o trabalho \u00e1rduo , como m\u00e3e errei e acertei na cria\u00e7\u00e3o, mais dura porque damos o que recebemos. Como cidad\u00e3 propriaense venho desenvolvendo o meu papel em prol de uma comunidade onde ofere\u00e7o muito pouco, por n\u00e3o ter como ofertar ainda mais, tendo em vista que esse pouco ajuda algumas fam\u00edlias que de alguma forma depende dessa garra que tenho em querer o melhor para mim e aos que posso alcan\u00e7ar, com minha luta di\u00e1ria de trabalho.<\/p>\n<p>\u25a0 Nunca sonhei, nem fiz planos para estar hoje onde estou, fiz planos para ter uma independ\u00eancia financeira<\/p>\n<p>TRIBUNA DA PRAIA &#8211; De S\u00e3o Paulo (capital), sua terra m\u00e1tria, como foram os primeiros anos de sua exist\u00eancia at\u00e9 se mudar para Propri\u00e1, cidade onde permanece at\u00e9 os dias atuais?<br \/>\nEDILENE OLIVEIRA &#8211; S\u00e3o Paulo uma inf\u00e2ncia \u00f3tima com as brincadeiras de crian\u00e7as, amarelinha, casinha , baleado coisa que hoje \u00e9 dif\u00edcil se ver. Num estudo em col\u00e9gios p\u00fablicos estadual, mas muito r\u00edgido onde sonhava sempre em ter um carro igual ao da professora, porque para ter um fusca ou uma brasilia , s\u00f3 tinha os professores.<br \/>\nS\u00e3o Paulo n\u00e3o era uma vida f\u00e1cil, ajudava minha m\u00e3e, tanto eu como minha irm\u00e3 , caminh\u00e1vamos muito em ruas de barro , vendendo Yakut para ela ajudar meu pai a nos criar com um tempo , mudou e eles passaram a empreender , j\u00e1 se tinha um emp\u00f3rio onde eu e minha irm\u00e3 \u00edamos at\u00e9 l\u00e1 para ajudar a separar as compras dos cliente que comprava, mandava uma lista e separ\u00e1vamos e depois o Edilson o \u00fanico funcion\u00e1rio, levava as compras em um carrinho grande de madeira. Vinhemos a Sergipe em 1981 mas s\u00f3 moramos 10 meses. Quando voltamos j\u00e1 passou a ser um bar. Vida sempre em torno do trabalho, mas muito feliz, como crian\u00e7a. Vivi em s\u00e3o Paulo at\u00e9 os 14 anos, onde no meio do ano passei a viver em Sergipe.<\/p>\n<p>TRIBUNA DA PRAIA &#8211; Como foram os ternos anos de sua adolesc\u00eancia e quais as lembran\u00e7as e narrativas de Propri\u00e1 da n\u00e3o t\u00e3o long\u00ednqua d\u00e9cada de 1980?<br \/>\nEDILENE OLIVEIRA &#8211; Em Sergipe nos tornamos feirante e estudante do Col\u00e9gio Estadual pela noite, para ajudar na luta da Galeria que hoje se chama mercado da farinha. Lembran\u00e7as de muito trabalho, peneirar feij\u00e3o, pesar a\u00e7\u00facar, muitos sacos porque se vendia muito no box da galeria. J\u00e1 na escola era muito legal, porque como n\u00f3s eramos mo\u00e7as muito bonita, falando com um sotaque diferente, sempre tivemos muitas amigas Meu pai r\u00edgido proibia tudo, mas adolescente sempre apronta. Ent\u00e3o sempre que dava a gente tinha 20 minutos para ir dan\u00e7ar na Cavalheiro da Noite, onde o som dos anos 80 era um ritmo maravilhoso, at\u00e9 o vigia do Estadual contar para meu pai (ridos) que a gente ia escondido, ele foi la e quando chegamos em casa aquele surra, para n\u00e3o fazer de novo. Mas adolescente nunca obedece, continua fazendo escondido. Quando se podia sair era um p\u00e1ssaro fora da gaiola, queria viver a liberdade, liberdade de sair , sorrir no murinho, namorar e se divertir com as piadas dos amigos, nas rodinhas do murinho.N\u00e3o tinha dinheiro para nada mais de vez enquando dava para comer um lanche no trayller do baixinho na frente do beira rio. As festa de carnaval \u00edamos na matine do 12 tenis clube, porque n\u00e3o sa\u00edmos a noite. Sempre falo no plural, porque eu s\u00f3 podia sair de casa com a irm\u00e3o ,se ela n\u00e3o fosse eu n\u00e3o ia, chorei muito com tantos n\u00e3o. Queria viver uma liberdade que n\u00e3o tinha, que sempre trabalhamos muitos e isso era uma obriga\u00e7\u00e3o sem muita recompensa. Nem poder dar uma volta na cidade. Mas mesmo assim era uma adolecencia feliz. O banho de sol dos fins de semana era escondido. E quando descoberto, j\u00e1 sabe (outra surra). Mas entendo hoje , naquela \u00e9poca n\u00e3o.<\/p>\n<p>\u25a0 Ent\u00e3o sempre que dava a gente tinha 20 minutos para ir dan\u00e7ar na Cavalheiro da Noite<\/p>\n<p>TRIBUNA DA PRAIA &#8211; Fale sobre a menina na escola, como foi sua passagem das primeiras letras \u00e0s mais complexas li\u00e7\u00f5es do 1\u00b0 e 2\u00b0 graus (atuais Ensino Fundamental e M\u00e9dio)?<br \/>\nEDILENE OLIVEIRA &#8211; Como j\u00e1 relatei antes, estudos a noite, trabalho \u00e1rduo pelo dia. Mas um aprendizado maravilhoso. No Polivalente estudei Magist\u00e9rio, minha primeira forma\u00e7\u00e3o.Tinha o Poliforr\u00f3 que participei de uns dois, participei num desfile de modas, com roupas da botique da finada VAL MODAS, importante empresaria do ramo de moda da cidade. Me divertia naqueles corredores nos intervalos das aulas foi a melhor \u00e9poca, na subida ia r\u00e1pido para n\u00e3o perder o hor\u00e1rio, sempre fui muito pontual, j\u00e1 na descida a gente voltava em patotinhas, algumas vezes gritando outras vezes correndo ou andando r\u00e1pido, porque tinha que ir no murinho olhar que estava l\u00e1 antes de chegar em casa.<br \/>\nEra muito bom , sentar nas pra\u00e7as e sorrir com a prima e as amigas.<br \/>\nLembro me de poucos professores, mais alguns sempre se torna inesquec\u00edveis, orofessor Anselmo, professor Pereira, professor Chico, professor Genilvaldo j\u00e1 no Col\u00e9gio Diocesano que fiz mais um ano para ensinar ate a 6\u00aa serie. E o mais interessante que tanto eu como minha irm\u00e3 estudou para o magist\u00e9rio para agradar o pai porque nessa \u00e9poca, tinha Enfermagem o melhor curso de Sergipe diga se de passagem, Administra\u00e7\u00e3o e Magist\u00e9rio.<\/p>\n<p>TRIBUNA DA PRAIA &#8211; O que lhe motivou e a conduziu ao Curso Superior de Administra\u00e7\u00e3o e da\u00ed a Especializa\u00e7\u00e3o?<br \/>\nEDILENE OLIVEIRA &#8211; Eu parei os estudos com 19 anos, n\u00e3o tinha como pagar faculdade e o pai proibia as filhas nunca iria morar sozinha na capital.<br \/>\nMas prestei o vestibular s\u00f3 para passar uns dias na casa de uma tia da nossa vizinha , m\u00e3e de Adriano da Nonato m\u00e1rmore e granito, rsrsrsrs.<br \/>\nFiz vestibular de engenharia civil o mais dif\u00edcil, j\u00e1 sabia que n\u00e3o ia passar mesmo.<br \/>\nSegui minha vida casei aos 21 fui m\u00e3e aos 24 anos, fico vi\u00fava aos 27 anos. Volto a estudar Administra\u00e7\u00e3o de fato em junho de 2008. Onde a UNIT PROPRI\u00c1, passa a ter a gradua\u00e7\u00e3o dos 4 anos . O que me motivou a voltar a estudar foi a busca constante de conhecimento, por j\u00e1 est\u00e1 a frente de minha empresa e precisar ter conhecimento n\u00e3o s\u00f3 emp\u00edrico mais de base fundamentada .<br \/>\nComo tudo na vida esta em movimento parei os estudos, e em 2018 resolvi voltar a estuda, onde fiz uma P\u00f3s Gradua\u00e7\u00e3o em Gest\u00e3o e Empreendedorismo. Gosto muito de aprender e venho a cada dia buscando novos conhecimentos.<br \/>\nNo meio do caminho muitos desafios, muitas hist\u00f3rias boas de se relembrar , muitas lagrimas derramadas , porque a vida sempre foi muito dura comigo, talvez pelo fato de quem n\u00e3o consegue ficar parado vendo as coisa acontecerem , isso torna em algum momento essa tal evidencia e os holofotes quando se vira para o seu lado , deixa a sua vida muito p\u00fablica.<br \/>\nE as suas qualidades e defeitos s\u00e3o questionado a todo instante por pessoas que em algum momento fala bem em outras n\u00e3o t\u00e3o bem ,pelo que ouviu dizer. Mas ainda pretendo conquistar novos sonhos , porque uma pessoa que tem um perfil empreendedor respira trabalho e sonha todos os dias sonhos melhores para si e para sua comunidade .<br \/>\nVivo minha vida part\u00edcula, como acho que esta certo , sempre fui muito a frente dos anos que vivo e isso incomoda muitas vezes por que tem pessoas que voc\u00ea inspira e outra que gostariam de ter a coragem ou as mesmas atitudes e por medo ou receio deixa de fazer o que a alma pede.<br \/>\nEu desejo muito a todos que sonhem e se inspire sempre em algu\u00e9m melhor , nunca se compare aos fracos J\u00e1 mais fiz isso.<\/p>\n<p>\u25a0 casei aos 21 fui m\u00e3e aos 24 anos, fico vi\u00fava aos 27 anos (&#8230;) Tive ao longo dos anos, perdas de pessoas que tinha muito significado na minha vida<\/p>\n<p>TRIBUNA DA PRAIA &#8211; Ao nosso ver, voc\u00ea \u00e9 de uma personalidade muito forte, n\u00e3o \u00e9 mesmo? Mas descreva voc\u00ea mesma essa Edilene que \u00e9 uma fortaleza.<br \/>\nEDILENE OLIVEIRA &#8211; Como fortaleza, me sinto hoje uma f\u00eanix agora expondo intimidades emocional, Tive ao longo dos anos, perdas de pessoas que tinha muito significado na minha vida . Sou m\u00e3e e pai a 22 anos, precisei fugir e deixar tudo para traz em uma fase da vida, sou uma das v\u00edtimas domesticas, superei essa fase, depois em outro momento tinha um companheiro que morre num assalto. E tive que levantar a cabe\u00e7a e seguir em frete. A vida vai dando umas chineladas, mais precisa cair e levantar a cabe\u00e7a e seguir em frente.<br \/>\nE ser gestora da pr\u00f3pria vida como j\u00e1 citei antes \u00e9 algo que precisa ser fortalecido todos os dias.<\/p>\n<p>TRIBUNA DA PRAIA &#8211; Como \u00e9 a Edilene m\u00e3e, esposa e filha, quais as credenciais e caracter\u00edsticas de uma, presente na outra, que cabe na mesma pessoa?<br \/>\nEDILENE OLIVEIRA &#8211; M\u00e3e sou r\u00edgida e cobro muito resultados.<br \/>\nEsposa j\u00e1 fui muito ciumenta e possessiva, na verdade sou um grude, quero dar aten\u00e7\u00e3o e cobro na mesma propor\u00e7\u00e3o. Mas no momento continuo sozinha, como tudo mudou agora j\u00e1 nem sei como iria me comportar como esposa.<\/p>\n<p>\u25a0 Eu tenho uma equipe na empresa que trabalha muito boa e d\u00e1 o suporte que necessitamos &#8230;<\/p>\n<p>TRIBUNA DA PRAIA &#8211; De empres\u00e1ria bem sucedida, a primeira presidente da CDL em Propri\u00e1, como \u00e9 possivel conciliar estas fun\u00e7\u00f5es que exigem tamanha dedica\u00e7\u00e3o e m\u00faltiplas responsabilidades?<br \/>\nEDILENE OLIVEIRA &#8211; Eu tenho uma equipe na empresa que trabalha muito boa e d\u00e1 o suporte que necessitamos para funcionar a pleno vapor, somos muitos unidos em prol da empresa que trabalhamos e os nossos clientes s\u00e3o pe\u00e7as fundamentais para nossa sobreviv\u00eancia, somos grato por cada um deles que de alguma forma contribui para o nosso sucesso,.<br \/>\nComo presidente de CDL , n\u00e3o foi nada planejado o convite foi feito e eu at\u00e9 aceitei depois voltei atr\u00e1s, mas o ex presidente , fez um discurso que eu resolvi aceitar o desafio. Porque desafios, s\u00e3o muitos empres\u00e1rios e cada um tem a sua maneira de trabalhar e pensar , muitas das vezes , n\u00e3o pensamos do jeito que o colega pensa e preciso para ouvir aceitar as ideia as diverg\u00eancias , voltar atr\u00e1s em algum momento . Ningu\u00e9m \u00e9 o dono da verdade e muitas vezes precisamos dar algumas not\u00edcias ruim que n\u00e3o \u00e9 aceita. Mas o desafio est\u00e1 bem pertinho de ser conclu\u00eddo e n\u00e3o pretendo continuar \u00e0 frente da CDL, porque tenho projetos pessoais que ir\u00e1 demandar meu tempo, sou muito comprometida no que fa\u00e7o e estou dando muita aten\u00e7\u00e3o aos nossos associados e para isso demanda muito do meu tempo.<\/p>\n<p>.\u25a0 &#8230; e os nossos clientes s\u00e3o pe\u00e7as fundamentais para nossa sobreviv\u00eancia<\/p>\n<p>TRIBUNA DA PRAIA &#8211; Como tem sido a sua rela\u00e7\u00e3o com as comunidades dos bairros Matadouro, Poeira e Prainha, regi\u00e3o onde est\u00e1 instalada sua loja?<br \/>\nEDILENE OLIVEIRA &#8211; Eu procuro desde o dia que me instalei aqui nessa comunidade, trazer melhorias para o bairro, por ser um bairro que necessitava de visibilidade, s\u00e3o pessoas que admiro muito, pessoas como eu que merece meu respeito.<\/p>\n<p>TRIBUNA DA PRAIA &#8211; Sobre a mudan\u00e7a da est\u00e1tua, da imegem do Bom Jesus dos Nabegantes, das margens da BR 101 para o bairro Poeira, da qual voc\u00ea teve destacado papel, como se deu essa opera\u00e7\u00e3o que encheu de orgulho os propriaenses?<br \/>\nEDILENE OLIVEIRA &#8211; Nunca entendemos porque aquela imagem estava ali do lado contr\u00e1rio ao rio e sem nenhuma placa que mostrasse ao menos o nome dela. Mas mesmo assim durante algum tempo resolvi cuidar, na gest\u00e3o do prefeito Am\u00e9rico ele me disse que eu poderia cuidar que ele era evang\u00e9lico, e assim eu e meus funcion\u00e1rios fizemos, fui l\u00e1 mandei pintar coloquei placa, o povo arrancou enfim cuidava se mais uma vez por ano. Com a duplica\u00e7\u00e3o fiz o pedido para prestigiar o bairro, Margeando o rio e para na festa de Bom Jesus o mastro poeira, o primeiro mastro de Propri\u00e1 ser agraciado pelas b\u00ean\u00e7\u00e3os do Bom Jesus, pelo empenho da comunidade em fazer da semana da festa um espet\u00e1culo. Sem conta com um novo ponto tur\u00edstico para os demais moradores de Propri\u00e1, a escolha do local tamb\u00e9m foi pensada para que seja visto tamb\u00e9m da ponte. E o mais legal de tudo isso foi que inspirou outros empres\u00e1rios e grupos a fazer algo pelo seu bairro, depois disso j\u00e1 teve os movimentos das pra\u00e7as, a limpeza e transforma\u00e7\u00e3o do varanda nas margens da BR 101 e um novo Bom Jesus no mastro Quintino Boaiuva e a revitaliza\u00e7\u00e3o do padroeiro da cidade SANTO ANTONIO. Essas transforma\u00e7\u00f5es na cidade de alguma forma, teve o ponta p\u00e9 inicial com a vida do Bom Jesus para cidade isso \u00e9 gratificante sem contar com o envolvimento dos moradores dos bairros matadouro e poeira com ajuda de todos. E<br \/>\npoder ver tantas mudan\u00e7a na cidade como um todo atrav\u00e9s de uma iniciativa que n\u00e3o sabia que seria t\u00e3o bem aceita pela cidade.<\/p>\n<p>\u25a0 Essas transforma\u00e7\u00f5es na cidade de alguma forma, teve o ponta p\u00e9 inicial com a vida do Bom Jesus para cidade<\/p>\n<p>TRIBUNA DA PRAIA &#8211; Qual era a real situa\u00e7\u00e3o da CDL antes de voc\u00ea assumir a presid\u00eancia, quais foram \u00e0s dificuldades e desafio enfrentados e quais foram as conquistas que voc\u00ea celebrou com o segmento comercial?<br \/>\nEDILENE OLIVRIRA &#8211; A CDL tinha um outro perfil ou melhor uma outra linha de pensamento , mais apesar dos poucos associados ela funcionava bem a colaboradora que esta l\u00e1 vem de muitos presid\u00eancias e merece meu respeito em saber lidar com tantas mentes diferentes.<br \/>\nMe assustouei um pouco no in\u00edcio, com meu jeito, por que sou muito din\u00e2mica e gosto de fazer tudo logo e gosto de ver resultados das a\u00e7\u00f5es. As mudan\u00e7as deixo a crit\u00e9rio da pessoas que utiliza os nossos servi\u00e7os. Mais enfatizo sempre. Somos um grupo que gera emprego e renda ao munic\u00edpio e que juntos somos mais fortes, precisamos da uni\u00e3o de todos , participa\u00e7\u00e3o de todos , como uma engrenagem para ter for\u00e7a e ser ouvidos pelos gestores. Principalmente num momento desse com essa anormalidade que o mundo passa hoje.<\/p>\n<p>\u25a0 Me assustouei um pouco no in\u00edcio, com meu jeito, por que sou muito din\u00e2mica e gosto de fazer tudo logo e gosto de ver resultados das a\u00e7\u00f5es<\/p>\n<p>TRIBUNA DA PRAIA &#8211; H\u00e1 pouco mais de um ano, voc\u00ea, ao lado de mais 9 destacadas mulheres, foram empossadas fundadoras da Academia Liter\u00e1ria de Vida de Propri\u00e1, a mais atuante da cidade. Fale sobre a ALVP, o papel deste soldalicito na sociedade propriaense e qual a sua contribui\u00e7\u00e3o nesta institui\u00e7\u00e3o curadora da cultura local?<br \/>\nEDILENE OLIVEIRA &#8211; A academia foi criada atrav\u00e9s da nossa presidente Elecine Reis e Irinea Borges, amigas a mais de 30 anos, onde elas tiveram a ideia e depois disso no processo fui convidada a participar. Na verdade eu at\u00e9 tenho forma\u00e7\u00e3o na \u00e1rea da educa\u00e7\u00e3o, mas exerci a fun\u00e7\u00e3o quando me formei por poucos meses em S\u00e3o Paulo, existe em t\u00e3o pouco tempo a\u00e7\u00f5es que deu destaque para que foi criada a academia, projeto de leitura Canoa de Tolda, o programa de radio que todos dos domingos pela manh\u00e3 faz a alegria dos ouvintes da 104 Fm. E t\u00ednhamos projetos a serem desenvolvido ao longo desse ano no plano de a\u00e7\u00e3o j\u00e1 descriminado desde fevereiro. Seria a continuidade do projeto de leitura e outra a\u00e7\u00f5es que prefiro n\u00e3o citar por n\u00e3o ter autoriza\u00e7\u00e3o nesse momento . Mas como tudo mudou agora ser\u00e1 transferido para o final deste e no pr\u00f3ximo. Minha contribui\u00e7\u00e3o \u00e9 muito pouca ou quase nada , al\u00e9m das ideias, sugest\u00f5es e participa\u00e7\u00e3o das decis\u00f5es sugerida, por ter muito pouco tempo na minha agenda corrida. Mas sempre que me \u00e9 solicitado paro alguma atividade e vou resolver o que me foi pedido .<br \/>\nTornar-me acad\u00eamica \u00e9 mais umas das surpresa que a vida me deu e n\u00e3o esquecendo da indica\u00e7\u00e3o do meu nome que foi feito pela querida confreira Elis\u00e2ngela Castelo Branco.<\/p>\n<p>\u25a0 Tornar-me acad\u00eamica \u00e9 mais umas das surpresa que a vida me deu e n\u00e3o esquecendo da indica\u00e7\u00e3o do meu nome que foi feito pela querida confreira Elis\u00e2ngela Castelo Branco.<\/p>\n<p>TRIBUNA DA PRAIA &#8211; Apesar de seu pedido para n\u00e3o falarmos em pol\u00edtica, n\u00e3o vamos deixar de lembrar que seu nome t\u00eam sido ecoado nos bastidores como um qualificado quadro para compor uma chapa majorit\u00e1ria, confere?<br \/>\nEDILENE OLIVEIRA &#8211; O \u00fanico convite que recebi politicamente , foi do ent\u00e3o presidente da OAB, para ser suplente na chapa dele ao Senado que educadamente agradeci. Se existe esses murmurinho , n\u00e3o chegou ao meu conhecimento .<\/p>\n<p>\u25a0 Sou mulher, tenho vaidade e estou me sentindo linda para os 50 anos (&#8230;) Me sinto como tivesse uns 35 anos. J\u00e1 dona de mim em todos as searas.<\/p>\n<p>TRIBUNA DA PRAIA &#8211; Qual o significado de chegar aos 50 anos tendo sido a protagonista de uma trajet\u00f3ria que enche de orgulho a sociedade propriaense?<br \/>\nEDILENE OLIVEIRA &#8211; Eu sempre fui agindo de maneira que eu mesma n\u00e3o percebia a grandiosidade dos atos positivos da minha hist\u00f3ria. Em algum momento uma pessoa muito querida me chamou e disse olhe para sua vida de fora dela. E veja onde voc\u00ea chegou e passe a entender o significado de tudo isso \u00e9 positivo. Aproveite mais sua vida. E foi nesse momento que percebi que j\u00e1 era momento de come\u00e7a a fazer mais por mim. E aproveitar a vida no hoje e o agora e deixei um pouquinho de lado o profissional e cuidar da mulher. Eu tenho uma fala que a vida da gente tem que ser vista como personagem.<br \/>\nExite em mim al\u00e9m da profissional, uma mulher que algumas das vezes veste uma armadura para me defender. Mas em outros momentos tem a mulher na sua ess\u00eancia . Fr\u00e1gil e doce que poucos conhece ,porque as quedas da vida deixou marcas.<br \/>\nSer protagonista requer muita habilidade e isso se conquista dia a dia. Ser mulher em evid\u00eancia muitas das vezes atrai coisas boas e outra n\u00e3o tanto. Mas servir de inspira\u00e7\u00e3o a outras mais jovens e mostrar que com luta e garra e saber ver as oportunidade e aproveitar e muito bom. Muitas vezes na minha trajet\u00f3ria perguntei a Deus por que tanto sofrimento. E ele me deu como resposta o sil\u00eancio. E alguns anos depois percebi o amor de Deus pro mim ,como ele me aben\u00e7oa E coloca pessoas especiais no caminho. Fechado ciclos e abrindo novos ciclos. Sou mulher, tenho vaidade e estou me sentindo linda para os 50 anos. A cabe\u00e7a n\u00e3o condiz com a idade ainda bem que o corpo ajuda (ridos).<br \/>\nMe sinto como tivesse uns 35 anos. J\u00e1 dona de mim em todos as searas.<\/p>\n<p>TRIBUNA DA PRAIA &#8211; Em nosso nome, de todos e todas que fazem a Tribuna da Praia e da RPCA Sergipe, receba nossa homenagem e devo\u00e7\u00e3o. Por fim, deixe uma mensagem aos nossos leitores e a sociedade propriaense que lhe t\u00eam tamanho carinho.<br \/>\nEDILENE OLIVEIRA &#8211; Eu s\u00f3 agrade\u00e7o a Deus pela sa\u00fade , pela minha fam\u00edlia base de minha educa\u00e7\u00e3o, pelos amigos verdade. E pela vida por me agraciar em alguns momentos me dar novos amigos verdadeiros .<br \/>\nComo voc\u00ea Claudomir porque foi amizade a primeira vista.<br \/>\nE o respeito entre n\u00f3s \u00e9 m\u00fatuo, amigos de verdade \u00e9 isso cada um respeita o que a de melhor e o que a de ruim no outro.<br \/>\nObrigada pelo presente ao longo da semana e por esse momento \u00fanico em poder falar um pouco sobre a Mulher Edilene Oliveira na Tribuna da Praia e na RPCA Sergipe.<br \/>\nE a PROpri\u00e1 minha imensa gratid\u00e3o, por que acolher e me dar o imenso prazer de poder dividir essa cidade que amo al\u00e9m desse rio bel\u00edssimo que desde menina contemplo e cada dia me apaixono ainda mais pelas \u00e1guas que por aqui passam. Obrigada Propri\u00e1, gratid\u00e3o meu Deus por mais uma primavera .<br \/>\nGratid\u00e3o a palavra para tudo isso que vem acontecendo na minha hist\u00f3ria.<\/p>\n<p>&nbsp;<\/p>\n<p>\u25a0 PARA EDILENE!!!<\/p>\n<p>H\u00e1 mais &#8230;<br \/>\nH\u00e1 mais de &#8230;<br \/>\nH\u00e1 mais de dois anos.<br \/>\nVoc\u00ea surgiu<br \/>\nVoc\u00ea ficou &#8230;<br \/>\n&#8230; n\u00e3o mais saiu!<\/p>\n<p>Voc\u00ea permanece<br \/>\nPreenche os vazios<br \/>\nSua presen\u00e7a &#8230;<br \/>\nA dist\u00e2ncia &#8211; se faz presente!<\/p>\n<p>No dia de seu anivers\u00e1rio, o presente&#8230;<br \/>\n&#8230; a sua oresen\u00e7a \u00e9 o nosso presente&#8230;<\/p>\n<p>Parab\u00e9ns Edilene!<br \/>\nObrugadi Edulene!<\/p>\n<p>ClaudOmir Herzog<\/p>\n","protected":false},"excerpt":{"rendered":"<p>No dia de sua data natal\u00edcia, uma homenagem diferente a mulher que t\u00eam se destacado por fazer a diferen\u00e7a por ClaudOmir Herzog Ela entrou definitivamente para a Hist\u00f3ria de Propri\u00e1 ao ascender a condi\u00e7\u00e3o de primeira mulher a presidir a CDL local, a mais importante e representativa entidade de classe empresarial no Baixo S\u00e3o Francisco sergipano. Nesta entrevista concedida com exclusividade a ClaudOmir Herzog, conhe\u00e7a mais sobre a vida pessoal<\/p>\n","protected":false},"author":3,"featured_media":1353,"comment_status":"open","ping_status":"open","sticky":false,"template":"","format":"standard","meta":[],"categories":[18],"tags":[],"yoast_head":"<!-- This site is optimized with the Yoast SEO plugin v16.3 - https:\/\/yoast.com\/wordpress\/plugins\/seo\/ -->\n<title>EDILENE OLIVEIRA: A trajet\u00f3ria da primeira mulher a presidir a CDL\/Propri\u00e1, uma homenagem em forma de entrevista celebrativa - TRIBUNA DA PRAIA<\/title>\n<meta name=\"robots\" content=\"index, follow, max-snippet:-1, max-image-preview:large, max-video-preview:-1\" \/>\n<link rel=\"canonical\" href=\"https:\/\/tribunadapraia.com.br\/?p=1352\" \/>\n<meta property=\"og:locale\" content=\"pt_BR\" \/>\n<meta property=\"og:type\" content=\"article\" \/>\n<meta property=\"og:title\" content=\"EDILENE OLIVEIRA: A trajet\u00f3ria da primeira mulher a presidir a CDL\/Propri\u00e1, uma homenagem em forma de entrevista celebrativa - TRIBUNA DA PRAIA\" \/>\n<meta property=\"og:description\" content=\"No dia de sua data natal\u00edcia, uma homenagem diferente a mulher que t\u00eam se destacado por fazer a diferen\u00e7a por ClaudOmir Herzog Ela entrou definitivamente para a Hist\u00f3ria de Propri\u00e1 ao ascender a condi\u00e7\u00e3o de primeira mulher a presidir a CDL local, a mais importante e representativa entidade de classe empresarial no Baixo S\u00e3o Francisco sergipano. Nesta entrevista concedida com exclusividade a ClaudOmir Herzog, conhe\u00e7a mais sobre a vida pessoal\" \/>\n<meta property=\"og:url\" content=\"https:\/\/tribunadapraia.com.br\/?p=1352\" \/>\n<meta property=\"og:site_name\" content=\"TRIBUNA DA PRAIA\" \/>\n<meta property=\"article:publisher\" content=\"https:\/\/www.facebook.com\/tribunadapraiaonline\/\" \/>\n<meta property=\"article:published_time\" content=\"2020-05-25T14:52:35+00:00\" \/>\n<meta property=\"og:image\" content=\"https:\/\/tribunadapraia.com.br\/wp-content\/uploads\/2020\/05\/IMG-20200520-WA0004.jpg\" \/>\n\t<meta property=\"og:image:width\" content=\"361\" \/>\n\t<meta property=\"og:image:height\" content=\"411\" \/>\n<meta name=\"twitter:card\" content=\"summary_large_image\" \/>\n<meta name=\"twitter:creator\" content=\"@Claudomir21\" \/>\n<meta name=\"twitter:site\" content=\"@Claudomir21\" \/>\n<meta name=\"twitter:label1\" content=\"Est. tempo de leitura\">\n\t<meta name=\"twitter:data1\" content=\"19 minutos\">\n<script type=\"application\/ld+json\" class=\"yoast-schema-graph\">{\"@context\":\"https:\/\/schema.org\",\"@graph\":[{\"@type\":\"Organization\",\"@id\":\"https:\/\/tribunadapraia.com.br\/#organization\",\"name\":\"Tribuna da Praia\",\"url\":\"https:\/\/tribunadapraia.com.br\/\",\"sameAs\":[\"https:\/\/www.facebook.com\/tribunadapraiaonline\/\",\"https:\/\/www.instagram.com\/claudomirtavares\/\",\"https:\/\/www.youtube.com\/channel\/UCwQf80nxiMzCefAyjbp53Rw\",\"https:\/\/twitter.com\/Claudomir21\"],\"logo\":{\"@type\":\"ImageObject\",\"@id\":\"https:\/\/tribunadapraia.com.br\/#logo\",\"inLanguage\":\"pt-BR\",\"url\":\"https:\/\/tribunadapraia.com.br\/wp-content\/uploads\/2020\/02\/logo.png\",\"contentUrl\":\"https:\/\/tribunadapraia.com.br\/wp-content\/uploads\/2020\/02\/logo.png\",\"width\":501,\"height\":121,\"caption\":\"Tribuna da Praia\"},\"image\":{\"@id\":\"https:\/\/tribunadapraia.com.br\/#logo\"}},{\"@type\":\"WebSite\",\"@id\":\"https:\/\/tribunadapraia.com.br\/#website\",\"url\":\"https:\/\/tribunadapraia.com.br\/\",\"name\":\"TRIBUNA DA PRAIA\",\"description\":\"O 1\\u00ba jornal do interior de Sergipe na internet\",\"publisher\":{\"@id\":\"https:\/\/tribunadapraia.com.br\/#organization\"},\"potentialAction\":[{\"@type\":\"SearchAction\",\"target\":\"https:\/\/tribunadapraia.com.br\/?s={search_term_string}\",\"query-input\":\"required name=search_term_string\"}],\"inLanguage\":\"pt-BR\"},{\"@type\":\"ImageObject\",\"@id\":\"https:\/\/tribunadapraia.com.br\/?p=1352#primaryimage\",\"inLanguage\":\"pt-BR\",\"url\":\"https:\/\/tribunadapraia.com.br\/wp-content\/uploads\/2020\/05\/IMG-20200520-WA0004.jpg\",\"contentUrl\":\"https:\/\/tribunadapraia.com.br\/wp-content\/uploads\/2020\/05\/IMG-20200520-WA0004.jpg\",\"width\":361,\"height\":411},{\"@type\":\"WebPage\",\"@id\":\"https:\/\/tribunadapraia.com.br\/?p=1352#webpage\",\"url\":\"https:\/\/tribunadapraia.com.br\/?p=1352\",\"name\":\"EDILENE OLIVEIRA: A trajet\\u00f3ria da primeira mulher a presidir a CDL\/Propri\\u00e1, uma homenagem em forma de entrevista celebrativa - TRIBUNA DA PRAIA\",\"isPartOf\":{\"@id\":\"https:\/\/tribunadapraia.com.br\/#website\"},\"primaryImageOfPage\":{\"@id\":\"https:\/\/tribunadapraia.com.br\/?p=1352#primaryimage\"},\"datePublished\":\"2020-05-25T14:52:35+00:00\",\"dateModified\":\"2020-05-25T14:52:35+00:00\",\"breadcrumb\":{\"@id\":\"https:\/\/tribunadapraia.com.br\/?p=1352#breadcrumb\"},\"inLanguage\":\"pt-BR\",\"potentialAction\":[{\"@type\":\"ReadAction\",\"target\":[\"https:\/\/tribunadapraia.com.br\/?p=1352\"]}]},{\"@type\":\"BreadcrumbList\",\"@id\":\"https:\/\/tribunadapraia.com.br\/?p=1352#breadcrumb\",\"itemListElement\":[{\"@type\":\"ListItem\",\"position\":1,\"item\":{\"@type\":\"WebPage\",\"@id\":\"https:\/\/tribunadapraia.com.br\/\",\"url\":\"https:\/\/tribunadapraia.com.br\/\",\"name\":\"In\\u00edcio\"}},{\"@type\":\"ListItem\",\"position\":2,\"item\":{\"@id\":\"https:\/\/tribunadapraia.com.br\/?p=1352#webpage\"}}]},{\"@type\":\"Article\",\"@id\":\"https:\/\/tribunadapraia.com.br\/?p=1352#article\",\"isPartOf\":{\"@id\":\"https:\/\/tribunadapraia.com.br\/?p=1352#webpage\"},\"author\":{\"@id\":\"https:\/\/tribunadapraia.com.br\/#\/schema\/person\/099fbbf59acc5895c0d7d52b4fc46c97\"},\"headline\":\"EDILENE OLIVEIRA: A trajet\\u00f3ria da primeira mulher a presidir a CDL\/Propri\\u00e1, uma homenagem em forma de entrevista celebrativa\",\"datePublished\":\"2020-05-25T14:52:35+00:00\",\"dateModified\":\"2020-05-25T14:52:35+00:00\",\"mainEntityOfPage\":{\"@id\":\"https:\/\/tribunadapraia.com.br\/?p=1352#webpage\"},\"wordCount\":3721,\"commentCount\":1,\"publisher\":{\"@id\":\"https:\/\/tribunadapraia.com.br\/#organization\"},\"image\":{\"@id\":\"https:\/\/tribunadapraia.com.br\/?p=1352#primaryimage\"},\"thumbnailUrl\":\"https:\/\/tribunadapraia.com.br\/wp-content\/uploads\/2020\/05\/IMG-20200520-WA0004.jpg\",\"articleSection\":[\"Not\\u00edcias\"],\"inLanguage\":\"pt-BR\",\"potentialAction\":[{\"@type\":\"CommentAction\",\"name\":\"Comment\",\"target\":[\"https:\/\/tribunadapraia.com.br\/?p=1352#respond\"]}]},{\"@type\":\"Person\",\"@id\":\"https:\/\/tribunadapraia.com.br\/#\/schema\/person\/099fbbf59acc5895c0d7d52b4fc46c97\",\"name\":\"Reda\\u00e7\\u00e3o\",\"image\":{\"@type\":\"ImageObject\",\"@id\":\"https:\/\/tribunadapraia.com.br\/#personlogo\",\"inLanguage\":\"pt-BR\",\"url\":\"https:\/\/secure.gravatar.com\/avatar\/91c8b91d2bfd7784eac5c3e055361f64?s=96&d=identicon&r=g\",\"contentUrl\":\"https:\/\/secure.gravatar.com\/avatar\/91c8b91d2bfd7784eac5c3e055361f64?s=96&d=identicon&r=g\",\"caption\":\"Reda\\u00e7\\u00e3o\"}}]}<\/script>\n<!-- \/ Yoast SEO plugin. -->","wps_subtitle":"","_links":{"self":[{"href":"https:\/\/tribunadapraia.com.br\/index.php?rest_route=\/wp\/v2\/posts\/1352"}],"collection":[{"href":"https:\/\/tribunadapraia.com.br\/index.php?rest_route=\/wp\/v2\/posts"}],"about":[{"href":"https:\/\/tribunadapraia.com.br\/index.php?rest_route=\/wp\/v2\/types\/post"}],"author":[{"embeddable":true,"href":"https:\/\/tribunadapraia.com.br\/index.php?rest_route=\/wp\/v2\/users\/3"}],"replies":[{"embeddable":true,"href":"https:\/\/tribunadapraia.com.br\/index.php?rest_route=%2Fwp%2Fv2%2Fcomments&post=1352"}],"version-history":[{"count":1,"href":"https:\/\/tribunadapraia.com.br\/index.php?rest_route=\/wp\/v2\/posts\/1352\/revisions"}],"predecessor-version":[{"id":1354,"href":"https:\/\/tribunadapraia.com.br\/index.php?rest_route=\/wp\/v2\/posts\/1352\/revisions\/1354"}],"wp:featuredmedia":[{"embeddable":true,"href":"https:\/\/tribunadapraia.com.br\/index.php?rest_route=\/wp\/v2\/media\/1353"}],"wp:attachment":[{"href":"https:\/\/tribunadapraia.com.br\/index.php?rest_route=%2Fwp%2Fv2%2Fmedia&parent=1352"}],"wp:term":[{"taxonomy":"category","embeddable":true,"href":"https:\/\/tribunadapraia.com.br\/index.php?rest_route=%2Fwp%2Fv2%2Fcategories&post=1352"},{"taxonomy":"post_tag","embeddable":true,"href":"https:\/\/tribunadapraia.com.br\/index.php?rest_route=%2Fwp%2Fv2%2Ftags&post=1352"}],"curies":[{"name":"wp","href":"https:\/\/api.w.org\/{rel}","templated":true}]}}