{"id":1348,"date":"2020-05-19T15:58:00","date_gmt":"2020-05-19T18:58:00","guid":{"rendered":"https:\/\/tribunadapraia.com.br\/?p=1348"},"modified":"2020-05-19T19:58:40","modified_gmt":"2020-05-19T22:58:40","slug":"opiniao-anna-neri-enfermeira-e-heroina","status":"publish","type":"post","link":"https:\/\/tribunadapraia.com.br\/?p=1348","title":{"rendered":"OPINI\u00c3O: Anna N\u00e9ri, Enfermeira e Hero\u00edna"},"content":{"rendered":"<p>por Carlos Pronzato (*)<\/p>\n<p>Ap\u00f3s a trag\u00e9dia de Brumadinho, em janeiro de 2019, durante a busca dos corpos desaparecidos (quase 300 ficaram submersos sob a lama de rejeitos da minera\u00e7\u00e3o), os her\u00f3is nacionais foram os bombeiros, e disso deixamos const\u00e2ncia no filme document\u00e1rio \u201cLama, o crime Vale no Brasil\u201d. Pouco mais de um ano depois daquele tenebroso e previs\u00edvel epis\u00f3dio, o mundo acabou tomado pela pandemia do Covid-19 e os her\u00f3is do mundo inteiro agora s\u00e3o os profissionais da sa\u00fade, principalmente os\/as enfermeiros\/as e t\u00e9cnicos\/as de enfermagem, dispostos a encarar sua profiss\u00e3o, dia e noite ao p\u00e9 do leito dos doentes, como a mais digna e corajosa das cruzadas contra o maior inimigo do ser humano: a morte provocada por cont\u00e1gio.<\/p>\n<p>Entre os dias 12 e 20 de maio \u00e9 celebrada no Brasil a Semana da Enfermagem, lapso no qual duas mulheres s\u00e3o as protagonistas da comemora\u00e7\u00e3o, uma italiana e a outra brasileira e baiana. A italiana \u00e9 Florence Nightingale, nascida em Floren\u00e7a, de fam\u00edlia inglesa, em 12 de maio de 1820, pioneira da enfermagem moderna durante a Guerra da Crimeia (1853-1856), conflito na regi\u00e3o do mar Negro que envolveu a alian\u00e7a do Reino Unido, Franca e o Imp\u00e9rio Otomano, contra a expans\u00e3o do Imp\u00e9rio Russo. A data do seu nascimento marca o Dia Internacional da Enfermagem, comemorado desde 1965.<\/p>\n<p>A brasileira \u00e9 Anna N\u00e9ri (Anna Justina Ferreira N\u00e9ry), nascida em Cachoeira, na Bahia, em 1814 e falecida em 20 de maio de 1880, aos sessenta e seis anos, no Rio de Janeiro. Como a sua antecessora europeia, ofereceu seus servi\u00e7os como pioneira da enfermagem nacional, num conflito b\u00e9lico internacional, o maior da Am\u00e9rica do Sul, a Guerra do Paraguai (1864-1870), que enfrentou a Tr\u00edplice Alian\u00e7a, conformada pelo Brasil, Argentina e Uruguai contra o Paraguai. Acompanhou seus filhos na frente de combate, partindo de Salvador, no d\u00e9cimo Batalh\u00e3o de Volunt\u00e1rios, em 1865. Atuou em diversos hospitais militares durante o conflito e inclusive nos hospitais da frente de opera\u00e7\u00f5es, onde viu morrer um dos seus filhos.<\/p>\n<p>Portanto, este 20 de maio, estaremos rememorando os 140 anos do falecimento daquela que, com seu desprendimento e coragem, inspira os nossos her\u00f3is nacionais de avental, que a pesar do descaso do executivo nacional com as milhares de mortes que aumentam assustadoramente a cada dia, continuam exercendo firmemente, nestes tempos de pandemia, a principal das atividades essenciais junto aos m\u00e9dicos.<\/p>\n<p>Em 1926, a primeira Escola de Enfermagem recebeu o nome da primeira enfermeira brasileira, mas s\u00f3 em 1945 foi reconhecida como estabelecimento de ensino superior na Universidade. Em 2009, Anna N\u00e9ri foi a primeira mulher a entrar para o Livro dos Her\u00f3is e das Hero\u00ednas da P\u00e1tria.<\/p>\n<p>(*) Carlos Pronzato \u00e9 cineasta documentarista e escritor S\u00f3cio do IGHB<br \/>\n(carlospronzato@gmail.com).<\/p>\n","protected":false},"excerpt":{"rendered":"<p>por Carlos Pronzato (*) Ap\u00f3s a trag\u00e9dia de Brumadinho, em janeiro de 2019, durante a busca dos corpos desaparecidos (quase 300 ficaram submersos sob a lama de rejeitos da minera\u00e7\u00e3o), os her\u00f3is nacionais foram os bombeiros, e disso deixamos const\u00e2ncia no filme document\u00e1rio \u201cLama, o crime Vale no Brasil\u201d. Pouco mais de um ano depois daquele tenebroso e previs\u00edvel epis\u00f3dio, o mundo acabou tomado pela pandemia do Covid-19 e os<\/p>\n","protected":false},"author":1,"featured_media":1349,"comment_status":"open","ping_status":"open","sticky":false,"template":"","format":"standard","meta":[],"categories":[18],"tags":[],"yoast_head":"<!-- This site is optimized with the Yoast SEO plugin v16.3 - https:\/\/yoast.com\/wordpress\/plugins\/seo\/ -->\n<title>OPINI\u00c3O: Anna N\u00e9ri, Enfermeira e Hero\u00edna - TRIBUNA DA PRAIA<\/title>\n<meta name=\"robots\" content=\"index, follow, max-snippet:-1, max-image-preview:large, max-video-preview:-1\" \/>\n<link rel=\"canonical\" href=\"https:\/\/tribunadapraia.com.br\/?p=1348\" \/>\n<meta property=\"og:locale\" content=\"pt_BR\" \/>\n<meta property=\"og:type\" content=\"article\" \/>\n<meta property=\"og:title\" content=\"OPINI\u00c3O: Anna N\u00e9ri, Enfermeira e Hero\u00edna - TRIBUNA DA PRAIA\" \/>\n<meta property=\"og:description\" content=\"por Carlos Pronzato (*) Ap\u00f3s a trag\u00e9dia de Brumadinho, em janeiro de 2019, durante a busca dos corpos desaparecidos (quase 300 ficaram submersos sob a lama de rejeitos da minera\u00e7\u00e3o), os her\u00f3is nacionais foram os bombeiros, e disso deixamos const\u00e2ncia no filme document\u00e1rio \u201cLama, o crime Vale no Brasil\u201d. Pouco mais de um ano depois daquele tenebroso e previs\u00edvel epis\u00f3dio, o mundo acabou tomado pela pandemia do Covid-19 e os\" \/>\n<meta property=\"og:url\" content=\"https:\/\/tribunadapraia.com.br\/?p=1348\" \/>\n<meta property=\"og:site_name\" content=\"TRIBUNA DA PRAIA\" \/>\n<meta property=\"article:publisher\" content=\"https:\/\/www.facebook.com\/tribunadapraiaonline\/\" \/>\n<meta property=\"article:published_time\" content=\"2020-05-19T18:58:00+00:00\" \/>\n<meta property=\"article:modified_time\" content=\"2020-05-19T22:58:40+00:00\" \/>\n<meta property=\"og:image\" content=\"https:\/\/tribunadapraia.com.br\/wp-content\/uploads\/2020\/05\/IMG-20200519-WA0058.jpg\" \/>\n\t<meta property=\"og:image:width\" content=\"720\" \/>\n\t<meta property=\"og:image:height\" content=\"400\" \/>\n<meta name=\"twitter:card\" content=\"summary_large_image\" \/>\n<meta name=\"twitter:creator\" content=\"@Claudomir21\" \/>\n<meta name=\"twitter:site\" content=\"@Claudomir21\" \/>\n<meta name=\"twitter:label1\" content=\"Est. tempo de leitura\">\n\t<meta name=\"twitter:data1\" content=\"2 minutos\">\n<script type=\"application\/ld+json\" class=\"yoast-schema-graph\">{\"@context\":\"https:\/\/schema.org\",\"@graph\":[{\"@type\":\"Organization\",\"@id\":\"https:\/\/tribunadapraia.com.br\/#organization\",\"name\":\"Tribuna da Praia\",\"url\":\"https:\/\/tribunadapraia.com.br\/\",\"sameAs\":[\"https:\/\/www.facebook.com\/tribunadapraiaonline\/\",\"https:\/\/www.instagram.com\/claudomirtavares\/\",\"https:\/\/www.youtube.com\/channel\/UCwQf80nxiMzCefAyjbp53Rw\",\"https:\/\/twitter.com\/Claudomir21\"],\"logo\":{\"@type\":\"ImageObject\",\"@id\":\"https:\/\/tribunadapraia.com.br\/#logo\",\"inLanguage\":\"pt-BR\",\"url\":\"https:\/\/tribunadapraia.com.br\/wp-content\/uploads\/2020\/02\/logo.png\",\"contentUrl\":\"https:\/\/tribunadapraia.com.br\/wp-content\/uploads\/2020\/02\/logo.png\",\"width\":501,\"height\":121,\"caption\":\"Tribuna da Praia\"},\"image\":{\"@id\":\"https:\/\/tribunadapraia.com.br\/#logo\"}},{\"@type\":\"WebSite\",\"@id\":\"https:\/\/tribunadapraia.com.br\/#website\",\"url\":\"https:\/\/tribunadapraia.com.br\/\",\"name\":\"TRIBUNA DA PRAIA\",\"description\":\"O 1\\u00ba jornal do interior de Sergipe na internet\",\"publisher\":{\"@id\":\"https:\/\/tribunadapraia.com.br\/#organization\"},\"potentialAction\":[{\"@type\":\"SearchAction\",\"target\":\"https:\/\/tribunadapraia.com.br\/?s={search_term_string}\",\"query-input\":\"required name=search_term_string\"}],\"inLanguage\":\"pt-BR\"},{\"@type\":\"ImageObject\",\"@id\":\"https:\/\/tribunadapraia.com.br\/?p=1348#primaryimage\",\"inLanguage\":\"pt-BR\",\"url\":\"https:\/\/tribunadapraia.com.br\/wp-content\/uploads\/2020\/05\/IMG-20200519-WA0058.jpg\",\"contentUrl\":\"https:\/\/tribunadapraia.com.br\/wp-content\/uploads\/2020\/05\/IMG-20200519-WA0058.jpg\",\"width\":720,\"height\":400},{\"@type\":\"WebPage\",\"@id\":\"https:\/\/tribunadapraia.com.br\/?p=1348#webpage\",\"url\":\"https:\/\/tribunadapraia.com.br\/?p=1348\",\"name\":\"OPINI\\u00c3O: Anna N\\u00e9ri, Enfermeira e Hero\\u00edna - TRIBUNA DA PRAIA\",\"isPartOf\":{\"@id\":\"https:\/\/tribunadapraia.com.br\/#website\"},\"primaryImageOfPage\":{\"@id\":\"https:\/\/tribunadapraia.com.br\/?p=1348#primaryimage\"},\"datePublished\":\"2020-05-19T18:58:00+00:00\",\"dateModified\":\"2020-05-19T22:58:40+00:00\",\"breadcrumb\":{\"@id\":\"https:\/\/tribunadapraia.com.br\/?p=1348#breadcrumb\"},\"inLanguage\":\"pt-BR\",\"potentialAction\":[{\"@type\":\"ReadAction\",\"target\":[\"https:\/\/tribunadapraia.com.br\/?p=1348\"]}]},{\"@type\":\"BreadcrumbList\",\"@id\":\"https:\/\/tribunadapraia.com.br\/?p=1348#breadcrumb\",\"itemListElement\":[{\"@type\":\"ListItem\",\"position\":1,\"item\":{\"@type\":\"WebPage\",\"@id\":\"https:\/\/tribunadapraia.com.br\/\",\"url\":\"https:\/\/tribunadapraia.com.br\/\",\"name\":\"In\\u00edcio\"}},{\"@type\":\"ListItem\",\"position\":2,\"item\":{\"@id\":\"https:\/\/tribunadapraia.com.br\/?p=1348#webpage\"}}]},{\"@type\":\"Article\",\"@id\":\"https:\/\/tribunadapraia.com.br\/?p=1348#article\",\"isPartOf\":{\"@id\":\"https:\/\/tribunadapraia.com.br\/?p=1348#webpage\"},\"author\":{\"@id\":\"https:\/\/tribunadapraia.com.br\/#\/schema\/person\/326b0a9f3163b479142c64eba4928de0\"},\"headline\":\"OPINI\\u00c3O: Anna N\\u00e9ri, Enfermeira e Hero\\u00edna\",\"datePublished\":\"2020-05-19T18:58:00+00:00\",\"dateModified\":\"2020-05-19T22:58:40+00:00\",\"mainEntityOfPage\":{\"@id\":\"https:\/\/tribunadapraia.com.br\/?p=1348#webpage\"},\"wordCount\":487,\"commentCount\":0,\"publisher\":{\"@id\":\"https:\/\/tribunadapraia.com.br\/#organization\"},\"image\":{\"@id\":\"https:\/\/tribunadapraia.com.br\/?p=1348#primaryimage\"},\"thumbnailUrl\":\"https:\/\/tribunadapraia.com.br\/wp-content\/uploads\/2020\/05\/IMG-20200519-WA0058.jpg\",\"articleSection\":[\"Not\\u00edcias\"],\"inLanguage\":\"pt-BR\",\"potentialAction\":[{\"@type\":\"CommentAction\",\"name\":\"Comment\",\"target\":[\"https:\/\/tribunadapraia.com.br\/?p=1348#respond\"]}]},{\"@type\":\"Person\",\"@id\":\"https:\/\/tribunadapraia.com.br\/#\/schema\/person\/326b0a9f3163b479142c64eba4928de0\",\"name\":\"tribunadapraia\",\"image\":{\"@type\":\"ImageObject\",\"@id\":\"https:\/\/tribunadapraia.com.br\/#personlogo\",\"inLanguage\":\"pt-BR\",\"url\":\"https:\/\/secure.gravatar.com\/avatar\/38b019c74762496076b7355024a0dad9?s=96&d=identicon&r=g\",\"contentUrl\":\"https:\/\/secure.gravatar.com\/avatar\/38b019c74762496076b7355024a0dad9?s=96&d=identicon&r=g\",\"caption\":\"tribunadapraia\"}}]}<\/script>\n<!-- \/ Yoast SEO plugin. -->","wps_subtitle":"","_links":{"self":[{"href":"https:\/\/tribunadapraia.com.br\/index.php?rest_route=\/wp\/v2\/posts\/1348"}],"collection":[{"href":"https:\/\/tribunadapraia.com.br\/index.php?rest_route=\/wp\/v2\/posts"}],"about":[{"href":"https:\/\/tribunadapraia.com.br\/index.php?rest_route=\/wp\/v2\/types\/post"}],"author":[{"embeddable":true,"href":"https:\/\/tribunadapraia.com.br\/index.php?rest_route=\/wp\/v2\/users\/1"}],"replies":[{"embeddable":true,"href":"https:\/\/tribunadapraia.com.br\/index.php?rest_route=%2Fwp%2Fv2%2Fcomments&post=1348"}],"version-history":[{"count":1,"href":"https:\/\/tribunadapraia.com.br\/index.php?rest_route=\/wp\/v2\/posts\/1348\/revisions"}],"predecessor-version":[{"id":1350,"href":"https:\/\/tribunadapraia.com.br\/index.php?rest_route=\/wp\/v2\/posts\/1348\/revisions\/1350"}],"wp:featuredmedia":[{"embeddable":true,"href":"https:\/\/tribunadapraia.com.br\/index.php?rest_route=\/wp\/v2\/media\/1349"}],"wp:attachment":[{"href":"https:\/\/tribunadapraia.com.br\/index.php?rest_route=%2Fwp%2Fv2%2Fmedia&parent=1348"}],"wp:term":[{"taxonomy":"category","embeddable":true,"href":"https:\/\/tribunadapraia.com.br\/index.php?rest_route=%2Fwp%2Fv2%2Fcategories&post=1348"},{"taxonomy":"post_tag","embeddable":true,"href":"https:\/\/tribunadapraia.com.br\/index.php?rest_route=%2Fwp%2Fv2%2Ftags&post=1348"}],"curies":[{"name":"wp","href":"https:\/\/api.w.org\/{rel}","templated":true}]}}