{"id":1345,"date":"2020-05-18T19:21:16","date_gmt":"2020-05-18T22:21:16","guid":{"rendered":"https:\/\/tribunadapraia.com.br\/?p=1345"},"modified":"2020-05-19T19:22:05","modified_gmt":"2020-05-19T22:22:05","slug":"jose-dirceu-nao-tenhamos-ilusoes-as-forcas-armadas-apoiarao-sim-um-autogolpe-de-bolsonaro","status":"publish","type":"post","link":"https:\/\/tribunadapraia.com.br\/?p=1345","title":{"rendered":"Jos\u00e9 Dirceu: N\u00e3o tenhamos ilus\u00f5es: as For\u00e7as Armadas apoiar\u00e3o, sim, um autogolpe de Bolsonaro"},"content":{"rendered":"<p>Frente \u00e0 crescente reprova\u00e7\u00e3o de seu governo pela maioria do pa\u00eds e ao aumento do apoio popular a seu impeachment, Jair Bolsonaro n\u00e3o deixa d\u00favidas de que pretende dar um autogolpe de Estado. O militarismo est\u00e1 de volta e a politiza\u00e7\u00e3o das For\u00e7as Armadas ser\u00e1 inevit\u00e1vel, se n\u00e3o reagirmos e n\u00e3o dermos um basta a toda e qualquer a\u00e7\u00e3o militar fora dos marcos da Constitui\u00e7\u00e3o<\/p>\n<p>N\u00e3o h\u00e1 mais d\u00favidas. De novo nosso Brasil e sua democracia enfrentam o risco e a amea\u00e7a do militarismo. N\u00e3o se trata apenas de presen\u00e7a de 3 mil militares, inclusive da ativa, no governo federal, mas da tutela aberta militar sobre o pa\u00eds, da volta do militarismo, da politiza\u00e7\u00e3o das For\u00e7as Armadas.<\/p>\n<p>N\u00e3o ser\u00e1 a primeira vez. Toda nossa hist\u00f3ria republicana est\u00e1 marcada pela atua\u00e7\u00e3o dos militares como uma for\u00e7a pol\u00edtica \u2014 no caso armada \u2014, disputando o poder e os rumos do pa\u00eds. Foi assim na instaura\u00e7\u00e3o da Rep\u00fablica em 1889; nos anos 1920 e 1930 com o tenentismo; em 1937 quando o Estado Maior do Ex\u00e9rcito apoia o autogolpe de Get\u00falio do Estado Novo. Durante toda d\u00e9cada de 1950, fac\u00e7\u00f5es das For\u00e7as Armadas aliadas \u00e0 direita tentaram dar golpes de Estado: em 1950 para impedir a posse de Get\u00falio; em 1955, para impedir a posse de JK; em 1961 para impedir a posse de Jango como presidente. Se os tr\u00eas primeiros fracassaram, o quarto golpe, em 1964, foi vitorioso, com a destitui\u00e7\u00e3o pela for\u00e7a das armas de um governo constitucional e democr\u00e1tico que contava com o apoio da maioria do povo.<\/p>\n<p>\u00c9 preciso registrar que os dois golpes em que os militares assumiram o poder, de 1937 a 1945, na ditadura do Estado Novo, com Vargas, e de 1964 a 1985, com militares diretamente no comando do pa\u00eds, foram marcados pela impunidade. S\u00e3o fatos hist\u00f3ricos. Os militares brasileiros que torturaram e assassinaram durante a ditadura militar jamais reconheceram seus crimes, dos quais, ali\u00e1s, foram anistiados, caso \u00fanico na Am\u00e9rica Latina.<\/p>\n<p>N\u00e3o h\u00e1 uma ala militar ou um n\u00facleo militar no governo Bolsonaro. Seja pela raz\u00e3o que for, o governo \u00e9 militar, a presid\u00eancia e o Pal\u00e1cio do Planalto, oito dos 22 minist\u00e9rios e cada vez mais militares assumem as secretarias de outros minist\u00e9rios como no da Sa\u00fade, sem falar das estatais e autarquias. A cada dia fica evidente que as opera\u00e7\u00f5es pol\u00edticas e planos do governo, como o Pro-Brasil, s\u00e3o realizadas pelos militares. Suas digitais est\u00e3o em movimentos como a coopta\u00e7\u00e3o do Centr\u00e3o para a base do governo na C\u00e2mara dos Deputados com distribui\u00e7\u00e3o de cargos, ou a guerra pol\u00edtica contra a oposi\u00e7\u00e3o, o STF e a imprensa. Est\u00e3o presentes na orienta\u00e7\u00e3o das pol\u00edticas ind\u00edgena, ambiental e educacional, e na grav\u00edssima rendi\u00e7\u00e3o total aos Estados Unidos na pol\u00edtica externa, com a aliena\u00e7\u00e3o de nossa soberania.<\/p>\n<p>Os militares aderiram e apoiam toda gest\u00e3o de Paulo Guedes na economia do pa\u00eds, inclusive o desmonte dos bancos p\u00fablicos e as privatiza\u00e7\u00f5es, a entrega das reservas e da riqueza e renda do Pr\u00e9-sal, o desmonte da sa\u00fade e da educa\u00e7\u00e3o p\u00fablica, das universidades e centros de pesquisa. Mas, cinicamente, salvaram dos cortes e das reformas as estruturas militares, o or\u00e7amento das For\u00e7as Armadas, que n\u00e3o foi contingenciado, e sua Previd\u00eancia. Enquanto o povo amarga uma reforma da Previd\u00eancia que aumenta anos de trabalho, reduz benef\u00edcios e penaliza os pobres, os militares mantiveram seus privil\u00e9gios: paridade, integralidade, sem limite de idade para aposentar, gratifica\u00e7\u00f5es, verbas, ajudas, aumento real de vencimentos de 45%. Uma casta.<\/p>\n<p>Tutela militar<\/p>\n<p>Esta tutela se expressa desde o governo Temer. Quando do julgamento do HC de Lula na Suprema Corte, o ent\u00e3o comandante do Ex\u00e9rcito, general Eduardo Villas Boas, publicou um twitter expressando que as For\u00e7as Armadas n\u00e3o o aceitariam e, o mais grave, publicou a foto da reuni\u00e3o do Estado Maior do Ex\u00e9rcito para demonstrar o apoio que tinha para praticar aquele crime constitucional. O mesmo Villas Boas que, agora na reserva, saiu em defesa da secret\u00e1ria da Cultura, Regina Duarte, que em entrevista recente defendeu a ditadura.<\/p>\n<p>No dia 31 de mar\u00e7o deste ano, os tr\u00eas comandantes militares assinaram uma nota de elogio e apoio ao golpe militar de 1964, sem que os poderes e as institui\u00e7\u00f5es se manifestassem ou coibissem essa escalada das For\u00e7as Armadas rumo ao poder. Mesmo na oposi\u00e7\u00e3o e na m\u00eddia, poucas vozes se levantaram para protestar.<\/p>\n<p>Frente \u00e0 crescente reprova\u00e7\u00e3o de seu governo pela maioria do pa\u00eds e ao aumento do apoio popular a seu impeachment, Jair Bolsonaro n\u00e3o deixa d\u00favidas de que pretende dar um autogolpe de Estado. De novo vemos a ilus\u00e3o pol\u00edtica que n\u00e3o haver\u00e1 golpe de Estado. N\u00e3o \u00e9 bom acreditar em ilus\u00f5es, quando j\u00e1 temos um governo militar e aqui, na vizinha Bol\u00edvia, foi dado um violento e covarde golpe de Estado com a Pol\u00edcia Militar. Para o Ex\u00e9rcito sobrou a tarefa de exigir a ren\u00fancia do presidente Evo Morales.<\/p>\n<p>\u00c9 certo que raz\u00f5es pol\u00edticas n\u00e3o bastam e n\u00e3o devem ser a justificativa para o impedimento constitucional de um presidente. \u00c9 golpe parlamentar, como foi contra a presidente Dilma Rousseff, com a anu\u00eancia e coniv\u00eancia da Suprema Corte. Mas todos os dias o presidente viola a Constitui\u00e7\u00e3o e manifesta publicamente sua disposi\u00e7\u00e3o rumo ao autoritarismo. Est\u00e1 evidente que ele capturou os \u00f3rg\u00e3os de fiscaliza\u00e7\u00e3o, investiga\u00e7\u00e3o, seja o COAF, a Receita Federal, o Minist\u00e9rio P\u00fablico e agora a pol\u00edcia judici\u00e1ria da Uni\u00e3o, a Pol\u00edcia Federal, para evitar exatamente a apura\u00e7\u00e3o e as investiga\u00e7\u00f5es e processos contra sua fam\u00edlia, filhos, partido, campanha e atua\u00e7\u00e3o na presid\u00eancia, evitando assim um julgamento judicial ou pelo parlamento.<\/p>\n<p>Se n\u00e3o encontra rea\u00e7\u00e3o, sua estrat\u00e9gia, no curto prazo, continua sendo a de provocar e avan\u00e7ar sobre os outros poderes. A m\u00e9dio \u00e9 formar uma maioria na C\u00e2mara, eleger em fevereiro do ano que vem um presidente alinhado com o governo e ao mesmo tempo esperar as aposentadorias na Suprema Corte para tentar anular sua a\u00e7\u00e3o constitucional. Objetivos que podem n\u00e3o ser alcan\u00e7ados e seu governo se arrastar at\u00e9 2022, o que n\u00e3o seria um problema n\u00e3o fosse a grav\u00edssima crise que o mundo e o Brasil vivem. A a\u00e7\u00e3o de Bolsonaro contra o isolamento social e a verdadeira sabotagem que ele e seu governo fazem em plena pandemia que j\u00e1 matou mais de 11 mil brasileiros j\u00e1 s\u00e3o raz\u00f5es mais do que suficientes para seu afastamento da presid\u00eancia.<\/p>\n<p>Hora de reagir<\/p>\n<p>A oposi\u00e7\u00e3o liberal de direita, os partidos PSDB-DEM-MDB e a grande m\u00eddia \u2013 ainda que aos poucos seus editoriais revelem o temor de um golpe \u2013 com exce\u00e7\u00f5es, n\u00e3o apoiam o impeachment do presidente. Evitam tamb\u00e9m a quest\u00e3o militar, preferindo apostar que as For\u00e7as Armadas como institui\u00e7\u00e3o n\u00e3o apoiariam um autogolpe. Esquecem as li\u00e7\u00f5es da hist\u00f3ria e o fato concreto de que Bolsonaro agita os quart\u00e9is, apela aos oficiais com comando e tem nas PMs e empresas de seguran\u00e7a uma reserva armada \u00e0 sua disposi\u00e7\u00e3o, fora suas mil\u00edcias que hoje ocupam a Pra\u00e7a do Tr\u00eas Poderes exigindo o fechamento do Congresso Nacional e do Supremo.<\/p>\n<p>O militarismo est\u00e1 de volta e a politiza\u00e7\u00e3o das For\u00e7as Armadas ser\u00e1 inevit\u00e1vel, quase autom\u00e1tica, se n\u00e3o reagirmos e n\u00e3o colocarmos um basta a toda e qualquer a\u00e7\u00e3o militar fora dos marcos da Constitui\u00e7\u00e3o. E a toda e qualquer a\u00e7\u00e3o do presidente quando viola a Constitui\u00e7\u00e3o usando as For\u00e7as Armadas ou as invocando.<\/p>\n<p>Espero que n\u00e3o acreditemos em notas oficiais dos militares que repudiam o golpe ou reafirmam sua voca\u00e7\u00e3o democr\u00e1tica \u2013 incompat\u00edvel com o apoio e a louva\u00e7\u00e3o ao golpe militar de 1964. A tradicional avers\u00e3o militar ao conflito inerente \u00e0 democracia, seu elitismo de achar que o povo n\u00e3o sabe votar, sua convic\u00e7\u00e3o recebida nas escolas militares de que eles s\u00e3o os \u00fanicos patriotas, seu hist\u00f3rico de forma\u00e7\u00e3o positivista como o d\u00e9spota esclarecido que Geisel bem representou, seu corporativismo exibido sem pudor na vota\u00e7\u00e3o da reforma da Previd\u00eancia, s\u00e3o ingredientes que apenas devem aumentar nossa convic\u00e7\u00e3o de que os militares t\u00eam que estar fora da pol\u00edtica. N\u00e3o podem ser agentes pol\u00edticos pela simples raz\u00e3o que a na\u00e7\u00e3o os armou para a defender e n\u00e3o para a tutelar ou para nos submeter \u00e0 tirania e \u00e0 ditadura.<\/p>\n<p>por Jos\u00e9 Dirceu\/<\/p>\n","protected":false},"excerpt":{"rendered":"<p>Frente \u00e0 crescente reprova\u00e7\u00e3o de seu governo pela maioria do pa\u00eds e ao aumento do apoio popular a seu impeachment, Jair Bolsonaro n\u00e3o deixa d\u00favidas de que pretende dar um autogolpe de Estado. O militarismo est\u00e1 de volta e a politiza\u00e7\u00e3o das For\u00e7as Armadas ser\u00e1 inevit\u00e1vel, se n\u00e3o reagirmos e n\u00e3o dermos um basta a toda e qualquer a\u00e7\u00e3o militar fora dos marcos da Constitui\u00e7\u00e3o N\u00e3o h\u00e1 mais d\u00favidas. De<\/p>\n","protected":false},"author":1,"featured_media":650,"comment_status":"open","ping_status":"open","sticky":false,"template":"","format":"standard","meta":[],"categories":[18],"tags":[],"yoast_head":"<!-- This site is optimized with the Yoast SEO plugin v16.3 - https:\/\/yoast.com\/wordpress\/plugins\/seo\/ -->\n<title>Jos\u00e9 Dirceu: N\u00e3o tenhamos ilus\u00f5es: as For\u00e7as Armadas apoiar\u00e3o, sim, um autogolpe de Bolsonaro - TRIBUNA DA PRAIA<\/title>\n<meta name=\"robots\" content=\"index, follow, max-snippet:-1, max-image-preview:large, max-video-preview:-1\" \/>\n<link rel=\"canonical\" href=\"https:\/\/tribunadapraia.com.br\/?p=1345\" \/>\n<meta property=\"og:locale\" content=\"pt_BR\" \/>\n<meta property=\"og:type\" content=\"article\" \/>\n<meta property=\"og:title\" content=\"Jos\u00e9 Dirceu: N\u00e3o tenhamos ilus\u00f5es: as For\u00e7as Armadas apoiar\u00e3o, sim, um autogolpe de Bolsonaro - TRIBUNA DA PRAIA\" \/>\n<meta property=\"og:description\" content=\"Frente \u00e0 crescente reprova\u00e7\u00e3o de seu governo pela maioria do pa\u00eds e ao aumento do apoio popular a seu impeachment, Jair Bolsonaro n\u00e3o deixa d\u00favidas de que pretende dar um autogolpe de Estado. O militarismo est\u00e1 de volta e a politiza\u00e7\u00e3o das For\u00e7as Armadas ser\u00e1 inevit\u00e1vel, se n\u00e3o reagirmos e n\u00e3o dermos um basta a toda e qualquer a\u00e7\u00e3o militar fora dos marcos da Constitui\u00e7\u00e3o N\u00e3o h\u00e1 mais d\u00favidas. De\" \/>\n<meta property=\"og:url\" content=\"https:\/\/tribunadapraia.com.br\/?p=1345\" \/>\n<meta property=\"og:site_name\" content=\"TRIBUNA DA PRAIA\" \/>\n<meta property=\"article:publisher\" content=\"https:\/\/www.facebook.com\/tribunadapraiaonline\/\" \/>\n<meta property=\"article:published_time\" content=\"2020-05-18T22:21:16+00:00\" \/>\n<meta property=\"article:modified_time\" content=\"2020-05-19T22:22:05+00:00\" \/>\n<meta property=\"og:image\" content=\"https:\/\/tribunadapraia.com.br\/wp-content\/uploads\/2020\/03\/IMG-20200319-WA0012.jpg\" \/>\n\t<meta property=\"og:image:width\" content=\"540\" \/>\n\t<meta property=\"og:image:height\" content=\"517\" \/>\n<meta name=\"twitter:card\" content=\"summary_large_image\" \/>\n<meta name=\"twitter:creator\" content=\"@Claudomir21\" \/>\n<meta name=\"twitter:site\" content=\"@Claudomir21\" \/>\n<meta name=\"twitter:label1\" content=\"Est. tempo de leitura\">\n\t<meta name=\"twitter:data1\" content=\"8 minutos\">\n<script type=\"application\/ld+json\" class=\"yoast-schema-graph\">{\"@context\":\"https:\/\/schema.org\",\"@graph\":[{\"@type\":\"Organization\",\"@id\":\"https:\/\/tribunadapraia.com.br\/#organization\",\"name\":\"Tribuna da Praia\",\"url\":\"https:\/\/tribunadapraia.com.br\/\",\"sameAs\":[\"https:\/\/www.facebook.com\/tribunadapraiaonline\/\",\"https:\/\/www.instagram.com\/claudomirtavares\/\",\"https:\/\/www.youtube.com\/channel\/UCwQf80nxiMzCefAyjbp53Rw\",\"https:\/\/twitter.com\/Claudomir21\"],\"logo\":{\"@type\":\"ImageObject\",\"@id\":\"https:\/\/tribunadapraia.com.br\/#logo\",\"inLanguage\":\"pt-BR\",\"url\":\"https:\/\/tribunadapraia.com.br\/wp-content\/uploads\/2020\/02\/logo.png\",\"contentUrl\":\"https:\/\/tribunadapraia.com.br\/wp-content\/uploads\/2020\/02\/logo.png\",\"width\":501,\"height\":121,\"caption\":\"Tribuna da Praia\"},\"image\":{\"@id\":\"https:\/\/tribunadapraia.com.br\/#logo\"}},{\"@type\":\"WebSite\",\"@id\":\"https:\/\/tribunadapraia.com.br\/#website\",\"url\":\"https:\/\/tribunadapraia.com.br\/\",\"name\":\"TRIBUNA DA PRAIA\",\"description\":\"O 1\\u00ba jornal do interior de Sergipe na internet\",\"publisher\":{\"@id\":\"https:\/\/tribunadapraia.com.br\/#organization\"},\"potentialAction\":[{\"@type\":\"SearchAction\",\"target\":\"https:\/\/tribunadapraia.com.br\/?s={search_term_string}\",\"query-input\":\"required name=search_term_string\"}],\"inLanguage\":\"pt-BR\"},{\"@type\":\"ImageObject\",\"@id\":\"https:\/\/tribunadapraia.com.br\/?p=1345#primaryimage\",\"inLanguage\":\"pt-BR\",\"url\":\"https:\/\/tribunadapraia.com.br\/wp-content\/uploads\/2020\/03\/IMG-20200319-WA0012.jpg\",\"contentUrl\":\"https:\/\/tribunadapraia.com.br\/wp-content\/uploads\/2020\/03\/IMG-20200319-WA0012.jpg\",\"width\":540,\"height\":517},{\"@type\":\"WebPage\",\"@id\":\"https:\/\/tribunadapraia.com.br\/?p=1345#webpage\",\"url\":\"https:\/\/tribunadapraia.com.br\/?p=1345\",\"name\":\"Jos\\u00e9 Dirceu: N\\u00e3o tenhamos ilus\\u00f5es: as For\\u00e7as Armadas apoiar\\u00e3o, sim, um autogolpe de Bolsonaro - TRIBUNA DA PRAIA\",\"isPartOf\":{\"@id\":\"https:\/\/tribunadapraia.com.br\/#website\"},\"primaryImageOfPage\":{\"@id\":\"https:\/\/tribunadapraia.com.br\/?p=1345#primaryimage\"},\"datePublished\":\"2020-05-18T22:21:16+00:00\",\"dateModified\":\"2020-05-19T22:22:05+00:00\",\"breadcrumb\":{\"@id\":\"https:\/\/tribunadapraia.com.br\/?p=1345#breadcrumb\"},\"inLanguage\":\"pt-BR\",\"potentialAction\":[{\"@type\":\"ReadAction\",\"target\":[\"https:\/\/tribunadapraia.com.br\/?p=1345\"]}]},{\"@type\":\"BreadcrumbList\",\"@id\":\"https:\/\/tribunadapraia.com.br\/?p=1345#breadcrumb\",\"itemListElement\":[{\"@type\":\"ListItem\",\"position\":1,\"item\":{\"@type\":\"WebPage\",\"@id\":\"https:\/\/tribunadapraia.com.br\/\",\"url\":\"https:\/\/tribunadapraia.com.br\/\",\"name\":\"In\\u00edcio\"}},{\"@type\":\"ListItem\",\"position\":2,\"item\":{\"@id\":\"https:\/\/tribunadapraia.com.br\/?p=1345#webpage\"}}]},{\"@type\":\"Article\",\"@id\":\"https:\/\/tribunadapraia.com.br\/?p=1345#article\",\"isPartOf\":{\"@id\":\"https:\/\/tribunadapraia.com.br\/?p=1345#webpage\"},\"author\":{\"@id\":\"https:\/\/tribunadapraia.com.br\/#\/schema\/person\/326b0a9f3163b479142c64eba4928de0\"},\"headline\":\"Jos\\u00e9 Dirceu: N\\u00e3o tenhamos ilus\\u00f5es: as For\\u00e7as Armadas apoiar\\u00e3o, sim, um autogolpe de Bolsonaro\",\"datePublished\":\"2020-05-18T22:21:16+00:00\",\"dateModified\":\"2020-05-19T22:22:05+00:00\",\"mainEntityOfPage\":{\"@id\":\"https:\/\/tribunadapraia.com.br\/?p=1345#webpage\"},\"wordCount\":1526,\"commentCount\":0,\"publisher\":{\"@id\":\"https:\/\/tribunadapraia.com.br\/#organization\"},\"image\":{\"@id\":\"https:\/\/tribunadapraia.com.br\/?p=1345#primaryimage\"},\"thumbnailUrl\":\"https:\/\/tribunadapraia.com.br\/wp-content\/uploads\/2020\/03\/IMG-20200319-WA0012.jpg\",\"articleSection\":[\"Not\\u00edcias\"],\"inLanguage\":\"pt-BR\",\"potentialAction\":[{\"@type\":\"CommentAction\",\"name\":\"Comment\",\"target\":[\"https:\/\/tribunadapraia.com.br\/?p=1345#respond\"]}]},{\"@type\":\"Person\",\"@id\":\"https:\/\/tribunadapraia.com.br\/#\/schema\/person\/326b0a9f3163b479142c64eba4928de0\",\"name\":\"tribunadapraia\",\"image\":{\"@type\":\"ImageObject\",\"@id\":\"https:\/\/tribunadapraia.com.br\/#personlogo\",\"inLanguage\":\"pt-BR\",\"url\":\"https:\/\/secure.gravatar.com\/avatar\/38b019c74762496076b7355024a0dad9?s=96&d=identicon&r=g\",\"contentUrl\":\"https:\/\/secure.gravatar.com\/avatar\/38b019c74762496076b7355024a0dad9?s=96&d=identicon&r=g\",\"caption\":\"tribunadapraia\"}}]}<\/script>\n<!-- \/ Yoast SEO plugin. -->","wps_subtitle":"","_links":{"self":[{"href":"https:\/\/tribunadapraia.com.br\/index.php?rest_route=\/wp\/v2\/posts\/1345"}],"collection":[{"href":"https:\/\/tribunadapraia.com.br\/index.php?rest_route=\/wp\/v2\/posts"}],"about":[{"href":"https:\/\/tribunadapraia.com.br\/index.php?rest_route=\/wp\/v2\/types\/post"}],"author":[{"embeddable":true,"href":"https:\/\/tribunadapraia.com.br\/index.php?rest_route=\/wp\/v2\/users\/1"}],"replies":[{"embeddable":true,"href":"https:\/\/tribunadapraia.com.br\/index.php?rest_route=%2Fwp%2Fv2%2Fcomments&post=1345"}],"version-history":[{"count":1,"href":"https:\/\/tribunadapraia.com.br\/index.php?rest_route=\/wp\/v2\/posts\/1345\/revisions"}],"predecessor-version":[{"id":1347,"href":"https:\/\/tribunadapraia.com.br\/index.php?rest_route=\/wp\/v2\/posts\/1345\/revisions\/1347"}],"wp:featuredmedia":[{"embeddable":true,"href":"https:\/\/tribunadapraia.com.br\/index.php?rest_route=\/wp\/v2\/media\/650"}],"wp:attachment":[{"href":"https:\/\/tribunadapraia.com.br\/index.php?rest_route=%2Fwp%2Fv2%2Fmedia&parent=1345"}],"wp:term":[{"taxonomy":"category","embeddable":true,"href":"https:\/\/tribunadapraia.com.br\/index.php?rest_route=%2Fwp%2Fv2%2Fcategories&post=1345"},{"taxonomy":"post_tag","embeddable":true,"href":"https:\/\/tribunadapraia.com.br\/index.php?rest_route=%2Fwp%2Fv2%2Ftags&post=1345"}],"curies":[{"name":"wp","href":"https:\/\/api.w.org\/{rel}","templated":true}]}}