{"id":1337,"date":"2020-05-17T02:34:14","date_gmt":"2020-05-17T05:34:14","guid":{"rendered":"https:\/\/tribunadapraia.com.br\/?p=1337"},"modified":"2020-05-17T02:43:13","modified_gmt":"2020-05-17T05:43:13","slug":"joao-fontes-jr-por-uma-cidade-sustentavel-e-cidada-entrevista-com-o-pre-candidato-a-prefeito-de-boquim","status":"publish","type":"post","link":"https:\/\/tribunadapraia.com.br\/?p=1337","title":{"rendered":"JO\u00c3O FONTES Jr: Por uma cidade sustent\u00e1vel e cidad\u00e3, entrevista com o pr\u00e9-candidato a prefeito de Boquim"},"content":{"rendered":"<p>Ao longo de minha vida, sempre tive participa\u00e7\u00f5es em movimentos e causas. (Jo\u00e3o Fontes Jr.)<\/p>\n<p>por ClaudOmir Herzog<\/p>\n<p>Jo\u00e3o Fontes J\u00fanior (40 anos completados em 5 de mar\u00e7o passado), \u00e9 vereador eleito em 2016 pelo Partido Verde e pr\u00e9-candidato a prefeito de Boquim, no Centro Sul Sergipano, agora pelo Cidadania. T\u00e9cnicp Amnirntal, Engenheiro de Seguran\u00e7a do Trabalhador e Bacharel em Direitp, Jo\u00e3o Fontes j\u00e1 foi candidato a deputado federal, primeiro presidente do CBH-Piau\u00ed, fundou a Associa\u00e7\u00e3o Agroecil\u00f3gica de Boquim e a R\u00e1dio Cidade Sustent\u00e1vel. Nesta entrevusta concedida a ClaudOmir Herzog, conhr\u00e7a a trajet\u00f3roa pessoal, profissional e pol\u00edtica de Jo\u00e3o Fontes J\u00fanior.<\/p>\n<p>TRIBUNA DA PRAIA &#8211; Vereador em Boquim, voc\u00ea \u00e9 um dos parlamentares mais atuantes de Sergipe e com destacadaa defesa da cidadani e do meio ambiente, como escolheu estas e quais \u00e0s demais bandeiras do mandato?<br \/>\nJO\u00c3O FONTES Jr \u2013 Ao longo de minha vida, sempre tive participa\u00e7\u00f5es em movimentos e causas sociais a qual eu sempre acreditei, participando ativamente em grupos de direitos estudantis, forma\u00e7\u00e3o de gr\u00eamios, diret\u00f3rios centrais estudantis, causas ambientais, pois venho de uma regi\u00e3o da citricultura, na \u00e9poca se debatia muito as condi\u00e7\u00f5es do meio ambiente do trabalhador da laranja. A partir da\u00ed,l sendo eleito entre as 11 cadeiras legislativas para 2016\/2020. Criamos atrav\u00e9s de resolu\u00e7\u00e3o, uma Comiss\u00e3o Parlamentar de Meio Ambiente e dos Direitos dos Animais, a qual depois a serem criadas e estimuladas em diversas c\u00e2maras municipais por todo o interior do Brasil. Ou seja, priorizei aquilo que mais me dediquei por toda a minha vida. Sendo assim, fica f\u00e1cil defender o que te dar prazer.<\/p>\n<p>TRIBUNA &#8211; Da Pr\u00e9-escola a Universidade; como se deu a sua trajet\u00f3ria estudantil e acad\u00eamica, at\u00e9 a convlus\u00e3o do curso que lhe credenciou Bacharel em Direito?<br \/>\nJO\u00c3O FONTES \u2013 Sempre estudei meu Ensino Fundamental e M\u00e9dio em escolas p\u00fablicas, maior parte na escola Estadual de 1\u00ba e 2\u00ba Graus Severiano Cardoso, onde tive verdadeiros educadores. Depois tive uma ligeira passagem pela escola Agrot\u00e9cnica Federal de S\u00e3o Crist\u00f3v\u00e3o, sendo escolhido para a composi\u00e7\u00e3o do Conselho Estudantil no mesmo ano. Como tive uma oportunidade no Ensino Superior em Engenharia Ambiental, pela Universidade Tiradentes, pena que o curso era tarde e noite, acabei migrando para o curso de Tecn\u00f3logo em Riscos Ambientais e Seguran\u00e7a do Trabalhador. Qual formei e me especializei em p\u00f3s gradua\u00e7\u00e3o em Engenharia de Seguran\u00e7a do Trabalhador, qual depois vim a ser professor na \u00e1rea de Seguran\u00e7a do Trabalhador, em munic\u00edpios de Tobias Barreto e Ne\u00f3polis. Foi conciliado o trabalho em Ne\u00f3polis, passei a morar em Aracaju, que pude concluir o curso de Bacharel em Direito na Faculdade Pio Decimo. Qual tive boas amizades com colegas e professores. Al\u00e9m de \u00f3timas recorda\u00e7\u00f5es.<\/p>\n<p>\u25a0 Priorizei aquilo que mais me dediquei por toda a minha vida, sempre tive participa\u00e7\u00f5es em movimentos e causas<\/p>\n<p>TP- Fale sobre a Associa\u00e7\u00e3o Agroecol\u00f3gica de Boquim, que voc\u00ea fundou e dirigiu, sua elei\u00e7\u00e3o e participa\u00e7\u00e3o como presidente e membro do Comit\u00ea da Bacia Hidrografica do Rio Piau\u00ed e na Frente Ambientalisra, entre outros movimrntos:<br \/>\nJFJ &#8211; A ONG Ambientalista de Boquim nasceu em um momento muito deficil, no ano de 2001, logo ap\u00f3s o b\u00e1rbaro assassinato do meu amigo, sindicalista e vereador de Boquim, Carlos Gato. Como n\u00e3o tive a frente do Sindicato dos Trabalhadores da Citricultura, pois era muito perigoso na \u00e9poca e ate ent\u00e3o, todos os assassinos estavam soltos e impunes, ent\u00e3o para o v\u00e1cuo n\u00e3o ficar ainda maior, cerca de 30 dias, criamos a primeira ONG Agroecol\u00f3gica Ambiental da cidade. Pautando alguns direitos similares ao sindicato de Gato, entre eles; a defesa do direito ao meio ambiente a sa\u00fade do trabalhador, direitos a seguran\u00e7a alimentar, respeito aos recursos h\u00eddricos, educa\u00e7\u00e3o ambiental no campo e na cidade. J\u00e1 nascia forte, logo conhecemos valorosos companheiros de lutas, como o professor Genival Nunes da ONG aracajuana Acau\u00e3, Palomares da ONG de Estancia, Agua e Vida e v\u00e1rias outras, chegamos a escolher a Acau\u00e3 para ser a nossa representante no Conselho Estadual do Meio Ambiente. Tivemos participa\u00e7\u00e3o na cria\u00e7\u00e3o e funda\u00e7\u00e3o do Comit\u00ea de Bacia Hidrogr\u00e1fica do Rio Piau\u00ed- Sergipe, onde envolve os 16 munic\u00edpios da regi\u00e3o Sul e centro Sul de Sergipe, do qual estou inclusive presidindo deste importante comit\u00ea. Muitos anos de dedica\u00e7\u00e3o na gest\u00e3o de recursos h\u00eddricos em nosso estado. Cheguei a participar de diversas confer\u00eancias municipais, regionais e estaduais e nacionais, escolhido em plen\u00e1rias para representar o segmento das ongs ambientalista por diversos estados oromovidas pelo Minist\u00e9rio de Sa\u00fade e do Meio Ambiente.<\/p>\n<p>TP &#8211; E sobre sua milit\u00e2ncia pol\u00edtica, antes da pol\u00edtica partid\u00e1ria, no PV, pelo qual concorreu a deputado federal, se elegeu vereador e por qu\u00ea decidiu migrar para o Cidadania?<br \/>\nJFJ &#8211; Ent\u00e3o, ainda no Eemnsino Fundamental, buscando forma\u00e7\u00e3o pol\u00edtica nos anos de 1998, conheci os amigos do PCdoB, qual me filiei e fui candidato a vereador no ano de 2000, naquela \u00e9poca, tive 45 votos. Gato foi o \u00fanico vereador eleito com mais de 600 votos, passondo 9 meses e 21 dias como vereador. Qual foi vitima de um b\u00e1rbaro assassinato, em uma emboscada na cidade de Pedrinhas. Em outubro daquele mesmo ano, em visita ao deputado estadual e presidente do Partido Verde, Ismael Silva, me fez um convite a filiar ao PV de Boquim. Qual passei a dirigir a sigla por um longo tempo. Fui candidato a deputado estadual em 2002 e deputado federal em 2010, ao lado de Marina Silva, candidata a presidente. Todas minhas participa\u00e7\u00f5es nas elei\u00e7\u00f5es foram ideol\u00f3gicas e nunca apenas eleitorais. Hoje estou no Cidadania, que tem a frente o senador Alessandro Vieira e os deputados estaduais Georgio Passos e da amiga kitty Lima. Em Boquim o Cidadania buscar\u00e1 oxigenar a pol\u00edtica local e regatar a autoestima do seu povo.<\/p>\n<p>\u25a0 Todas minhas participa\u00e7\u00f5es nas elei\u00e7\u00f5es foram ideol\u00f3gicas e nunca apenas eleitorais.<\/p>\n<p>TP &#8211; Qual a avalia\u00e7\u00e3o que voc\u00ea faz da atual administra\u00e7\u00e3o de Boquim e como t\u00eam sido a rela\u00e7\u00e3o entre essa e a C\u00e2mara de Vereadores?<br \/>\nJFJ &#8211; Um administrador falho, sem no\u00e7\u00e3o na forma\u00e7\u00e3o da escolha da sua equipe de governo e que n\u00e3o reconhece amigos ou aliados pol\u00edticos. Fui talvez o \u00fanico a clamar a uni\u00e3o e jun\u00e7\u00e3o de todos da oposi\u00e7\u00e3o. Jean iria ganhar por WO. Tr\u00eas vereadores j\u00e1 tinham migrado para o grupo da situa\u00e7\u00e3o na \u00e9poca, era Jean o prefeito. O pr\u00f3prio Eraldo Andrade j\u00e1 estava de malas prontas para ir para o ninho dos Mitidieris. Lutei, lutei, reuni\u00e3o e mais tentativas de reuni\u00e3o, ningu\u00e9m dos Fonsecas queria ser candidato a prefeito e a todo o tempo, v\u00e1rias lideran\u00e7as migrando para o grupo da situa\u00e7\u00e3o. Fui um dos primeiros estimuladores da unia\u00f5. O meu grupo, PV na \u00e9poca n\u00e3o brigou para ter o candidato a prefeito, n\u00e3o fez imposi\u00e7\u00e3o para ser o vice e sequer brigou para ser o vereador cabe\u00e7a de chapa. \u00c9 inacredit\u00e1vel, nem saber brigamos por secretarias ou quantidade de cargos. Mesmo assim, o meu partido fez 02 vereadores, de um total de apenas 04 vereadores eleitos pela bancada de governo. Sequer fomos chamados para indicar nomes no primeiro escal\u00e3o. Sequer teve forma\u00e7\u00e3o de Conselho Pol\u00edtico. Por ser ambientalista, pensei que as principais bandeiras de defesa ambiental, seria priorizadas ou respaldadas. At\u00e9 hoje ningu\u00e9m fala em Plano Diretor Municipal, arboriza\u00e7\u00e3o da cidade tamb\u00e9m foi zero. Nunca pensei que um governo que eu ajudei a colocar no poder, deixaria de criar a Secretaria Municipal de Meio Ambiente. S\u00f3 depois de 02 anos, que colocou de volta o veterin\u00e1rio que fazia tratamento nos animais. A rela\u00e7\u00e3o entre os poderes Legislativos e o Executivo, n\u00e3o \u00e9 boa. N\u00e3o existe um respeito cordial com a c\u00e2mara.<\/p>\n<p>\u25a0 Nunca pensei que um governo que eu ajudei a colocar no poder, deixaria de criar a Secretaria Municipal de Meio Ambiente.<\/p>\n<p>TP &#8211; Quais s\u00e3o os principais problemas, gargalos enfrentados pela popula\u00e7\u00e3o boquinhense?<br \/>\nJFJ &#8211; As maiores dificuldades est\u00e3i relacionadas a falta de seguran\u00e7a p\u00fablica na cidade e nos povoados, Boquim tem muitas entradas e sa\u00eddas para todos os lados, a falta de perspectivas de emprego \u00e9 outra realidade. Boquim hoje \u00e9 uma cidade dormitoria. Muitos jovens e pais de fam\u00edlias buscam trabalhos nas cidades de Estancia, Lagarto, Aracaju, no Sul e Sudeste do pais. A falta de pol\u00edticas p\u00fablicas sociais, por descuido da atual administra\u00e7\u00e3o \u00e9 outra realidade vis\u00edvel, pois m\u00e3es n\u00e3o tem onde deixar suas crian\u00e7as e poderem aprender a fazer um bolo, pra vender e sair da pobreza. As pol\u00edticas de assist\u00eancia sociais para os jovens e fam\u00edlias \u00e9 n\u00edtido nas comunidades mais carentes. A desorganiza\u00e7\u00e3o dos poucos produtores, tamb\u00e9m \u00e9 necess\u00e1rio um Plano aMunicipal de Desenvolvimento Local. A falta de acostamento e sinaliza\u00e7\u00e3o nas rodovias estaduais, faz com que motoristas em viagens, evitam trefegar, justamente por essa inseguran\u00e7a, optando pelas estradas das cidades de Salgado ou de Lagarto.<\/p>\n<p>TP &#8211; Com apenas um mandato de vereador, voc\u00ea considera cumprida sua miss\u00e3o no Parlamrnto Municupal?<br \/>\nJFJ \u2013 Veja, n\u00e3o pretendo ter o mandato como profiss\u00e3o. Sonho em ver um Boquim e um mundo ainda melhor. Sempre tem algo a fazer ou cumprir. Seja como vereador, ambientalistas ou mesmo, como prefeito. Pol\u00edtica n\u00e3o deve ser profiss\u00e3o. Como vereador, at\u00e9 penso que eu poderia ter dado um contribui\u00e7\u00e3o melhor, se n\u00e3o fosse por conta da rivalidade dos dois grupos tradicionais. A casa legislativa acaba se contaminando pela interfer\u00eancia dos seus l\u00edderes pol\u00edticos. Eu mesmo tive muitos projetos aprovados e muitos tamb\u00e9m reprovados, mesmo sem haver um debate interno, pois o prefeito t\u00eam poder de veto, da\u00ed o vereador precisa derrubar o veto, ou seja, voc\u00ea que \u00e9 independente, fica dependente de bancadas de A ou de B. mesmo assim tivemos participa\u00e7\u00e3o em projetos, que ficaram na hist\u00f3ria de Boquim. C\u00f3digo de Direitos dos Animais, c\u00f3digo Ambiental, emendas a Lei Org\u00e2nica Municipal, emendas impositivas, dentro do or\u00e7amento do munic\u00edpio, o qual dar\u00e1 maior respaldo para os futuros vereadores<\/p>\n<p>\u25a0 Sonho em ver uma Boquim e um mundo ainda melhor.<\/p>\n<p>TP &#8211; O que lhe motivou a decis\u00e3o de disputar a Prefeitura de Boquim, quais for\u00e7as aliadas em andamento e quais nomes al\u00e9m do seu, s\u00e3o pr\u00e9-candidatos aos demais cargos em disputa?<br \/>\nJFJ &#8211; A minha maior motiva\u00e7\u00e3o s\u00e3o os grandes desafios para desenvolver a nossa cidade, que um dia foi t\u00e3o importante para a economia do estado e hoje est\u00e1 \u00f3rf\u00e3 de pai e m\u00e3e. Boquim pode voltar a ser uma cidade melhor, basta uma pequena tr\u00e9gua entre grupos tradicionais. Tanto o grupo do atual prefeito, como tamb\u00e9m o grupo que esteve \u00e0 frente do munic\u00edpio por 12 anos, todos t\u00eam os seus l\u00edderes debaixo da saia do governador do estado. Precisamos mudar a cara da cidade e depois mudar a cara do estado. Quem for o novo prefeito de Boquim, ter\u00e1 uma dif\u00edcil miss\u00e3o, que \u00e9 de unir a cidade, chamar o comercio e comerciantes, ag\u00eancias bancarias, associa\u00e7\u00f5es comunit\u00e1rias, todos darem \u00e0s m\u00e3os. Assim encontraremos um lugar ao sol. Ao meu lado tenho um Diret\u00f3rio Municipal que acredita em mim e eles sabem que podem contar comigo. Tenho um senador jovem, que orgulha Sergipe e o Brasil. Tenho um partido que poderei contar com a ajuda de tr\u00eas deputados estaduais. Portanto, estou mais que preparado para esse grupo que j\u00e1 nasce grande. \u00c9 um projeto bom para Boquim.<\/p>\n<p>\u25a0 Quem for o novo prefeito de Boquim, ter\u00e1 uma dif\u00edcil miss\u00e3o, que \u00e9 de unir a cidade, chamar o comercio e comerciantes, ag\u00eancias bancarias, associa\u00e7\u00f5es comunit\u00e1rias, todos darem \u00e0s m\u00e3os<\/p>\n<p>TP &#8211; H\u00e1 possibilidades de mais \u00e0 frente o Cidadania recuar e voc\u00ea integrar uma chapa majorit\u00e1ria ao lado de um dos demais pr\u00e9-candidatos, ou ainda assegurar uma reelei\u00e7\u00e3o para vereador?<br \/>\nJFJ \u2013 Estou muito convicto dos meus desafio. Desejo de todo o meu cora\u00e7\u00e3o ajudar a desenvolver e resgatar o progresso da nossa Boquim. Sabe, \u00e9 muito bom servir a sua popula\u00e7\u00e3o, existe muitas limita\u00e7\u00f5es no pleno exerc\u00edcio do mandato de vereador. Todos esperam algo a mais. At\u00e9 n\u00f3s mesmo. A c\u00e2mara tem um limite e penso que posso dar uma contribui\u00e7\u00e3o muito maior para a minha cidade. Durante esses quase 4 anos, eu n\u00e3o trabalhei pensando em reelei\u00e7\u00e3o. Fiz um mandato de alto n\u00edvel, hoje tenho amigos vereadores por v\u00e1rios munic\u00edpios brasileiros. Sou um homem de grupo e de partido. Se o Cidadania em Boquim mantiver a minha pr\u00e9-candidatura, irei at\u00e9 o fim. Inclusive j\u00e1 tenho bons nomes para me suceder na C\u00e2mara Municipal e espero que eles fa\u00e7am tamb\u00e9m um mandato a altura que o povo de Boquim merece.<\/p>\n<p>TP &#8211; Quais \u00e0s lideran\u00e7as locais e estaduais que lhe apoiam e qual o grau de ebvolvimento destes atores sociais?<br \/>\nJFJ \u2013Tenho mantido um bom di\u00e1logo com o meu novo partido, o Cidadania, pois tenho o apoio a nossa pr\u00e9-candidatura a prefeito, j\u00e1 manifestada pela maioria dos membros da e?Executiva em Boquim. Sempre estou em contato com a minha amiga e ex vereadora e atual deputada estadual kitty Lima, a qual priorizamos bandeiras bem parecidas quando era vereadora, me auxiliando em v\u00e1rios projetos da causa ambiental e animal. Vou marchar com a turma do Cidadania. Desejo crescer junto e ajudar o meu novo partido. Caso eu consiga a proeza nesse projeto, tenho a leveza que eles estar\u00e3o ao meu lado e eu ao lado deles.Sou jovem, estou no meu melhor momento.<\/p>\n<p>\u25a0 Gostaria de agradecer por demais ao povo de Boquim por tudo que me proporcuonou ao longo de toda minha trajet\u00f3ria<\/p>\n<p>TRIBUNA &#8211; Existe algum ponto, tema ou assunto que voc\u00ea gostaria de falar e que n\u00e3o foi objeto de nossos questionamentos?<br \/>\nJO\u00c3O FONTES &#8211;<br \/>\nEstou contemplado com as perguntas.<\/p>\n<p>TRIBUNA DA PRAIA &#8211; Para finalizar, qual a mensagem que voc\u00ea deixa ao povo de Boquim e sos leitores da Tribuna da Praia?<br \/>\nJO\u00c3O FONTES &#8211; Gostaria de agradecer por demais ao povo de Boquim por tudo que me proporcuonou ao longo de toda minha trajet\u00f3ria e aos amigos do jornal Tribuna da Praia, em especial ao professor ClaudemOmir pela democratiza\u00e7\u00e3o deste espa\u00e7o. Um jornal hist\u00f3rico e com pautas que engradecem a hist\u00f3ria e a cultura do nosso estado.<\/p>\n","protected":false},"excerpt":{"rendered":"<p>Ao longo de minha vida, sempre tive participa\u00e7\u00f5es em movimentos e causas. (Jo\u00e3o Fontes Jr.) por ClaudOmir Herzog Jo\u00e3o Fontes J\u00fanior (40 anos completados em 5 de mar\u00e7o passado), \u00e9 vereador eleito em 2016 pelo Partido Verde e pr\u00e9-candidato a prefeito de Boquim, no Centro Sul Sergipano, agora pelo Cidadania. T\u00e9cnicp Amnirntal, Engenheiro de Seguran\u00e7a do Trabalhador e Bacharel em Direitp, Jo\u00e3o Fontes j\u00e1 foi candidato a deputado federal, primeiro<\/p>\n","protected":false},"author":3,"featured_media":1340,"comment_status":"open","ping_status":"open","sticky":false,"template":"","format":"standard","meta":[],"categories":[18],"tags":[],"yoast_head":"<!-- This site is optimized with the Yoast SEO plugin v16.3 - https:\/\/yoast.com\/wordpress\/plugins\/seo\/ -->\n<title>JO\u00c3O FONTES Jr: Por uma cidade sustent\u00e1vel e cidad\u00e3, entrevista com o pr\u00e9-candidato a prefeito de Boquim - TRIBUNA DA PRAIA<\/title>\n<meta name=\"robots\" content=\"index, follow, max-snippet:-1, max-image-preview:large, max-video-preview:-1\" \/>\n<link rel=\"canonical\" href=\"https:\/\/tribunadapraia.com.br\/?p=1337\" \/>\n<meta property=\"og:locale\" content=\"pt_BR\" \/>\n<meta property=\"og:type\" content=\"article\" \/>\n<meta property=\"og:title\" content=\"JO\u00c3O FONTES Jr: Por uma cidade sustent\u00e1vel e cidad\u00e3, entrevista com o pr\u00e9-candidato a prefeito de Boquim - TRIBUNA DA PRAIA\" \/>\n<meta property=\"og:description\" content=\"Ao longo de minha vida, sempre tive participa\u00e7\u00f5es em movimentos e causas. (Jo\u00e3o Fontes Jr.) por ClaudOmir Herzog Jo\u00e3o Fontes J\u00fanior (40 anos completados em 5 de mar\u00e7o passado), \u00e9 vereador eleito em 2016 pelo Partido Verde e pr\u00e9-candidato a prefeito de Boquim, no Centro Sul Sergipano, agora pelo Cidadania. T\u00e9cnicp Amnirntal, Engenheiro de Seguran\u00e7a do Trabalhador e Bacharel em Direitp, Jo\u00e3o Fontes j\u00e1 foi candidato a deputado federal, primeiro\" \/>\n<meta property=\"og:url\" content=\"https:\/\/tribunadapraia.com.br\/?p=1337\" \/>\n<meta property=\"og:site_name\" content=\"TRIBUNA DA PRAIA\" \/>\n<meta property=\"article:publisher\" content=\"https:\/\/www.facebook.com\/tribunadapraiaonline\/\" \/>\n<meta property=\"article:published_time\" content=\"2020-05-17T05:34:14+00:00\" \/>\n<meta property=\"article:modified_time\" content=\"2020-05-17T05:43:13+00:00\" \/>\n<meta property=\"og:image\" content=\"https:\/\/tribunadapraia.com.br\/wp-content\/uploads\/2020\/05\/IMG-20200517-WA0003.jpg\" \/>\n\t<meta property=\"og:image:width\" content=\"540\" \/>\n\t<meta property=\"og:image:height\" content=\"708\" \/>\n<meta name=\"twitter:card\" content=\"summary_large_image\" \/>\n<meta name=\"twitter:creator\" content=\"@Claudomir21\" \/>\n<meta name=\"twitter:site\" content=\"@Claudomir21\" \/>\n<meta name=\"twitter:label1\" content=\"Est. tempo de leitura\">\n\t<meta name=\"twitter:data1\" content=\"13 minutos\">\n<script type=\"application\/ld+json\" class=\"yoast-schema-graph\">{\"@context\":\"https:\/\/schema.org\",\"@graph\":[{\"@type\":\"Organization\",\"@id\":\"https:\/\/tribunadapraia.com.br\/#organization\",\"name\":\"Tribuna da Praia\",\"url\":\"https:\/\/tribunadapraia.com.br\/\",\"sameAs\":[\"https:\/\/www.facebook.com\/tribunadapraiaonline\/\",\"https:\/\/www.instagram.com\/claudomirtavares\/\",\"https:\/\/www.youtube.com\/channel\/UCwQf80nxiMzCefAyjbp53Rw\",\"https:\/\/twitter.com\/Claudomir21\"],\"logo\":{\"@type\":\"ImageObject\",\"@id\":\"https:\/\/tribunadapraia.com.br\/#logo\",\"inLanguage\":\"pt-BR\",\"url\":\"https:\/\/tribunadapraia.com.br\/wp-content\/uploads\/2020\/02\/logo.png\",\"contentUrl\":\"https:\/\/tribunadapraia.com.br\/wp-content\/uploads\/2020\/02\/logo.png\",\"width\":501,\"height\":121,\"caption\":\"Tribuna da Praia\"},\"image\":{\"@id\":\"https:\/\/tribunadapraia.com.br\/#logo\"}},{\"@type\":\"WebSite\",\"@id\":\"https:\/\/tribunadapraia.com.br\/#website\",\"url\":\"https:\/\/tribunadapraia.com.br\/\",\"name\":\"TRIBUNA DA PRAIA\",\"description\":\"O 1\\u00ba jornal do interior de Sergipe na internet\",\"publisher\":{\"@id\":\"https:\/\/tribunadapraia.com.br\/#organization\"},\"potentialAction\":[{\"@type\":\"SearchAction\",\"target\":\"https:\/\/tribunadapraia.com.br\/?s={search_term_string}\",\"query-input\":\"required name=search_term_string\"}],\"inLanguage\":\"pt-BR\"},{\"@type\":\"ImageObject\",\"@id\":\"https:\/\/tribunadapraia.com.br\/?p=1337#primaryimage\",\"inLanguage\":\"pt-BR\",\"url\":\"https:\/\/tribunadapraia.com.br\/wp-content\/uploads\/2020\/05\/IMG-20200517-WA0003.jpg\",\"contentUrl\":\"https:\/\/tribunadapraia.com.br\/wp-content\/uploads\/2020\/05\/IMG-20200517-WA0003.jpg\",\"width\":540,\"height\":708},{\"@type\":\"WebPage\",\"@id\":\"https:\/\/tribunadapraia.com.br\/?p=1337#webpage\",\"url\":\"https:\/\/tribunadapraia.com.br\/?p=1337\",\"name\":\"JO\\u00c3O FONTES Jr: Por uma cidade sustent\\u00e1vel e cidad\\u00e3, entrevista com o pr\\u00e9-candidato a prefeito de Boquim - TRIBUNA DA PRAIA\",\"isPartOf\":{\"@id\":\"https:\/\/tribunadapraia.com.br\/#website\"},\"primaryImageOfPage\":{\"@id\":\"https:\/\/tribunadapraia.com.br\/?p=1337#primaryimage\"},\"datePublished\":\"2020-05-17T05:34:14+00:00\",\"dateModified\":\"2020-05-17T05:43:13+00:00\",\"breadcrumb\":{\"@id\":\"https:\/\/tribunadapraia.com.br\/?p=1337#breadcrumb\"},\"inLanguage\":\"pt-BR\",\"potentialAction\":[{\"@type\":\"ReadAction\",\"target\":[\"https:\/\/tribunadapraia.com.br\/?p=1337\"]}]},{\"@type\":\"BreadcrumbList\",\"@id\":\"https:\/\/tribunadapraia.com.br\/?p=1337#breadcrumb\",\"itemListElement\":[{\"@type\":\"ListItem\",\"position\":1,\"item\":{\"@type\":\"WebPage\",\"@id\":\"https:\/\/tribunadapraia.com.br\/\",\"url\":\"https:\/\/tribunadapraia.com.br\/\",\"name\":\"In\\u00edcio\"}},{\"@type\":\"ListItem\",\"position\":2,\"item\":{\"@id\":\"https:\/\/tribunadapraia.com.br\/?p=1337#webpage\"}}]},{\"@type\":\"Article\",\"@id\":\"https:\/\/tribunadapraia.com.br\/?p=1337#article\",\"isPartOf\":{\"@id\":\"https:\/\/tribunadapraia.com.br\/?p=1337#webpage\"},\"author\":{\"@id\":\"https:\/\/tribunadapraia.com.br\/#\/schema\/person\/099fbbf59acc5895c0d7d52b4fc46c97\"},\"headline\":\"JO\\u00c3O FONTES Jr: Por uma cidade sustent\\u00e1vel e cidad\\u00e3, entrevista com o pr\\u00e9-candidato a prefeito de Boquim\",\"datePublished\":\"2020-05-17T05:34:14+00:00\",\"dateModified\":\"2020-05-17T05:43:13+00:00\",\"mainEntityOfPage\":{\"@id\":\"https:\/\/tribunadapraia.com.br\/?p=1337#webpage\"},\"wordCount\":2538,\"commentCount\":0,\"publisher\":{\"@id\":\"https:\/\/tribunadapraia.com.br\/#organization\"},\"image\":{\"@id\":\"https:\/\/tribunadapraia.com.br\/?p=1337#primaryimage\"},\"thumbnailUrl\":\"https:\/\/tribunadapraia.com.br\/wp-content\/uploads\/2020\/05\/IMG-20200517-WA0003.jpg\",\"articleSection\":[\"Not\\u00edcias\"],\"inLanguage\":\"pt-BR\",\"potentialAction\":[{\"@type\":\"CommentAction\",\"name\":\"Comment\",\"target\":[\"https:\/\/tribunadapraia.com.br\/?p=1337#respond\"]}]},{\"@type\":\"Person\",\"@id\":\"https:\/\/tribunadapraia.com.br\/#\/schema\/person\/099fbbf59acc5895c0d7d52b4fc46c97\",\"name\":\"Reda\\u00e7\\u00e3o\",\"image\":{\"@type\":\"ImageObject\",\"@id\":\"https:\/\/tribunadapraia.com.br\/#personlogo\",\"inLanguage\":\"pt-BR\",\"url\":\"https:\/\/secure.gravatar.com\/avatar\/91c8b91d2bfd7784eac5c3e055361f64?s=96&d=identicon&r=g\",\"contentUrl\":\"https:\/\/secure.gravatar.com\/avatar\/91c8b91d2bfd7784eac5c3e055361f64?s=96&d=identicon&r=g\",\"caption\":\"Reda\\u00e7\\u00e3o\"}}]}<\/script>\n<!-- \/ Yoast SEO plugin. -->","wps_subtitle":"","_links":{"self":[{"href":"https:\/\/tribunadapraia.com.br\/index.php?rest_route=\/wp\/v2\/posts\/1337"}],"collection":[{"href":"https:\/\/tribunadapraia.com.br\/index.php?rest_route=\/wp\/v2\/posts"}],"about":[{"href":"https:\/\/tribunadapraia.com.br\/index.php?rest_route=\/wp\/v2\/types\/post"}],"author":[{"embeddable":true,"href":"https:\/\/tribunadapraia.com.br\/index.php?rest_route=\/wp\/v2\/users\/3"}],"replies":[{"embeddable":true,"href":"https:\/\/tribunadapraia.com.br\/index.php?rest_route=%2Fwp%2Fv2%2Fcomments&post=1337"}],"version-history":[{"count":4,"href":"https:\/\/tribunadapraia.com.br\/index.php?rest_route=\/wp\/v2\/posts\/1337\/revisions"}],"predecessor-version":[{"id":1343,"href":"https:\/\/tribunadapraia.com.br\/index.php?rest_route=\/wp\/v2\/posts\/1337\/revisions\/1343"}],"wp:featuredmedia":[{"embeddable":true,"href":"https:\/\/tribunadapraia.com.br\/index.php?rest_route=\/wp\/v2\/media\/1340"}],"wp:attachment":[{"href":"https:\/\/tribunadapraia.com.br\/index.php?rest_route=%2Fwp%2Fv2%2Fmedia&parent=1337"}],"wp:term":[{"taxonomy":"category","embeddable":true,"href":"https:\/\/tribunadapraia.com.br\/index.php?rest_route=%2Fwp%2Fv2%2Fcategories&post=1337"},{"taxonomy":"post_tag","embeddable":true,"href":"https:\/\/tribunadapraia.com.br\/index.php?rest_route=%2Fwp%2Fv2%2Ftags&post=1337"}],"curies":[{"name":"wp","href":"https:\/\/api.w.org\/{rel}","templated":true}]}}