{"id":1329,"date":"2020-05-15T10:48:02","date_gmt":"2020-05-15T13:48:02","guid":{"rendered":"https:\/\/tribunadapraia.com.br\/?p=1329"},"modified":"2020-05-15T10:48:40","modified_gmt":"2020-05-15T13:48:40","slug":"aracaju-sms-esclarece-e-rebate-denuncia","status":"publish","type":"post","link":"https:\/\/tribunadapraia.com.br\/?p=1329","title":{"rendered":"ARACAJU: SMS esclarece e rebate den\u00fancia"},"content":{"rendered":"<p>A Prefeitura de Aracaju, por meio da Secretaria Municipal da Sa\u00fade esclarece que, em todos os processos de gest\u00e3o atua com transpar\u00eancia e lisura. E diferente do que foi noticiado nesta quinta-feira, 14, pelo site FaxAju, na entrevista com a delegada e pr\u00e9-candidata \u00e0 prefeita de Aracaju, Danielle Garcia, as empresas contratadas para o fornecimento dos Equipamentos de Prote\u00e7\u00e3o Individual dos profissionais de sa\u00fade que est\u00e3o na linha de frente contra a covid-19, n\u00e3o s\u00e3o de fora do pa\u00eds e est\u00e3o localizadas em Sergipe.<\/p>\n<p>Conforme consta no Portal da Transpar\u00eancia do munic\u00edpio de Aracaju, bem como no site \u2018Transpar\u00eancia Covid-19: informa\u00e7\u00f5es sobre o combate ao coronav\u00edrus\u2019, as aquisi\u00e7\u00f5es de 100 mil aventais imperme\u00e1veis descart\u00e1veis e 200 mil unidades de bota prop\u00e9s foram realizadas atrav\u00e9s da Licita\u00e7\u00e3o Dispens\u00e1vel n\u00ba 50\/2020 nos moldes da Lei n\u00ba 13.979\/2020, com as empresas Tr\u00eas Le\u00f5es Material Hospitalar LTDA, localizada no munic\u00edpio de Aracaju\/SE e Biodiag Diagn\u00f3stica e Hospitalar LTDA, localizada no munic\u00edpio de S\u00e3o Cristov\u00e3o\/SE.<\/p>\n<p>A SMS refor\u00e7a ainda que, todas as propostas e prospectos dos itens adquiridos passam por avalia\u00e7\u00e3o da equipe t\u00e9cnica da Secretaria para valida\u00e7\u00e3o das especifica\u00e7\u00f5es no Termo de Refer\u00eancia, bem como as exig\u00eancias de qualifica\u00e7\u00e3o t\u00e9cnica. Al\u00e9m disso, todas as aquisi\u00e7\u00f5es de insumos, materiais e equipamentos de prote\u00e7\u00e3o individual seguem o que preconiza o Minist\u00e9rio da Sa\u00fade.<\/p>\n<p>Sobre as acusa\u00e7\u00f5es com rela\u00e7\u00e3o a contrata\u00e7\u00e3o do Hospital de Campanha, a SMS ressalta que todo o processo foi feito de forma transparente e com o acompanhamento dos \u00f3rg\u00e3os fiscalizadores, como o Minist\u00e9rio P\u00fablico do Estado e o Tribunal de Contas do Estado, que receberam de forma espont\u00e2nea e antecipada as c\u00f3pias do processo licitat\u00f3rio. Ainda sobre o tema, mesmo ap\u00f3s manifesta\u00e7\u00f5es que acusavam irregularidades na contrata\u00e7\u00e3o, ap\u00f3s apura\u00e7\u00e3o por parte da 1\u00aa Promotoria de Justi\u00e7a dos Direitos do Cidad\u00e3o, especializada na defesa do Patrim\u00f4nio P\u00fablico, o Minist\u00e9rio P\u00fablico do Estado de Sergipe (MP\/SE) determinou o arquivamento da Not\u00edcia de Fato, visto que n\u00e3o foi identificado nenhum preju\u00edzo ao poder p\u00fablico.<\/p>\n<p>SMS\/Aracaju<\/p>\n","protected":false},"excerpt":{"rendered":"<p>A Prefeitura de Aracaju, por meio da Secretaria Municipal da Sa\u00fade esclarece que, em todos os processos de gest\u00e3o atua com transpar\u00eancia e lisura. E diferente do que foi noticiado nesta quinta-feira, 14, pelo site FaxAju, na entrevista com a delegada e pr\u00e9-candidata \u00e0 prefeita de Aracaju, Danielle Garcia, as empresas contratadas para o fornecimento dos Equipamentos de Prote\u00e7\u00e3o Individual dos profissionais de sa\u00fade que est\u00e3o na linha de frente<\/p>\n","protected":false},"author":1,"featured_media":1330,"comment_status":"open","ping_status":"open","sticky":false,"template":"","format":"standard","meta":[],"categories":[18],"tags":[],"yoast_head":"<!-- This site is optimized with the Yoast SEO plugin v16.3 - https:\/\/yoast.com\/wordpress\/plugins\/seo\/ -->\n<title>ARACAJU: SMS esclarece e rebate den\u00fancia - TRIBUNA DA PRAIA<\/title>\n<meta name=\"robots\" content=\"index, follow, max-snippet:-1, max-image-preview:large, max-video-preview:-1\" \/>\n<link rel=\"canonical\" href=\"https:\/\/tribunadapraia.com.br\/?p=1329\" \/>\n<meta property=\"og:locale\" content=\"pt_BR\" \/>\n<meta property=\"og:type\" content=\"article\" \/>\n<meta property=\"og:title\" content=\"ARACAJU: SMS esclarece e rebate den\u00fancia - TRIBUNA DA PRAIA\" \/>\n<meta property=\"og:description\" content=\"A Prefeitura de Aracaju, por meio da Secretaria Municipal da Sa\u00fade esclarece que, em todos os processos de gest\u00e3o atua com transpar\u00eancia e lisura. E diferente do que foi noticiado nesta quinta-feira, 14, pelo site FaxAju, na entrevista com a delegada e pr\u00e9-candidata \u00e0 prefeita de Aracaju, Danielle Garcia, as empresas contratadas para o fornecimento dos Equipamentos de Prote\u00e7\u00e3o Individual dos profissionais de sa\u00fade que est\u00e3o na linha de frente\" \/>\n<meta property=\"og:url\" content=\"https:\/\/tribunadapraia.com.br\/?p=1329\" \/>\n<meta property=\"og:site_name\" content=\"TRIBUNA DA PRAIA\" \/>\n<meta property=\"article:publisher\" content=\"https:\/\/www.facebook.com\/tribunadapraiaonline\/\" \/>\n<meta property=\"article:published_time\" content=\"2020-05-15T13:48:02+00:00\" \/>\n<meta property=\"article:modified_time\" content=\"2020-05-15T13:48:40+00:00\" \/>\n<meta property=\"og:image\" content=\"https:\/\/tribunadapraia.com.br\/wp-content\/uploads\/2020\/05\/IMG-20200515-WA0020.jpg\" \/>\n\t<meta property=\"og:image:width\" content=\"400\" \/>\n\t<meta property=\"og:image:height\" content=\"400\" \/>\n<meta name=\"twitter:card\" content=\"summary_large_image\" \/>\n<meta name=\"twitter:creator\" content=\"@Claudomir21\" \/>\n<meta name=\"twitter:site\" content=\"@Claudomir21\" \/>\n<meta name=\"twitter:label1\" content=\"Est. tempo de leitura\">\n\t<meta name=\"twitter:data1\" content=\"2 minutos\">\n<script type=\"application\/ld+json\" class=\"yoast-schema-graph\">{\"@context\":\"https:\/\/schema.org\",\"@graph\":[{\"@type\":\"Organization\",\"@id\":\"https:\/\/tribunadapraia.com.br\/#organization\",\"name\":\"Tribuna da Praia\",\"url\":\"https:\/\/tribunadapraia.com.br\/\",\"sameAs\":[\"https:\/\/www.facebook.com\/tribunadapraiaonline\/\",\"https:\/\/www.instagram.com\/claudomirtavares\/\",\"https:\/\/www.youtube.com\/channel\/UCwQf80nxiMzCefAyjbp53Rw\",\"https:\/\/twitter.com\/Claudomir21\"],\"logo\":{\"@type\":\"ImageObject\",\"@id\":\"https:\/\/tribunadapraia.com.br\/#logo\",\"inLanguage\":\"pt-BR\",\"url\":\"https:\/\/tribunadapraia.com.br\/wp-content\/uploads\/2020\/02\/logo.png\",\"contentUrl\":\"https:\/\/tribunadapraia.com.br\/wp-content\/uploads\/2020\/02\/logo.png\",\"width\":501,\"height\":121,\"caption\":\"Tribuna da Praia\"},\"image\":{\"@id\":\"https:\/\/tribunadapraia.com.br\/#logo\"}},{\"@type\":\"WebSite\",\"@id\":\"https:\/\/tribunadapraia.com.br\/#website\",\"url\":\"https:\/\/tribunadapraia.com.br\/\",\"name\":\"TRIBUNA DA PRAIA\",\"description\":\"O 1\\u00ba jornal do interior de Sergipe na internet\",\"publisher\":{\"@id\":\"https:\/\/tribunadapraia.com.br\/#organization\"},\"potentialAction\":[{\"@type\":\"SearchAction\",\"target\":\"https:\/\/tribunadapraia.com.br\/?s={search_term_string}\",\"query-input\":\"required name=search_term_string\"}],\"inLanguage\":\"pt-BR\"},{\"@type\":\"ImageObject\",\"@id\":\"https:\/\/tribunadapraia.com.br\/?p=1329#primaryimage\",\"inLanguage\":\"pt-BR\",\"url\":\"https:\/\/tribunadapraia.com.br\/wp-content\/uploads\/2020\/05\/IMG-20200515-WA0020.jpg\",\"contentUrl\":\"https:\/\/tribunadapraia.com.br\/wp-content\/uploads\/2020\/05\/IMG-20200515-WA0020.jpg\",\"width\":400,\"height\":400},{\"@type\":\"WebPage\",\"@id\":\"https:\/\/tribunadapraia.com.br\/?p=1329#webpage\",\"url\":\"https:\/\/tribunadapraia.com.br\/?p=1329\",\"name\":\"ARACAJU: SMS esclarece e rebate den\\u00fancia - TRIBUNA DA PRAIA\",\"isPartOf\":{\"@id\":\"https:\/\/tribunadapraia.com.br\/#website\"},\"primaryImageOfPage\":{\"@id\":\"https:\/\/tribunadapraia.com.br\/?p=1329#primaryimage\"},\"datePublished\":\"2020-05-15T13:48:02+00:00\",\"dateModified\":\"2020-05-15T13:48:40+00:00\",\"breadcrumb\":{\"@id\":\"https:\/\/tribunadapraia.com.br\/?p=1329#breadcrumb\"},\"inLanguage\":\"pt-BR\",\"potentialAction\":[{\"@type\":\"ReadAction\",\"target\":[\"https:\/\/tribunadapraia.com.br\/?p=1329\"]}]},{\"@type\":\"BreadcrumbList\",\"@id\":\"https:\/\/tribunadapraia.com.br\/?p=1329#breadcrumb\",\"itemListElement\":[{\"@type\":\"ListItem\",\"position\":1,\"item\":{\"@type\":\"WebPage\",\"@id\":\"https:\/\/tribunadapraia.com.br\/\",\"url\":\"https:\/\/tribunadapraia.com.br\/\",\"name\":\"In\\u00edcio\"}},{\"@type\":\"ListItem\",\"position\":2,\"item\":{\"@id\":\"https:\/\/tribunadapraia.com.br\/?p=1329#webpage\"}}]},{\"@type\":\"Article\",\"@id\":\"https:\/\/tribunadapraia.com.br\/?p=1329#article\",\"isPartOf\":{\"@id\":\"https:\/\/tribunadapraia.com.br\/?p=1329#webpage\"},\"author\":{\"@id\":\"https:\/\/tribunadapraia.com.br\/#\/schema\/person\/326b0a9f3163b479142c64eba4928de0\"},\"headline\":\"ARACAJU: SMS esclarece e rebate den\\u00fancia\",\"datePublished\":\"2020-05-15T13:48:02+00:00\",\"dateModified\":\"2020-05-15T13:48:40+00:00\",\"mainEntityOfPage\":{\"@id\":\"https:\/\/tribunadapraia.com.br\/?p=1329#webpage\"},\"wordCount\":401,\"commentCount\":0,\"publisher\":{\"@id\":\"https:\/\/tribunadapraia.com.br\/#organization\"},\"image\":{\"@id\":\"https:\/\/tribunadapraia.com.br\/?p=1329#primaryimage\"},\"thumbnailUrl\":\"https:\/\/tribunadapraia.com.br\/wp-content\/uploads\/2020\/05\/IMG-20200515-WA0020.jpg\",\"articleSection\":[\"Not\\u00edcias\"],\"inLanguage\":\"pt-BR\",\"potentialAction\":[{\"@type\":\"CommentAction\",\"name\":\"Comment\",\"target\":[\"https:\/\/tribunadapraia.com.br\/?p=1329#respond\"]}]},{\"@type\":\"Person\",\"@id\":\"https:\/\/tribunadapraia.com.br\/#\/schema\/person\/326b0a9f3163b479142c64eba4928de0\",\"name\":\"tribunadapraia\",\"image\":{\"@type\":\"ImageObject\",\"@id\":\"https:\/\/tribunadapraia.com.br\/#personlogo\",\"inLanguage\":\"pt-BR\",\"url\":\"https:\/\/secure.gravatar.com\/avatar\/38b019c74762496076b7355024a0dad9?s=96&d=identicon&r=g\",\"contentUrl\":\"https:\/\/secure.gravatar.com\/avatar\/38b019c74762496076b7355024a0dad9?s=96&d=identicon&r=g\",\"caption\":\"tribunadapraia\"}}]}<\/script>\n<!-- \/ Yoast SEO plugin. -->","wps_subtitle":"","_links":{"self":[{"href":"https:\/\/tribunadapraia.com.br\/index.php?rest_route=\/wp\/v2\/posts\/1329"}],"collection":[{"href":"https:\/\/tribunadapraia.com.br\/index.php?rest_route=\/wp\/v2\/posts"}],"about":[{"href":"https:\/\/tribunadapraia.com.br\/index.php?rest_route=\/wp\/v2\/types\/post"}],"author":[{"embeddable":true,"href":"https:\/\/tribunadapraia.com.br\/index.php?rest_route=\/wp\/v2\/users\/1"}],"replies":[{"embeddable":true,"href":"https:\/\/tribunadapraia.com.br\/index.php?rest_route=%2Fwp%2Fv2%2Fcomments&post=1329"}],"version-history":[{"count":1,"href":"https:\/\/tribunadapraia.com.br\/index.php?rest_route=\/wp\/v2\/posts\/1329\/revisions"}],"predecessor-version":[{"id":1331,"href":"https:\/\/tribunadapraia.com.br\/index.php?rest_route=\/wp\/v2\/posts\/1329\/revisions\/1331"}],"wp:featuredmedia":[{"embeddable":true,"href":"https:\/\/tribunadapraia.com.br\/index.php?rest_route=\/wp\/v2\/media\/1330"}],"wp:attachment":[{"href":"https:\/\/tribunadapraia.com.br\/index.php?rest_route=%2Fwp%2Fv2%2Fmedia&parent=1329"}],"wp:term":[{"taxonomy":"category","embeddable":true,"href":"https:\/\/tribunadapraia.com.br\/index.php?rest_route=%2Fwp%2Fv2%2Fcategories&post=1329"},{"taxonomy":"post_tag","embeddable":true,"href":"https:\/\/tribunadapraia.com.br\/index.php?rest_route=%2Fwp%2Fv2%2Ftags&post=1329"}],"curies":[{"name":"wp","href":"https:\/\/api.w.org\/{rel}","templated":true}]}}