{"id":1199,"date":"2020-04-22T23:11:11","date_gmt":"2020-04-23T02:11:11","guid":{"rendered":"https:\/\/tribunadapraia.com.br\/?p=1199"},"modified":"2020-04-22T23:11:11","modified_gmt":"2020-04-23T02:11:11","slug":"da-ilha-ao-pontal-a-trajetoria-e-os-35-anos-da-vila-que-se-transformou-em-povoado","status":"publish","type":"post","link":"https:\/\/tribunadapraia.com.br\/?p=1199","title":{"rendered":"DA ILHA AO PONTAL A trajet\u00f3ria e os 35 anos da vila que se transformou em povoado"},"content":{"rendered":"<p>Localizada \u00e0s margens do Rio Japaratuba, distante 27 km de Barra dos Coqueiros, mas umbilicalmente ligada a cidade de Pirambu por raz\u00f4es econ\u00f4micas ou elementos sociais, a vila de pescadores que ficou conhecida pela alcunha de &#8220;Ilha do Rato&#8221; teve seu povoamento iniciado nos primeiros anos da d\u00e9cada de 1980 (entre 1983 e 1984), atrav\u00e9s dos desbravadores M\u00e1rio de Ramos e mais tarde Man\u00e9 Piroca, Papero, Marculino, Wilsom Galo, seguidos por Severino Lima e fam\u00edlia, entre outros oriundos de cidades alagoanas, cearenses etc., al\u00e9m dos sergipanos de Pirambu que sem tetos na cidade, se deslocavam para a nova &#8220;Terra Prometida&#8221; que tinha ao fundo o manguezal onde possuia um viveiro o canoeiro\/campon\u00eas-pescador Jos\u00e9 Lauro Ferreira, o Ze Ilaro ou Ze de Titia e mas adiante, o s\u00edtio que pertenceu a Jo\u00e3o Oliveira.<\/p>\n<p>Deslocados para uma faixa de terra que pertenceu ao sitiante Valdemir do Marimbondo, para se proteger dos alagamentos provocados pelas altas mar\u00e9s e da din\u00e2mica da foz, a comunidade passou a ser denominada Pontal da Ilha de Santa Luzia, ao tempo em que suas lideran\u00e7as intensificaram a luta pelo reconhecimento e certifica\u00e7\u00e3o como remanescente quilombola. A luz da Hist\u00f4ria de Barra dos Coqueiros, da qual sou testemunho ocular, a comunidade n\u00e3o se sustenta como sendo quilombola, ainda que em raz\u00e3o da nossa ancestralidade; somos filhos de \u00c1frica e ou dos indios tupinamb\u00e1s, os primeiros habitantes do litoral sergipano, dos quais descendem os filhos do povoado Porto Grande, tamb\u00e9m em Barra dos Coqueiros, de onde sa\u00ecram a gente que povou Pirambu, quando este ainda pertencia administrativamente ao munic\u00edpio de Capela (at\u00e9 1934).<\/p>\n<p>Contemplada com 150 casas populares, que substitu\u00edram h\u00e1 pouco mais de dois anos os antigos barracos ali asentados, a comunidade est\u00e1 servida de abastecimento de \u00e1gua e energia el\u00e9trica, mas ainda falta um posto de sa\u00fcde, uma escola e creche, al\u00e9m de \u00e1reas de lazer, fazendo uso desses servi\u00e7os na cidade de Pirambu, ou mais distante na sede do munic\u00edpio de Barra dos Coqueiros.<\/p>\n<p>por ClaudOmir Herzog Tavares, membro da SCAP, do GEPEPP e do CEMSRX<\/p>\n<p>Prefer\u00eancias:<\/p>\n<p>SILVA, Claudomir Tacares. Mem\u00f3rias do Porto Grande. Pirambu: Tribuna da Praua; 2011.<\/p>\n","protected":false},"excerpt":{"rendered":"<p>Localizada \u00e0s margens do Rio Japaratuba, distante 27 km de Barra dos Coqueiros, mas umbilicalmente ligada a cidade de Pirambu por raz\u00f4es econ\u00f4micas ou elementos sociais, a vila de pescadores que ficou conhecida pela alcunha de &#8220;Ilha do Rato&#8221; teve seu povoamento iniciado nos primeiros anos da d\u00e9cada de 1980 (entre 1983 e 1984), atrav\u00e9s dos desbravadores M\u00e1rio de Ramos e mais tarde Man\u00e9 Piroca, Papero, Marculino, Wilsom Galo, seguidos<\/p>\n","protected":false},"author":3,"featured_media":1200,"comment_status":"open","ping_status":"open","sticky":false,"template":"","format":"standard","meta":[],"categories":[18],"tags":[],"yoast_head":"<!-- This site is optimized with the Yoast SEO plugin v16.3 - https:\/\/yoast.com\/wordpress\/plugins\/seo\/ -->\n<title>DA ILHA AO PONTAL A trajet\u00f3ria e os 35 anos da vila que se transformou em povoado - TRIBUNA DA PRAIA<\/title>\n<meta name=\"robots\" content=\"index, follow, max-snippet:-1, max-image-preview:large, max-video-preview:-1\" \/>\n<link rel=\"canonical\" href=\"https:\/\/tribunadapraia.com.br\/?p=1199\" \/>\n<meta property=\"og:locale\" content=\"pt_BR\" \/>\n<meta property=\"og:type\" content=\"article\" \/>\n<meta property=\"og:title\" content=\"DA ILHA AO PONTAL A trajet\u00f3ria e os 35 anos da vila que se transformou em povoado - TRIBUNA DA PRAIA\" \/>\n<meta property=\"og:description\" content=\"Localizada \u00e0s margens do Rio Japaratuba, distante 27 km de Barra dos Coqueiros, mas umbilicalmente ligada a cidade de Pirambu por raz\u00f4es econ\u00f4micas ou elementos sociais, a vila de pescadores que ficou conhecida pela alcunha de &#8220;Ilha do Rato&#8221; teve seu povoamento iniciado nos primeiros anos da d\u00e9cada de 1980 (entre 1983 e 1984), atrav\u00e9s dos desbravadores M\u00e1rio de Ramos e mais tarde Man\u00e9 Piroca, Papero, Marculino, Wilsom Galo, seguidos\" \/>\n<meta property=\"og:url\" content=\"https:\/\/tribunadapraia.com.br\/?p=1199\" \/>\n<meta property=\"og:site_name\" content=\"TRIBUNA DA PRAIA\" \/>\n<meta property=\"article:publisher\" content=\"https:\/\/www.facebook.com\/tribunadapraiaonline\/\" \/>\n<meta property=\"article:published_time\" content=\"2020-04-23T02:11:11+00:00\" \/>\n<meta property=\"og:image\" content=\"https:\/\/tribunadapraia.com.br\/wp-content\/uploads\/2020\/04\/IMG-20200422-WA0121.jpg\" \/>\n\t<meta property=\"og:image:width\" content=\"540\" \/>\n\t<meta property=\"og:image:height\" content=\"352\" \/>\n<meta name=\"twitter:card\" content=\"summary_large_image\" \/>\n<meta name=\"twitter:creator\" content=\"@Claudomir21\" \/>\n<meta name=\"twitter:site\" content=\"@Claudomir21\" \/>\n<meta name=\"twitter:label1\" content=\"Est. tempo de leitura\">\n\t<meta name=\"twitter:data1\" content=\"2 minutos\">\n<script type=\"application\/ld+json\" class=\"yoast-schema-graph\">{\"@context\":\"https:\/\/schema.org\",\"@graph\":[{\"@type\":\"Organization\",\"@id\":\"https:\/\/tribunadapraia.com.br\/#organization\",\"name\":\"Tribuna da Praia\",\"url\":\"https:\/\/tribunadapraia.com.br\/\",\"sameAs\":[\"https:\/\/www.facebook.com\/tribunadapraiaonline\/\",\"https:\/\/www.instagram.com\/claudomirtavares\/\",\"https:\/\/www.youtube.com\/channel\/UCwQf80nxiMzCefAyjbp53Rw\",\"https:\/\/twitter.com\/Claudomir21\"],\"logo\":{\"@type\":\"ImageObject\",\"@id\":\"https:\/\/tribunadapraia.com.br\/#logo\",\"inLanguage\":\"pt-BR\",\"url\":\"https:\/\/tribunadapraia.com.br\/wp-content\/uploads\/2020\/02\/logo.png\",\"contentUrl\":\"https:\/\/tribunadapraia.com.br\/wp-content\/uploads\/2020\/02\/logo.png\",\"width\":501,\"height\":121,\"caption\":\"Tribuna da Praia\"},\"image\":{\"@id\":\"https:\/\/tribunadapraia.com.br\/#logo\"}},{\"@type\":\"WebSite\",\"@id\":\"https:\/\/tribunadapraia.com.br\/#website\",\"url\":\"https:\/\/tribunadapraia.com.br\/\",\"name\":\"TRIBUNA DA PRAIA\",\"description\":\"O 1\\u00ba jornal do interior de Sergipe na internet\",\"publisher\":{\"@id\":\"https:\/\/tribunadapraia.com.br\/#organization\"},\"potentialAction\":[{\"@type\":\"SearchAction\",\"target\":\"https:\/\/tribunadapraia.com.br\/?s={search_term_string}\",\"query-input\":\"required name=search_term_string\"}],\"inLanguage\":\"pt-BR\"},{\"@type\":\"ImageObject\",\"@id\":\"https:\/\/tribunadapraia.com.br\/?p=1199#primaryimage\",\"inLanguage\":\"pt-BR\",\"url\":\"https:\/\/tribunadapraia.com.br\/wp-content\/uploads\/2020\/04\/IMG-20200422-WA0121.jpg\",\"contentUrl\":\"https:\/\/tribunadapraia.com.br\/wp-content\/uploads\/2020\/04\/IMG-20200422-WA0121.jpg\",\"width\":540,\"height\":352},{\"@type\":\"WebPage\",\"@id\":\"https:\/\/tribunadapraia.com.br\/?p=1199#webpage\",\"url\":\"https:\/\/tribunadapraia.com.br\/?p=1199\",\"name\":\"DA ILHA AO PONTAL A trajet\\u00f3ria e os 35 anos da vila que se transformou em povoado - TRIBUNA DA PRAIA\",\"isPartOf\":{\"@id\":\"https:\/\/tribunadapraia.com.br\/#website\"},\"primaryImageOfPage\":{\"@id\":\"https:\/\/tribunadapraia.com.br\/?p=1199#primaryimage\"},\"datePublished\":\"2020-04-23T02:11:11+00:00\",\"dateModified\":\"2020-04-23T02:11:11+00:00\",\"breadcrumb\":{\"@id\":\"https:\/\/tribunadapraia.com.br\/?p=1199#breadcrumb\"},\"inLanguage\":\"pt-BR\",\"potentialAction\":[{\"@type\":\"ReadAction\",\"target\":[\"https:\/\/tribunadapraia.com.br\/?p=1199\"]}]},{\"@type\":\"BreadcrumbList\",\"@id\":\"https:\/\/tribunadapraia.com.br\/?p=1199#breadcrumb\",\"itemListElement\":[{\"@type\":\"ListItem\",\"position\":1,\"item\":{\"@type\":\"WebPage\",\"@id\":\"https:\/\/tribunadapraia.com.br\/\",\"url\":\"https:\/\/tribunadapraia.com.br\/\",\"name\":\"In\\u00edcio\"}},{\"@type\":\"ListItem\",\"position\":2,\"item\":{\"@id\":\"https:\/\/tribunadapraia.com.br\/?p=1199#webpage\"}}]},{\"@type\":\"Article\",\"@id\":\"https:\/\/tribunadapraia.com.br\/?p=1199#article\",\"isPartOf\":{\"@id\":\"https:\/\/tribunadapraia.com.br\/?p=1199#webpage\"},\"author\":{\"@id\":\"https:\/\/tribunadapraia.com.br\/#\/schema\/person\/099fbbf59acc5895c0d7d52b4fc46c97\"},\"headline\":\"DA ILHA AO PONTAL A trajet\\u00f3ria e os 35 anos da vila que se transformou em povoado\",\"datePublished\":\"2020-04-23T02:11:11+00:00\",\"dateModified\":\"2020-04-23T02:11:11+00:00\",\"mainEntityOfPage\":{\"@id\":\"https:\/\/tribunadapraia.com.br\/?p=1199#webpage\"},\"wordCount\":392,\"commentCount\":0,\"publisher\":{\"@id\":\"https:\/\/tribunadapraia.com.br\/#organization\"},\"image\":{\"@id\":\"https:\/\/tribunadapraia.com.br\/?p=1199#primaryimage\"},\"thumbnailUrl\":\"https:\/\/tribunadapraia.com.br\/wp-content\/uploads\/2020\/04\/IMG-20200422-WA0121.jpg\",\"articleSection\":[\"Not\\u00edcias\"],\"inLanguage\":\"pt-BR\",\"potentialAction\":[{\"@type\":\"CommentAction\",\"name\":\"Comment\",\"target\":[\"https:\/\/tribunadapraia.com.br\/?p=1199#respond\"]}]},{\"@type\":\"Person\",\"@id\":\"https:\/\/tribunadapraia.com.br\/#\/schema\/person\/099fbbf59acc5895c0d7d52b4fc46c97\",\"name\":\"Reda\\u00e7\\u00e3o\",\"image\":{\"@type\":\"ImageObject\",\"@id\":\"https:\/\/tribunadapraia.com.br\/#personlogo\",\"inLanguage\":\"pt-BR\",\"url\":\"https:\/\/secure.gravatar.com\/avatar\/91c8b91d2bfd7784eac5c3e055361f64?s=96&d=identicon&r=g\",\"contentUrl\":\"https:\/\/secure.gravatar.com\/avatar\/91c8b91d2bfd7784eac5c3e055361f64?s=96&d=identicon&r=g\",\"caption\":\"Reda\\u00e7\\u00e3o\"}}]}<\/script>\n<!-- \/ Yoast SEO plugin. -->","wps_subtitle":"","_links":{"self":[{"href":"https:\/\/tribunadapraia.com.br\/index.php?rest_route=\/wp\/v2\/posts\/1199"}],"collection":[{"href":"https:\/\/tribunadapraia.com.br\/index.php?rest_route=\/wp\/v2\/posts"}],"about":[{"href":"https:\/\/tribunadapraia.com.br\/index.php?rest_route=\/wp\/v2\/types\/post"}],"author":[{"embeddable":true,"href":"https:\/\/tribunadapraia.com.br\/index.php?rest_route=\/wp\/v2\/users\/3"}],"replies":[{"embeddable":true,"href":"https:\/\/tribunadapraia.com.br\/index.php?rest_route=%2Fwp%2Fv2%2Fcomments&post=1199"}],"version-history":[{"count":1,"href":"https:\/\/tribunadapraia.com.br\/index.php?rest_route=\/wp\/v2\/posts\/1199\/revisions"}],"predecessor-version":[{"id":1201,"href":"https:\/\/tribunadapraia.com.br\/index.php?rest_route=\/wp\/v2\/posts\/1199\/revisions\/1201"}],"wp:featuredmedia":[{"embeddable":true,"href":"https:\/\/tribunadapraia.com.br\/index.php?rest_route=\/wp\/v2\/media\/1200"}],"wp:attachment":[{"href":"https:\/\/tribunadapraia.com.br\/index.php?rest_route=%2Fwp%2Fv2%2Fmedia&parent=1199"}],"wp:term":[{"taxonomy":"category","embeddable":true,"href":"https:\/\/tribunadapraia.com.br\/index.php?rest_route=%2Fwp%2Fv2%2Fcategories&post=1199"},{"taxonomy":"post_tag","embeddable":true,"href":"https:\/\/tribunadapraia.com.br\/index.php?rest_route=%2Fwp%2Fv2%2Ftags&post=1199"}],"curies":[{"name":"wp","href":"https:\/\/api.w.org\/{rel}","templated":true}]}}