{"id":1191,"date":"2020-04-20T21:13:18","date_gmt":"2020-04-21T00:13:18","guid":{"rendered":"https:\/\/tribunadapraia.com.br\/?p=1191"},"modified":"2020-04-20T23:59:30","modified_gmt":"2020-04-21T02:59:30","slug":"carteira-verde-e-amarela-mp-905-perde-validade-oposicao-e-centrais-sindicais-comemoram-trabalho-articulado","status":"publish","type":"post","link":"https:\/\/tribunadapraia.com.br\/?p=1191","title":{"rendered":"CARTEIRA VERDE E AMARELA: MP 905 perde validade &#8211; oposi\u00e7\u00e3o e centrais sindicais comemoram trabalho articulado"},"content":{"rendered":"<p>No entanto, para parlamentares e sindicalistas, proposta continuar\u00e1 exigindo vigil\u00e2ncia; Bolsonaro prepara novo texto<\/p>\n<p>O vencimento da Medida Provis\u00f3ria (MP) 905, a \u201cMP do Contrato Amarelo\u201d, nesta segunda-feira (20) foi interpretado pela Central \u00danica dos Trabalhadores (CUT) como uma vit\u00f3ria do sindicalismo brasileiro. \u00c9 o que afirma o assessor de Assuntos Jur\u00eddicos da entidade, Valeir Ertle, que destaca a articula\u00e7\u00e3o das diferentes centrais sindicais em torno do tema. As organiza\u00e7\u00f5es vinham intensificando a press\u00e3o sobre os senadores especialmente desde a \u00faltima quinta-feira (16).<\/p>\n<p>fonte: Brasil de Fato (https:\/\/bit.ly\/34RJVDv)<\/p>\n","protected":false},"excerpt":{"rendered":"<p>No entanto, para parlamentares e sindicalistas, proposta continuar\u00e1 exigindo vigil\u00e2ncia; Bolsonaro prepara novo texto O vencimento da Medida Provis\u00f3ria (MP) 905, a \u201cMP do Contrato Amarelo\u201d, nesta segunda-feira (20) foi interpretado pela Central \u00danica dos Trabalhadores (CUT) como uma vit\u00f3ria do sindicalismo brasileiro. \u00c9 o que afirma o assessor de Assuntos Jur\u00eddicos da entidade, Valeir Ertle, que destaca a articula\u00e7\u00e3o das diferentes centrais sindicais em torno do tema. As organiza\u00e7\u00f5es<\/p>\n","protected":false},"author":3,"featured_media":1192,"comment_status":"open","ping_status":"open","sticky":false,"template":"","format":"standard","meta":[],"categories":[18],"tags":[],"yoast_head":"<!-- This site is optimized with the Yoast SEO plugin v16.3 - https:\/\/yoast.com\/wordpress\/plugins\/seo\/ -->\n<title>CARTEIRA VERDE E AMARELA: MP 905 perde validade - oposi\u00e7\u00e3o e centrais sindicais comemoram trabalho articulado - TRIBUNA DA PRAIA<\/title>\n<meta name=\"robots\" content=\"index, follow, max-snippet:-1, max-image-preview:large, max-video-preview:-1\" \/>\n<link rel=\"canonical\" href=\"https:\/\/tribunadapraia.com.br\/?p=1191\" \/>\n<meta property=\"og:locale\" content=\"pt_BR\" \/>\n<meta property=\"og:type\" content=\"article\" \/>\n<meta property=\"og:title\" content=\"CARTEIRA VERDE E AMARELA: MP 905 perde validade - oposi\u00e7\u00e3o e centrais sindicais comemoram trabalho articulado - TRIBUNA DA PRAIA\" \/>\n<meta property=\"og:description\" content=\"No entanto, para parlamentares e sindicalistas, proposta continuar\u00e1 exigindo vigil\u00e2ncia; Bolsonaro prepara novo texto O vencimento da Medida Provis\u00f3ria (MP) 905, a \u201cMP do Contrato Amarelo\u201d, nesta segunda-feira (20) foi interpretado pela Central \u00danica dos Trabalhadores (CUT) como uma vit\u00f3ria do sindicalismo brasileiro. \u00c9 o que afirma o assessor de Assuntos Jur\u00eddicos da entidade, Valeir Ertle, que destaca a articula\u00e7\u00e3o das diferentes centrais sindicais em torno do tema. As organiza\u00e7\u00f5es\" \/>\n<meta property=\"og:url\" content=\"https:\/\/tribunadapraia.com.br\/?p=1191\" \/>\n<meta property=\"og:site_name\" content=\"TRIBUNA DA PRAIA\" \/>\n<meta property=\"article:publisher\" content=\"https:\/\/www.facebook.com\/tribunadapraiaonline\/\" \/>\n<meta property=\"article:published_time\" content=\"2020-04-21T00:13:18+00:00\" \/>\n<meta property=\"article:modified_time\" content=\"2020-04-21T02:59:30+00:00\" \/>\n<meta property=\"og:image\" content=\"https:\/\/tribunadapraia.com.br\/wp-content\/uploads\/2020\/04\/IMG-20200420-WA0149.jpg\" \/>\n\t<meta property=\"og:image:width\" content=\"640\" \/>\n\t<meta property=\"og:image:height\" content=\"430\" \/>\n<meta name=\"twitter:card\" content=\"summary_large_image\" \/>\n<meta name=\"twitter:creator\" content=\"@Claudomir21\" \/>\n<meta name=\"twitter:site\" content=\"@Claudomir21\" \/>\n<script type=\"application\/ld+json\" class=\"yoast-schema-graph\">{\"@context\":\"https:\/\/schema.org\",\"@graph\":[{\"@type\":\"Organization\",\"@id\":\"https:\/\/tribunadapraia.com.br\/#organization\",\"name\":\"Tribuna da Praia\",\"url\":\"https:\/\/tribunadapraia.com.br\/\",\"sameAs\":[\"https:\/\/www.facebook.com\/tribunadapraiaonline\/\",\"https:\/\/www.instagram.com\/claudomirtavares\/\",\"https:\/\/www.youtube.com\/channel\/UCwQf80nxiMzCefAyjbp53Rw\",\"https:\/\/twitter.com\/Claudomir21\"],\"logo\":{\"@type\":\"ImageObject\",\"@id\":\"https:\/\/tribunadapraia.com.br\/#logo\",\"inLanguage\":\"pt-BR\",\"url\":\"https:\/\/tribunadapraia.com.br\/wp-content\/uploads\/2020\/02\/logo.png\",\"contentUrl\":\"https:\/\/tribunadapraia.com.br\/wp-content\/uploads\/2020\/02\/logo.png\",\"width\":501,\"height\":121,\"caption\":\"Tribuna da Praia\"},\"image\":{\"@id\":\"https:\/\/tribunadapraia.com.br\/#logo\"}},{\"@type\":\"WebSite\",\"@id\":\"https:\/\/tribunadapraia.com.br\/#website\",\"url\":\"https:\/\/tribunadapraia.com.br\/\",\"name\":\"TRIBUNA DA PRAIA\",\"description\":\"O 1\\u00ba jornal do interior de Sergipe na internet\",\"publisher\":{\"@id\":\"https:\/\/tribunadapraia.com.br\/#organization\"},\"potentialAction\":[{\"@type\":\"SearchAction\",\"target\":\"https:\/\/tribunadapraia.com.br\/?s={search_term_string}\",\"query-input\":\"required name=search_term_string\"}],\"inLanguage\":\"pt-BR\"},{\"@type\":\"ImageObject\",\"@id\":\"https:\/\/tribunadapraia.com.br\/?p=1191#primaryimage\",\"inLanguage\":\"pt-BR\",\"url\":\"https:\/\/tribunadapraia.com.br\/wp-content\/uploads\/2020\/04\/IMG-20200420-WA0149.jpg\",\"contentUrl\":\"https:\/\/tribunadapraia.com.br\/wp-content\/uploads\/2020\/04\/IMG-20200420-WA0149.jpg\",\"width\":640,\"height\":430},{\"@type\":\"WebPage\",\"@id\":\"https:\/\/tribunadapraia.com.br\/?p=1191#webpage\",\"url\":\"https:\/\/tribunadapraia.com.br\/?p=1191\",\"name\":\"CARTEIRA VERDE E AMARELA: MP 905 perde validade - oposi\\u00e7\\u00e3o e centrais sindicais comemoram trabalho articulado - TRIBUNA DA PRAIA\",\"isPartOf\":{\"@id\":\"https:\/\/tribunadapraia.com.br\/#website\"},\"primaryImageOfPage\":{\"@id\":\"https:\/\/tribunadapraia.com.br\/?p=1191#primaryimage\"},\"datePublished\":\"2020-04-21T00:13:18+00:00\",\"dateModified\":\"2020-04-21T02:59:30+00:00\",\"breadcrumb\":{\"@id\":\"https:\/\/tribunadapraia.com.br\/?p=1191#breadcrumb\"},\"inLanguage\":\"pt-BR\",\"potentialAction\":[{\"@type\":\"ReadAction\",\"target\":[\"https:\/\/tribunadapraia.com.br\/?p=1191\"]}]},{\"@type\":\"BreadcrumbList\",\"@id\":\"https:\/\/tribunadapraia.com.br\/?p=1191#breadcrumb\",\"itemListElement\":[{\"@type\":\"ListItem\",\"position\":1,\"item\":{\"@type\":\"WebPage\",\"@id\":\"https:\/\/tribunadapraia.com.br\/\",\"url\":\"https:\/\/tribunadapraia.com.br\/\",\"name\":\"In\\u00edcio\"}},{\"@type\":\"ListItem\",\"position\":2,\"item\":{\"@id\":\"https:\/\/tribunadapraia.com.br\/?p=1191#webpage\"}}]},{\"@type\":\"Article\",\"@id\":\"https:\/\/tribunadapraia.com.br\/?p=1191#article\",\"isPartOf\":{\"@id\":\"https:\/\/tribunadapraia.com.br\/?p=1191#webpage\"},\"author\":{\"@id\":\"https:\/\/tribunadapraia.com.br\/#\/schema\/person\/099fbbf59acc5895c0d7d52b4fc46c97\"},\"headline\":\"CARTEIRA VERDE E AMARELA: MP 905 perde validade &#8211; oposi\\u00e7\\u00e3o e centrais sindicais comemoram trabalho articulado\",\"datePublished\":\"2020-04-21T00:13:18+00:00\",\"dateModified\":\"2020-04-21T02:59:30+00:00\",\"mainEntityOfPage\":{\"@id\":\"https:\/\/tribunadapraia.com.br\/?p=1191#webpage\"},\"wordCount\":110,\"commentCount\":0,\"publisher\":{\"@id\":\"https:\/\/tribunadapraia.com.br\/#organization\"},\"image\":{\"@id\":\"https:\/\/tribunadapraia.com.br\/?p=1191#primaryimage\"},\"thumbnailUrl\":\"https:\/\/tribunadapraia.com.br\/wp-content\/uploads\/2020\/04\/IMG-20200420-WA0149.jpg\",\"articleSection\":[\"Not\\u00edcias\"],\"inLanguage\":\"pt-BR\",\"potentialAction\":[{\"@type\":\"CommentAction\",\"name\":\"Comment\",\"target\":[\"https:\/\/tribunadapraia.com.br\/?p=1191#respond\"]}]},{\"@type\":\"Person\",\"@id\":\"https:\/\/tribunadapraia.com.br\/#\/schema\/person\/099fbbf59acc5895c0d7d52b4fc46c97\",\"name\":\"Reda\\u00e7\\u00e3o\",\"image\":{\"@type\":\"ImageObject\",\"@id\":\"https:\/\/tribunadapraia.com.br\/#personlogo\",\"inLanguage\":\"pt-BR\",\"url\":\"https:\/\/secure.gravatar.com\/avatar\/91c8b91d2bfd7784eac5c3e055361f64?s=96&d=identicon&r=g\",\"contentUrl\":\"https:\/\/secure.gravatar.com\/avatar\/91c8b91d2bfd7784eac5c3e055361f64?s=96&d=identicon&r=g\",\"caption\":\"Reda\\u00e7\\u00e3o\"}}]}<\/script>\n<!-- \/ Yoast SEO plugin. -->","wps_subtitle":"","_links":{"self":[{"href":"https:\/\/tribunadapraia.com.br\/index.php?rest_route=\/wp\/v2\/posts\/1191"}],"collection":[{"href":"https:\/\/tribunadapraia.com.br\/index.php?rest_route=\/wp\/v2\/posts"}],"about":[{"href":"https:\/\/tribunadapraia.com.br\/index.php?rest_route=\/wp\/v2\/types\/post"}],"author":[{"embeddable":true,"href":"https:\/\/tribunadapraia.com.br\/index.php?rest_route=\/wp\/v2\/users\/3"}],"replies":[{"embeddable":true,"href":"https:\/\/tribunadapraia.com.br\/index.php?rest_route=%2Fwp%2Fv2%2Fcomments&post=1191"}],"version-history":[{"count":1,"href":"https:\/\/tribunadapraia.com.br\/index.php?rest_route=\/wp\/v2\/posts\/1191\/revisions"}],"predecessor-version":[{"id":1193,"href":"https:\/\/tribunadapraia.com.br\/index.php?rest_route=\/wp\/v2\/posts\/1191\/revisions\/1193"}],"wp:featuredmedia":[{"embeddable":true,"href":"https:\/\/tribunadapraia.com.br\/index.php?rest_route=\/wp\/v2\/media\/1192"}],"wp:attachment":[{"href":"https:\/\/tribunadapraia.com.br\/index.php?rest_route=%2Fwp%2Fv2%2Fmedia&parent=1191"}],"wp:term":[{"taxonomy":"category","embeddable":true,"href":"https:\/\/tribunadapraia.com.br\/index.php?rest_route=%2Fwp%2Fv2%2Fcategories&post=1191"},{"taxonomy":"post_tag","embeddable":true,"href":"https:\/\/tribunadapraia.com.br\/index.php?rest_route=%2Fwp%2Fv2%2Ftags&post=1191"}],"curies":[{"name":"wp","href":"https:\/\/api.w.org\/{rel}","templated":true}]}}