{"id":1186,"date":"2020-04-19T00:59:07","date_gmt":"2020-04-19T03:59:07","guid":{"rendered":"https:\/\/tribunadapraia.com.br\/?p=1186"},"modified":"2020-04-19T00:04:35","modified_gmt":"2020-04-19T03:04:35","slug":"airton-costa-presidente-estadual-do-dc-se-fala-das-expectativas-para-as-eleicoes-municipais-2020-em-sergipe","status":"publish","type":"post","link":"https:\/\/tribunadapraia.com.br\/?p=1186","title":{"rendered":"AIRTON COSTA: Presidente Estadual do DC\/SE fala das expectativas para as elei\u00e7\u00f5es municipais 2020 em Sergipe"},"content":{"rendered":"<p>O bi\u00f3logo Airton Costa Santos (57 anos), \u00e9 o entrevistado desta semana da edi\u00e7\u00e3o online do jornal TRIBUNA DA PRAIA. Airton cursou Ci\u00eancias Biol\u00f3gicas na Universidade Federal de Sergipe (UFS), \u00e9poca em que foi candidato a Vice-Presidente Nordeste da Uni\u00e3o Nacional dos Estudantes (UNE). Ex-coordenador da CGTB em Sergipe foi candidato a governador em 2014 e a deputado federal em 2018, sendo na atualidade o presidente estadual do DC (Democracia Crist\u00e3), que nacionalmente \u00e9 presidido pelo ex-deputado federal Constituinte, Jos\u00e9 Maria Eymael.<\/p>\n<p>TRIBUNA DA PRAIA &#8211; Para in\u00edcio de conversa, defina com suas palavras o cidad\u00e3o e pol\u00edtico Airton Costa.<br \/>\nAIRTON COSTA &#8211; Bem, sou um militante pol\u00edtico de muito tempo. Comecei no movimento estudantil na UFS chegando a ser candidato a vice-presidente Nordeste da UNE. Fui presidente da JPMDB de Ulissees Guimar\u00e3es e Tancredo Neves. Al\u00e9m de integrar o MR8 movimento revolucion\u00e1rio 8 de outubro.<br \/>\nEstive na trincheira de lutas pela redemocratiza\u00e7\u00e3o do pa\u00eds e enfrentamos a ditadura no governo do general Fiqueiredo. Fui candidato a governador pelo PPL e pr\u00e9 candidato a deputado federal pelo PV. Hoje sou presidente do DC democracia crist\u00e3 em Sergipe.<\/p>\n<p>TRIBUNA &#8211; Fale agora sobre sua trajet\u00f3ria pol\u00edtica e milit\u00e2ncia partid\u00e1ria em organiza\u00e7\u00f5es da sociedade civil.<br \/>\nAIRTON &#8211; Como disse acima durante mais de 30 anos estive na luta pela soberania nacional e no enfrentamento da domina\u00e7\u00e3o do capital financeiro internacional em nosso pa\u00eds. Lutamos pela elei\u00e7\u00f5es diretas para presidente e pelas liberdades democr\u00e1ticas.<br \/>\nHoje \u00e9 muito f\u00e1cil se dizer progressista ou de esquerda mais queria ver naquele \u00e9poca onde quase tudo era proibido.<\/p>\n<p>TP &#8211; Do PSDC ao DC, resuma os caminhos percorridos pelo partido e como se deu o seu ingresso.<br \/>\nAC &#8211; A ideologia democrata crist\u00e3 nasceu na Europa principalmente na Alemanha e It\u00e1lia. Teve como princ\u00edpio o cristianismo humanit\u00e1rio e libert\u00e1rio. Estamos presentes em mais de 100 pa\u00edses do mundo e aqui tivemos quadros importantes da pol\u00edtica nacional como Franco Montoro, J\u00e2nio Quadros, Pl\u00ednio de Arruda Sampaio e muito outros. Chegamos a ter 20 deputados federais. Nosso presidente nacional o deputado federal constituinte Eymael conseguiu reerguer o partido e hoje se chama DC Democracia Crist\u00e3 e estamos caminhando para seus 75 anos de funda\u00e7\u00e3o.<br \/>\nMeu ingresso no DC se deu a convite de um amigo da Bahia e pela proposta de renova\u00e7\u00e3o que o DC tem para a sociedade brasileira, com independ\u00eancia e honestidade com o fortalecimento da fam\u00edlia brasileira.<\/p>\n<p>TP &#8211; O PSDC ganhou visibilidade em Sergipe quando o advogado Ricardo Leite disputou a Prefeitura de Aracaju em 1996, quais as expectativas eleitorais para o DC em 2020 na capital?<br \/>\nAC &#8211; N\u00e3o conheci o Ricardo Leite, mais hoje a hist\u00f3ria se repete com a pr\u00e9-candidatura a prefeito de Aracaju do delegado Paulo M\u00e1rcio.<\/p>\n<p>TP &#8211; Em quantos e quais munic\u00edpios sergipanos o DC est\u00e1 se preparamdo para disputar as elei\u00e7\u00f5es e em quais deles j\u00e1 teria definido os nomes dos pr\u00e9-candidatos a prefeito?<br \/>\nAC &#8211; Olha, estou na presid\u00eancia do partido h\u00e1 apenas 4 meses e, modestia \u00e0 parte, com muito trabalho conseguimos dar uma outra cara ao partido no estado. Para voc\u00ea ter uma ideia temos pr\u00e9-candidato a prefeito nas duas principais cidades de Sergipe. Em Socorro temos o ex-vereador por 4 mandatos chamado Santos, em Aracaju nosso delegado e ex-presidente da ADEPOL Paulo M\u00e1rcio. Temos tamb\u00e9m pr\u00e9-candidatos em Santo Amaro, Areia Branca, Aquidab\u00e3, Santa Luzia, Itaporanga e Nossa Senhora da Gl\u00f3ria com o Coronel Bonfim. Al\u00e9m de coliga\u00e7\u00f5es em Itabaiana, Barra dos Coqueiros e S\u00e3o Crist\u00f3v\u00e3o.<\/p>\n<p>TP &#8211; Em quais bases, princ\u00edpios e valores se sustentam as propostas do DC para a sociedade?<br \/>\nAC &#8211; O DC preza pela solidariedade, humanidade e liberdade entre os povos. Somos um partido plural e representativo, essa falsa polariza\u00e7\u00e3o entre um extrema direita fundamentalista e uma extrema esquerda sect\u00e1ria e mentirosa faz muito mal ao pa\u00eds. O Brasil precisa voltar a crescer, conter o desemprego e fortalecer as ind\u00fastrias nacionais.<\/p>\n<p>TRIBUNA &#8211; Voc\u00ea tem inscri\u00e7\u00e3o eleitoral em qual munic\u00edpio? Disputar\u00e1 algum mandato eletivo ou apenas como presidente do partido concentrar\u00e1 esfor\u00e7os em coordenar este processo?<br \/>\nAIRTON &#8211; Meu domic\u00edlio eleitoral \u00e9 Aracaju e nessas elei\u00e7\u00f5es n\u00e3o serei candidato, mas com certeza serei candidato em 2022 a um cargo majorit\u00e1rio. Nessas elei\u00e7\u00f5es estaremos juntos com os dirigentes do partido auxiliando e coordenando o partido no estado.<\/p>\n<p>TRIBUNA DA PRAIA &#8211; Para finalizar, qual a mensagem que voc\u00ea deixa ao povo sergipano e aos leitores da Tribuna da Praia em especial?<br \/>\nAIRTON COSTA &#8211; Nessa grave crise da Pandemia do Coronav\u00edrus, todo o esfor\u00e7o tem que ser conjunto: pol\u00edticos, empres\u00e1rios e trabalhadores para a gente superar esse momento. Esse \u00e9 o recardo do DC ao povo de Sergipe e do Brasil. E l\u00f3gico, venho agradecer a Tribuna da Praia pelo espa\u00e7o que deu ao partido e em especial ao seu presidente.<\/p>\n","protected":false},"excerpt":{"rendered":"<p>O bi\u00f3logo Airton Costa Santos (57 anos), \u00e9 o entrevistado desta semana da edi\u00e7\u00e3o online do jornal TRIBUNA DA PRAIA. Airton cursou Ci\u00eancias Biol\u00f3gicas na Universidade Federal de Sergipe (UFS), \u00e9poca em que foi candidato a Vice-Presidente Nordeste da Uni\u00e3o Nacional dos Estudantes (UNE). Ex-coordenador da CGTB em Sergipe foi candidato a governador em 2014 e a deputado federal em 2018, sendo na atualidade o presidente estadual do DC (Democracia<\/p>\n","protected":false},"author":3,"featured_media":1187,"comment_status":"open","ping_status":"open","sticky":false,"template":"","format":"standard","meta":[],"categories":[18],"tags":[],"yoast_head":"<!-- This site is optimized with the Yoast SEO plugin v16.3 - https:\/\/yoast.com\/wordpress\/plugins\/seo\/ -->\n<title>AIRTON COSTA: Presidente Estadual do DC\/SE fala das expectativas para as elei\u00e7\u00f5es municipais 2020 em Sergipe - TRIBUNA DA PRAIA<\/title>\n<meta name=\"robots\" content=\"index, follow, max-snippet:-1, max-image-preview:large, max-video-preview:-1\" \/>\n<link rel=\"canonical\" href=\"https:\/\/tribunadapraia.com.br\/?p=1186\" \/>\n<meta property=\"og:locale\" content=\"pt_BR\" \/>\n<meta property=\"og:type\" content=\"article\" \/>\n<meta property=\"og:title\" content=\"AIRTON COSTA: Presidente Estadual do DC\/SE fala das expectativas para as elei\u00e7\u00f5es municipais 2020 em Sergipe - TRIBUNA DA PRAIA\" \/>\n<meta property=\"og:description\" content=\"O bi\u00f3logo Airton Costa Santos (57 anos), \u00e9 o entrevistado desta semana da edi\u00e7\u00e3o online do jornal TRIBUNA DA PRAIA. Airton cursou Ci\u00eancias Biol\u00f3gicas na Universidade Federal de Sergipe (UFS), \u00e9poca em que foi candidato a Vice-Presidente Nordeste da Uni\u00e3o Nacional dos Estudantes (UNE). Ex-coordenador da CGTB em Sergipe foi candidato a governador em 2014 e a deputado federal em 2018, sendo na atualidade o presidente estadual do DC (Democracia\" \/>\n<meta property=\"og:url\" content=\"https:\/\/tribunadapraia.com.br\/?p=1186\" \/>\n<meta property=\"og:site_name\" content=\"TRIBUNA DA PRAIA\" \/>\n<meta property=\"article:publisher\" content=\"https:\/\/www.facebook.com\/tribunadapraiaonline\/\" \/>\n<meta property=\"article:published_time\" content=\"2020-04-19T03:59:07+00:00\" \/>\n<meta property=\"article:modified_time\" content=\"2020-04-19T03:04:35+00:00\" \/>\n<meta property=\"og:image\" content=\"https:\/\/tribunadapraia.com.br\/wp-content\/uploads\/2020\/04\/IMG-20200417-WA0003.jpg\" \/>\n\t<meta property=\"og:image:width\" content=\"540\" \/>\n\t<meta property=\"og:image:height\" content=\"642\" \/>\n<meta name=\"twitter:card\" content=\"summary_large_image\" \/>\n<meta name=\"twitter:creator\" content=\"@Claudomir21\" \/>\n<meta name=\"twitter:site\" content=\"@Claudomir21\" \/>\n<meta name=\"twitter:label1\" content=\"Est. tempo de leitura\">\n\t<meta name=\"twitter:data1\" content=\"4 minutos\">\n<script type=\"application\/ld+json\" class=\"yoast-schema-graph\">{\"@context\":\"https:\/\/schema.org\",\"@graph\":[{\"@type\":\"Organization\",\"@id\":\"https:\/\/tribunadapraia.com.br\/#organization\",\"name\":\"Tribuna da Praia\",\"url\":\"https:\/\/tribunadapraia.com.br\/\",\"sameAs\":[\"https:\/\/www.facebook.com\/tribunadapraiaonline\/\",\"https:\/\/www.instagram.com\/claudomirtavares\/\",\"https:\/\/www.youtube.com\/channel\/UCwQf80nxiMzCefAyjbp53Rw\",\"https:\/\/twitter.com\/Claudomir21\"],\"logo\":{\"@type\":\"ImageObject\",\"@id\":\"https:\/\/tribunadapraia.com.br\/#logo\",\"inLanguage\":\"pt-BR\",\"url\":\"https:\/\/tribunadapraia.com.br\/wp-content\/uploads\/2020\/02\/logo.png\",\"contentUrl\":\"https:\/\/tribunadapraia.com.br\/wp-content\/uploads\/2020\/02\/logo.png\",\"width\":501,\"height\":121,\"caption\":\"Tribuna da Praia\"},\"image\":{\"@id\":\"https:\/\/tribunadapraia.com.br\/#logo\"}},{\"@type\":\"WebSite\",\"@id\":\"https:\/\/tribunadapraia.com.br\/#website\",\"url\":\"https:\/\/tribunadapraia.com.br\/\",\"name\":\"TRIBUNA DA PRAIA\",\"description\":\"O 1\\u00ba jornal do interior de Sergipe na internet\",\"publisher\":{\"@id\":\"https:\/\/tribunadapraia.com.br\/#organization\"},\"potentialAction\":[{\"@type\":\"SearchAction\",\"target\":\"https:\/\/tribunadapraia.com.br\/?s={search_term_string}\",\"query-input\":\"required name=search_term_string\"}],\"inLanguage\":\"pt-BR\"},{\"@type\":\"ImageObject\",\"@id\":\"https:\/\/tribunadapraia.com.br\/?p=1186#primaryimage\",\"inLanguage\":\"pt-BR\",\"url\":\"https:\/\/tribunadapraia.com.br\/wp-content\/uploads\/2020\/04\/IMG-20200417-WA0003.jpg\",\"contentUrl\":\"https:\/\/tribunadapraia.com.br\/wp-content\/uploads\/2020\/04\/IMG-20200417-WA0003.jpg\",\"width\":540,\"height\":642},{\"@type\":\"WebPage\",\"@id\":\"https:\/\/tribunadapraia.com.br\/?p=1186#webpage\",\"url\":\"https:\/\/tribunadapraia.com.br\/?p=1186\",\"name\":\"AIRTON COSTA: Presidente Estadual do DC\/SE fala das expectativas para as elei\\u00e7\\u00f5es municipais 2020 em Sergipe - TRIBUNA DA PRAIA\",\"isPartOf\":{\"@id\":\"https:\/\/tribunadapraia.com.br\/#website\"},\"primaryImageOfPage\":{\"@id\":\"https:\/\/tribunadapraia.com.br\/?p=1186#primaryimage\"},\"datePublished\":\"2020-04-19T03:59:07+00:00\",\"dateModified\":\"2020-04-19T03:04:35+00:00\",\"breadcrumb\":{\"@id\":\"https:\/\/tribunadapraia.com.br\/?p=1186#breadcrumb\"},\"inLanguage\":\"pt-BR\",\"potentialAction\":[{\"@type\":\"ReadAction\",\"target\":[\"https:\/\/tribunadapraia.com.br\/?p=1186\"]}]},{\"@type\":\"BreadcrumbList\",\"@id\":\"https:\/\/tribunadapraia.com.br\/?p=1186#breadcrumb\",\"itemListElement\":[{\"@type\":\"ListItem\",\"position\":1,\"item\":{\"@type\":\"WebPage\",\"@id\":\"https:\/\/tribunadapraia.com.br\/\",\"url\":\"https:\/\/tribunadapraia.com.br\/\",\"name\":\"In\\u00edcio\"}},{\"@type\":\"ListItem\",\"position\":2,\"item\":{\"@id\":\"https:\/\/tribunadapraia.com.br\/?p=1186#webpage\"}}]},{\"@type\":\"Article\",\"@id\":\"https:\/\/tribunadapraia.com.br\/?p=1186#article\",\"isPartOf\":{\"@id\":\"https:\/\/tribunadapraia.com.br\/?p=1186#webpage\"},\"author\":{\"@id\":\"https:\/\/tribunadapraia.com.br\/#\/schema\/person\/099fbbf59acc5895c0d7d52b4fc46c97\"},\"headline\":\"AIRTON COSTA: Presidente Estadual do DC\/SE fala das expectativas para as elei\\u00e7\\u00f5es municipais 2020 em Sergipe\",\"datePublished\":\"2020-04-19T03:59:07+00:00\",\"dateModified\":\"2020-04-19T03:04:35+00:00\",\"mainEntityOfPage\":{\"@id\":\"https:\/\/tribunadapraia.com.br\/?p=1186#webpage\"},\"wordCount\":871,\"commentCount\":0,\"publisher\":{\"@id\":\"https:\/\/tribunadapraia.com.br\/#organization\"},\"image\":{\"@id\":\"https:\/\/tribunadapraia.com.br\/?p=1186#primaryimage\"},\"thumbnailUrl\":\"https:\/\/tribunadapraia.com.br\/wp-content\/uploads\/2020\/04\/IMG-20200417-WA0003.jpg\",\"articleSection\":[\"Not\\u00edcias\"],\"inLanguage\":\"pt-BR\",\"potentialAction\":[{\"@type\":\"CommentAction\",\"name\":\"Comment\",\"target\":[\"https:\/\/tribunadapraia.com.br\/?p=1186#respond\"]}]},{\"@type\":\"Person\",\"@id\":\"https:\/\/tribunadapraia.com.br\/#\/schema\/person\/099fbbf59acc5895c0d7d52b4fc46c97\",\"name\":\"Reda\\u00e7\\u00e3o\",\"image\":{\"@type\":\"ImageObject\",\"@id\":\"https:\/\/tribunadapraia.com.br\/#personlogo\",\"inLanguage\":\"pt-BR\",\"url\":\"https:\/\/secure.gravatar.com\/avatar\/91c8b91d2bfd7784eac5c3e055361f64?s=96&d=identicon&r=g\",\"contentUrl\":\"https:\/\/secure.gravatar.com\/avatar\/91c8b91d2bfd7784eac5c3e055361f64?s=96&d=identicon&r=g\",\"caption\":\"Reda\\u00e7\\u00e3o\"}}]}<\/script>\n<!-- \/ Yoast SEO plugin. -->","wps_subtitle":"","_links":{"self":[{"href":"https:\/\/tribunadapraia.com.br\/index.php?rest_route=\/wp\/v2\/posts\/1186"}],"collection":[{"href":"https:\/\/tribunadapraia.com.br\/index.php?rest_route=\/wp\/v2\/posts"}],"about":[{"href":"https:\/\/tribunadapraia.com.br\/index.php?rest_route=\/wp\/v2\/types\/post"}],"author":[{"embeddable":true,"href":"https:\/\/tribunadapraia.com.br\/index.php?rest_route=\/wp\/v2\/users\/3"}],"replies":[{"embeddable":true,"href":"https:\/\/tribunadapraia.com.br\/index.php?rest_route=%2Fwp%2Fv2%2Fcomments&post=1186"}],"version-history":[{"count":1,"href":"https:\/\/tribunadapraia.com.br\/index.php?rest_route=\/wp\/v2\/posts\/1186\/revisions"}],"predecessor-version":[{"id":1188,"href":"https:\/\/tribunadapraia.com.br\/index.php?rest_route=\/wp\/v2\/posts\/1186\/revisions\/1188"}],"wp:featuredmedia":[{"embeddable":true,"href":"https:\/\/tribunadapraia.com.br\/index.php?rest_route=\/wp\/v2\/media\/1187"}],"wp:attachment":[{"href":"https:\/\/tribunadapraia.com.br\/index.php?rest_route=%2Fwp%2Fv2%2Fmedia&parent=1186"}],"wp:term":[{"taxonomy":"category","embeddable":true,"href":"https:\/\/tribunadapraia.com.br\/index.php?rest_route=%2Fwp%2Fv2%2Fcategories&post=1186"},{"taxonomy":"post_tag","embeddable":true,"href":"https:\/\/tribunadapraia.com.br\/index.php?rest_route=%2Fwp%2Fv2%2Ftags&post=1186"}],"curies":[{"name":"wp","href":"https:\/\/api.w.org\/{rel}","templated":true}]}}