{"id":1183,"date":"2020-04-19T00:38:44","date_gmt":"2020-04-19T03:38:44","guid":{"rendered":"https:\/\/tribunadapraia.com.br\/?p=1183"},"modified":"2020-04-18T21:49:32","modified_gmt":"2020-04-19T00:49:32","slug":"opiniao-desinformacao-tambem-mata-pare-de-falar-do-que-nao-sabe","status":"publish","type":"post","link":"https:\/\/tribunadapraia.com.br\/?p=1183","title":{"rendered":"Opini\u00e3o: Desinforma\u00e7\u00e3o tamb\u00e9m mata &#8211; Pare de falar do que n\u00e3o sabe"},"content":{"rendered":"<p>Estamos tornando as redes sociais impratic\u00e1veis neste momento t\u00e3o delicado e que pede o m\u00e1ximo de bom senso de nossa parte.<br \/>\nEm outros momentos de pandemia na hist\u00f3ria do mundo, as pessoas n\u00e3o tinham os recursos que n\u00f3s temos hoje para nos comunicarmos de tantas formas e t\u00e3o rapidamente, ocasionando uma oportunidade imensa de ajudarmos uns aos outros. O que estamos fazendo com essa chance?<\/p>\n<p>Pelo amor do que lhe \u00e9 sagrado, eu lhe pe\u00e7o:<br \/>\nPare de falar do que n\u00e3o sabe. Pare de compartilhar not\u00edcias que voc\u00ea n\u00e3o tem certeza se s\u00e3o verdadeiras. Pare de repassar \u00e1udios que voc\u00ea nem sabe quem diacho gravou. Pare de contribuir para essa INFODEMIA. Essa chuvarada de informa\u00e7\u00f5es sem fundamentos que causa d\u00favidas e confus\u00e3o nos outros, fazendo com que parte da popula\u00e7\u00e3o n\u00e3o se proteja. Pare de ser ego\u00edsta. Tenha responsabilidade com a vida do pr\u00f3ximo, j\u00e1 que n\u00e3o quer ter com sua. Tenha a humildade de assumir para si mesmo que voc\u00ea n\u00e3o sabe de tudo, que nem os melhores especialistas do mundo que dedicam suas vidas \u00e0 ci\u00eancia, tem as respostas e solu\u00e7\u00f5es para tudo que estamos vivendo agora. Larga a m\u00e3o de ser trouxa e pare de acreditar em tudo que v\u00ea e ouve antes de pesquisar em fontes seguras e refletir. Tenha respeito por esse momento dif\u00edcil que a humanidade vive e pare de olhar apenas a partir do seu umbigo. Contenha seus dedos, segure a l\u00edngua. Se n\u00e3o quer ajudar, tamb\u00e9m n\u00e3o atrapalhe. Tenha consci\u00eancia, pelo amor&#8230; tenha consci\u00eancia.<\/p>\n<p>Estou falando para voc\u00ea o que falo para mim mesma. DESINFORMA\u00c7\u00c3O TAMB\u00c9M MATA<\/p>\n<p>por Mylena Rocha<\/p>\n","protected":false},"excerpt":{"rendered":"<p>Estamos tornando as redes sociais impratic\u00e1veis neste momento t\u00e3o delicado e que pede o m\u00e1ximo de bom senso de nossa parte. Em outros momentos de pandemia na hist\u00f3ria do mundo, as pessoas n\u00e3o tinham os recursos que n\u00f3s temos hoje para nos comunicarmos de tantas formas e t\u00e3o rapidamente, ocasionando uma oportunidade imensa de ajudarmos uns aos outros. O que estamos fazendo com essa chance? Pelo amor do que lhe<\/p>\n","protected":false},"author":1,"featured_media":1184,"comment_status":"open","ping_status":"open","sticky":false,"template":"","format":"standard","meta":[],"categories":[18],"tags":[],"yoast_head":"<!-- This site is optimized with the Yoast SEO plugin v16.3 - https:\/\/yoast.com\/wordpress\/plugins\/seo\/ -->\n<title>Opini\u00e3o: Desinforma\u00e7\u00e3o tamb\u00e9m mata - Pare de falar do que n\u00e3o sabe - TRIBUNA DA PRAIA<\/title>\n<meta name=\"robots\" content=\"index, follow, max-snippet:-1, max-image-preview:large, max-video-preview:-1\" \/>\n<link rel=\"canonical\" href=\"https:\/\/tribunadapraia.com.br\/?p=1183\" \/>\n<meta property=\"og:locale\" content=\"pt_BR\" \/>\n<meta property=\"og:type\" content=\"article\" \/>\n<meta property=\"og:title\" content=\"Opini\u00e3o: Desinforma\u00e7\u00e3o tamb\u00e9m mata - Pare de falar do que n\u00e3o sabe - TRIBUNA DA PRAIA\" \/>\n<meta property=\"og:description\" content=\"Estamos tornando as redes sociais impratic\u00e1veis neste momento t\u00e3o delicado e que pede o m\u00e1ximo de bom senso de nossa parte. Em outros momentos de pandemia na hist\u00f3ria do mundo, as pessoas n\u00e3o tinham os recursos que n\u00f3s temos hoje para nos comunicarmos de tantas formas e t\u00e3o rapidamente, ocasionando uma oportunidade imensa de ajudarmos uns aos outros. O que estamos fazendo com essa chance? Pelo amor do que lhe\" \/>\n<meta property=\"og:url\" content=\"https:\/\/tribunadapraia.com.br\/?p=1183\" \/>\n<meta property=\"og:site_name\" content=\"TRIBUNA DA PRAIA\" \/>\n<meta property=\"article:publisher\" content=\"https:\/\/www.facebook.com\/tribunadapraiaonline\/\" \/>\n<meta property=\"article:published_time\" content=\"2020-04-19T03:38:44+00:00\" \/>\n<meta property=\"article:modified_time\" content=\"2020-04-19T00:49:32+00:00\" \/>\n<meta property=\"og:image\" content=\"https:\/\/tribunadapraia.com.br\/wp-content\/uploads\/2020\/04\/IMG-20200418-WA0164.jpg\" \/>\n\t<meta property=\"og:image:width\" content=\"540\" \/>\n\t<meta property=\"og:image:height\" content=\"540\" \/>\n<meta name=\"twitter:card\" content=\"summary_large_image\" \/>\n<meta name=\"twitter:creator\" content=\"@Claudomir21\" \/>\n<meta name=\"twitter:site\" content=\"@Claudomir21\" \/>\n<meta name=\"twitter:label1\" content=\"Est. tempo de leitura\">\n\t<meta name=\"twitter:data1\" content=\"1 minuto\">\n<script type=\"application\/ld+json\" class=\"yoast-schema-graph\">{\"@context\":\"https:\/\/schema.org\",\"@graph\":[{\"@type\":\"Organization\",\"@id\":\"https:\/\/tribunadapraia.com.br\/#organization\",\"name\":\"Tribuna da Praia\",\"url\":\"https:\/\/tribunadapraia.com.br\/\",\"sameAs\":[\"https:\/\/www.facebook.com\/tribunadapraiaonline\/\",\"https:\/\/www.instagram.com\/claudomirtavares\/\",\"https:\/\/www.youtube.com\/channel\/UCwQf80nxiMzCefAyjbp53Rw\",\"https:\/\/twitter.com\/Claudomir21\"],\"logo\":{\"@type\":\"ImageObject\",\"@id\":\"https:\/\/tribunadapraia.com.br\/#logo\",\"inLanguage\":\"pt-BR\",\"url\":\"https:\/\/tribunadapraia.com.br\/wp-content\/uploads\/2020\/02\/logo.png\",\"contentUrl\":\"https:\/\/tribunadapraia.com.br\/wp-content\/uploads\/2020\/02\/logo.png\",\"width\":501,\"height\":121,\"caption\":\"Tribuna da Praia\"},\"image\":{\"@id\":\"https:\/\/tribunadapraia.com.br\/#logo\"}},{\"@type\":\"WebSite\",\"@id\":\"https:\/\/tribunadapraia.com.br\/#website\",\"url\":\"https:\/\/tribunadapraia.com.br\/\",\"name\":\"TRIBUNA DA PRAIA\",\"description\":\"O 1\\u00ba jornal do interior de Sergipe na internet\",\"publisher\":{\"@id\":\"https:\/\/tribunadapraia.com.br\/#organization\"},\"potentialAction\":[{\"@type\":\"SearchAction\",\"target\":\"https:\/\/tribunadapraia.com.br\/?s={search_term_string}\",\"query-input\":\"required name=search_term_string\"}],\"inLanguage\":\"pt-BR\"},{\"@type\":\"ImageObject\",\"@id\":\"https:\/\/tribunadapraia.com.br\/?p=1183#primaryimage\",\"inLanguage\":\"pt-BR\",\"url\":\"https:\/\/tribunadapraia.com.br\/wp-content\/uploads\/2020\/04\/IMG-20200418-WA0164.jpg\",\"contentUrl\":\"https:\/\/tribunadapraia.com.br\/wp-content\/uploads\/2020\/04\/IMG-20200418-WA0164.jpg\",\"width\":540,\"height\":540},{\"@type\":\"WebPage\",\"@id\":\"https:\/\/tribunadapraia.com.br\/?p=1183#webpage\",\"url\":\"https:\/\/tribunadapraia.com.br\/?p=1183\",\"name\":\"Opini\\u00e3o: Desinforma\\u00e7\\u00e3o tamb\\u00e9m mata - Pare de falar do que n\\u00e3o sabe - TRIBUNA DA PRAIA\",\"isPartOf\":{\"@id\":\"https:\/\/tribunadapraia.com.br\/#website\"},\"primaryImageOfPage\":{\"@id\":\"https:\/\/tribunadapraia.com.br\/?p=1183#primaryimage\"},\"datePublished\":\"2020-04-19T03:38:44+00:00\",\"dateModified\":\"2020-04-19T00:49:32+00:00\",\"breadcrumb\":{\"@id\":\"https:\/\/tribunadapraia.com.br\/?p=1183#breadcrumb\"},\"inLanguage\":\"pt-BR\",\"potentialAction\":[{\"@type\":\"ReadAction\",\"target\":[\"https:\/\/tribunadapraia.com.br\/?p=1183\"]}]},{\"@type\":\"BreadcrumbList\",\"@id\":\"https:\/\/tribunadapraia.com.br\/?p=1183#breadcrumb\",\"itemListElement\":[{\"@type\":\"ListItem\",\"position\":1,\"item\":{\"@type\":\"WebPage\",\"@id\":\"https:\/\/tribunadapraia.com.br\/\",\"url\":\"https:\/\/tribunadapraia.com.br\/\",\"name\":\"In\\u00edcio\"}},{\"@type\":\"ListItem\",\"position\":2,\"item\":{\"@id\":\"https:\/\/tribunadapraia.com.br\/?p=1183#webpage\"}}]},{\"@type\":\"Article\",\"@id\":\"https:\/\/tribunadapraia.com.br\/?p=1183#article\",\"isPartOf\":{\"@id\":\"https:\/\/tribunadapraia.com.br\/?p=1183#webpage\"},\"author\":{\"@id\":\"https:\/\/tribunadapraia.com.br\/#\/schema\/person\/326b0a9f3163b479142c64eba4928de0\"},\"headline\":\"Opini\\u00e3o: Desinforma\\u00e7\\u00e3o tamb\\u00e9m mata &#8211; Pare de falar do que n\\u00e3o sabe\",\"datePublished\":\"2020-04-19T03:38:44+00:00\",\"dateModified\":\"2020-04-19T00:49:32+00:00\",\"mainEntityOfPage\":{\"@id\":\"https:\/\/tribunadapraia.com.br\/?p=1183#webpage\"},\"wordCount\":315,\"commentCount\":0,\"publisher\":{\"@id\":\"https:\/\/tribunadapraia.com.br\/#organization\"},\"image\":{\"@id\":\"https:\/\/tribunadapraia.com.br\/?p=1183#primaryimage\"},\"thumbnailUrl\":\"https:\/\/tribunadapraia.com.br\/wp-content\/uploads\/2020\/04\/IMG-20200418-WA0164.jpg\",\"articleSection\":[\"Not\\u00edcias\"],\"inLanguage\":\"pt-BR\",\"potentialAction\":[{\"@type\":\"CommentAction\",\"name\":\"Comment\",\"target\":[\"https:\/\/tribunadapraia.com.br\/?p=1183#respond\"]}]},{\"@type\":\"Person\",\"@id\":\"https:\/\/tribunadapraia.com.br\/#\/schema\/person\/326b0a9f3163b479142c64eba4928de0\",\"name\":\"tribunadapraia\",\"image\":{\"@type\":\"ImageObject\",\"@id\":\"https:\/\/tribunadapraia.com.br\/#personlogo\",\"inLanguage\":\"pt-BR\",\"url\":\"https:\/\/secure.gravatar.com\/avatar\/38b019c74762496076b7355024a0dad9?s=96&d=identicon&r=g\",\"contentUrl\":\"https:\/\/secure.gravatar.com\/avatar\/38b019c74762496076b7355024a0dad9?s=96&d=identicon&r=g\",\"caption\":\"tribunadapraia\"}}]}<\/script>\n<!-- \/ Yoast SEO plugin. -->","wps_subtitle":"","_links":{"self":[{"href":"https:\/\/tribunadapraia.com.br\/index.php?rest_route=\/wp\/v2\/posts\/1183"}],"collection":[{"href":"https:\/\/tribunadapraia.com.br\/index.php?rest_route=\/wp\/v2\/posts"}],"about":[{"href":"https:\/\/tribunadapraia.com.br\/index.php?rest_route=\/wp\/v2\/types\/post"}],"author":[{"embeddable":true,"href":"https:\/\/tribunadapraia.com.br\/index.php?rest_route=\/wp\/v2\/users\/1"}],"replies":[{"embeddable":true,"href":"https:\/\/tribunadapraia.com.br\/index.php?rest_route=%2Fwp%2Fv2%2Fcomments&post=1183"}],"version-history":[{"count":1,"href":"https:\/\/tribunadapraia.com.br\/index.php?rest_route=\/wp\/v2\/posts\/1183\/revisions"}],"predecessor-version":[{"id":1185,"href":"https:\/\/tribunadapraia.com.br\/index.php?rest_route=\/wp\/v2\/posts\/1183\/revisions\/1185"}],"wp:featuredmedia":[{"embeddable":true,"href":"https:\/\/tribunadapraia.com.br\/index.php?rest_route=\/wp\/v2\/media\/1184"}],"wp:attachment":[{"href":"https:\/\/tribunadapraia.com.br\/index.php?rest_route=%2Fwp%2Fv2%2Fmedia&parent=1183"}],"wp:term":[{"taxonomy":"category","embeddable":true,"href":"https:\/\/tribunadapraia.com.br\/index.php?rest_route=%2Fwp%2Fv2%2Fcategories&post=1183"},{"taxonomy":"post_tag","embeddable":true,"href":"https:\/\/tribunadapraia.com.br\/index.php?rest_route=%2Fwp%2Fv2%2Ftags&post=1183"}],"curies":[{"name":"wp","href":"https:\/\/api.w.org\/{rel}","templated":true}]}}