{"id":1181,"date":"2020-04-18T05:09:34","date_gmt":"2020-04-18T08:09:34","guid":{"rendered":"https:\/\/tribunadapraia.com.br\/?p=1181"},"modified":"2020-04-18T05:09:34","modified_gmt":"2020-04-18T08:09:34","slug":"iniciacao-cientifica-a-importancia-de-se-comecar-desde-as-primeiras-letras","status":"publish","type":"post","link":"https:\/\/tribunadapraia.com.br\/?p=1181","title":{"rendered":"INICIA\u00c7\u00c3O CIENT\u00cdFICA: A import\u00e2ncia de se come\u00e7ar desde \u00e0s &#8220;primeiras letras&#8221;"},"content":{"rendered":"<p>Todos (???) os estudantes tem desde os primeiros passos na longa caminhada da educa\u00e7\u00e3o formal o contato com a ci\u00eancia ou o resultado dela. \u00c9 uma rela\u00e7\u00e3o t\u00edmida que aos poucos se acentua, ainda que pouco trabalhada em sua ess\u00eancia &#8211; digamos que incipiente. O conhecimento cient\u00edfico, a rigor, n\u00e3o anula a sabedoria emp\u00edrica, muito pelo contr\u00e1rio, se alimenta dela pela sapi\u00eancia da\u00ed advinda.<\/p>\n<p>Sou devoto da compreens\u00e3o de que a inicia\u00e7\u00e3o cient\u00edfica deve se dar ainda no Ensino Fundamental, aprofundada no Ensino M\u00e9dio e consolidada no Ensino Superior. Um processo cont\u00ednuo e necess\u00e1rio n\u00e3o apenas para despertar essa condi\u00e7\u00e3o, mas para qualificar aqueles que devem retribuir para a sociedade o resultado de sua forma\u00e7\u00e3o financiada com os esfor\u00e7os e contribui\u00e7\u00f5es individuais e coletivas.<\/p>\n<p>Alicer\u00e7ado nessa perspectiva, j\u00e1 temos feito nossa parte h\u00e1 cerca de 30 anos em escolas como Jos\u00e9 Amaral Lemos (Pirambu, 1988\/2002 &#8211; 2007\/2008), Silvino Ant\u00f4nio de Ara\u00fajo (Aguilhadas, 1998\/2000), M\u00e1rio Trindade Cruz, 2001\/2002 &#8211; 2005\/2017), Joana de Freitas Barbosa (Propri\u00e1, 2003\/2006 &#8211; 2009\/2017) e<br \/>\nOdete Pereira de Santana (Marimbondo, 2005\/2006). Os resultados podem n\u00e3o aparecer de imediato, mas, eles se manifestam em cada rosto e testemunho em quem cursou nestas unidades de ensino \u00e0s disciplinas Hist\u00f3ria, Hist\u00f3ria da Educa\u00e7\u00e3o, Geografia, Matem\u00e1tica, Ci\u00eancias, Sociedade e Cultura, Cultura Sergipana, Filosofia, Filosofia da Educa\u00e7\u00e3o e Sociologia, cada uma em seu tempo e espa\u00e7o devidos.<\/p>\n<p>Estas experi\u00eancias (ou parte delas) &#8211; as mais relevantes &#8211; est\u00e3o fartamente documentadas em reportagens, artigos, anais e outras publica\u00e7\u00f5es de jornais, sites e blogs, al\u00e9m de encontros, semin\u00e1rios e simp\u00f3sios locais, estaduais, regionais, nacionais e internacionais em que participamos desde 1983 e com mais intensidade a partir de 1992 e de forma sistem\u00e1tica desde 2005 quando materializamos o Programa de Educa\u00e7\u00e3o Patrimonial.<\/p>\n<p>Nos pr\u00f3ximos dias estaremos apresentando nas escolas que desenvolvemos nossas atividades laborais (rede municipal e estadual) uma proposta experimental em forma de projetos, a\u00e7\u00f5es pedag\u00f3gicas que contemplem como extens\u00e3o das aulas de Sociedade &amp; Cultura e Hist\u00f3ria a Inicia\u00e7\u00e3o Cient\u00edfica e Educa\u00e7\u00e3o Patrimonial, numa parceria que ser\u00e1 estabelecida com o Grupo de Estudos e Pesquisas em Educa\u00e7\u00e3o Patrimonial de Pirambu (GEPEPP), o Centro de Cultura de Propri\u00e1 (CCP) e a Rede Popular de Comunica\u00e7\u00e3o Alternativa (RPCA).<\/p>\n<p>Ou\u00e7a a web R\u00e1dio Serigy &#8211; sua melhor companhia na internet em Pirambu (uma emissora da Rede Popular de Comunica\u00e7\u00e3o Alternativa de Sergipe) pelo aplicativo RadiosNet. #OuvirRadio &#8211; http:\/\/l.radios.com.br\/r\/30241 &#8211; baixe no PlatAforma de seu celular ou tablet e nos d\u00ea a honra da audi\u00eancia.<\/p>\n<p>por Claudomir Tavares (CeleZap 9-9973.6883)<\/p>\n","protected":false},"excerpt":{"rendered":"<p>Todos (???) os estudantes tem desde os primeiros passos na longa caminhada da educa\u00e7\u00e3o formal o contato com a ci\u00eancia ou o resultado dela. \u00c9 uma rela\u00e7\u00e3o t\u00edmida que aos poucos se acentua, ainda que pouco trabalhada em sua ess\u00eancia &#8211; digamos que incipiente. O conhecimento cient\u00edfico, a rigor, n\u00e3o anula a sabedoria emp\u00edrica, muito pelo contr\u00e1rio, se alimenta dela pela sapi\u00eancia da\u00ed advinda. Sou devoto da compreens\u00e3o de que<\/p>\n","protected":false},"author":3,"featured_media":519,"comment_status":"open","ping_status":"open","sticky":false,"template":"","format":"standard","meta":[],"categories":[18],"tags":[],"yoast_head":"<!-- This site is optimized with the Yoast SEO plugin v16.3 - https:\/\/yoast.com\/wordpress\/plugins\/seo\/ -->\n<title>INICIA\u00c7\u00c3O CIENT\u00cdFICA: A import\u00e2ncia de se come\u00e7ar desde \u00e0s &quot;primeiras letras&quot; - TRIBUNA DA PRAIA<\/title>\n<meta name=\"robots\" content=\"index, follow, max-snippet:-1, max-image-preview:large, max-video-preview:-1\" \/>\n<link rel=\"canonical\" href=\"https:\/\/tribunadapraia.com.br\/?p=1181\" \/>\n<meta property=\"og:locale\" content=\"pt_BR\" \/>\n<meta property=\"og:type\" content=\"article\" \/>\n<meta property=\"og:title\" content=\"INICIA\u00c7\u00c3O CIENT\u00cdFICA: A import\u00e2ncia de se come\u00e7ar desde \u00e0s &quot;primeiras letras&quot; - TRIBUNA DA PRAIA\" \/>\n<meta property=\"og:description\" content=\"Todos (???) os estudantes tem desde os primeiros passos na longa caminhada da educa\u00e7\u00e3o formal o contato com a ci\u00eancia ou o resultado dela. \u00c9 uma rela\u00e7\u00e3o t\u00edmida que aos poucos se acentua, ainda que pouco trabalhada em sua ess\u00eancia &#8211; digamos que incipiente. O conhecimento cient\u00edfico, a rigor, n\u00e3o anula a sabedoria emp\u00edrica, muito pelo contr\u00e1rio, se alimenta dela pela sapi\u00eancia da\u00ed advinda. Sou devoto da compreens\u00e3o de que\" \/>\n<meta property=\"og:url\" content=\"https:\/\/tribunadapraia.com.br\/?p=1181\" \/>\n<meta property=\"og:site_name\" content=\"TRIBUNA DA PRAIA\" \/>\n<meta property=\"article:publisher\" content=\"https:\/\/www.facebook.com\/tribunadapraiaonline\/\" \/>\n<meta property=\"article:published_time\" content=\"2020-04-18T08:09:34+00:00\" \/>\n<meta property=\"og:image\" content=\"https:\/\/tribunadapraia.com.br\/wp-content\/uploads\/2020\/03\/FB_IMG_1580740395737.jpg\" \/>\n\t<meta property=\"og:image:width\" content=\"548\" \/>\n\t<meta property=\"og:image:height\" content=\"540\" \/>\n<meta name=\"twitter:card\" content=\"summary_large_image\" \/>\n<meta name=\"twitter:creator\" content=\"@Claudomir21\" \/>\n<meta name=\"twitter:site\" content=\"@Claudomir21\" \/>\n<meta name=\"twitter:label1\" content=\"Est. tempo de leitura\">\n\t<meta name=\"twitter:data1\" content=\"2 minutos\">\n<script type=\"application\/ld+json\" class=\"yoast-schema-graph\">{\"@context\":\"https:\/\/schema.org\",\"@graph\":[{\"@type\":\"Organization\",\"@id\":\"https:\/\/tribunadapraia.com.br\/#organization\",\"name\":\"Tribuna da Praia\",\"url\":\"https:\/\/tribunadapraia.com.br\/\",\"sameAs\":[\"https:\/\/www.facebook.com\/tribunadapraiaonline\/\",\"https:\/\/www.instagram.com\/claudomirtavares\/\",\"https:\/\/www.youtube.com\/channel\/UCwQf80nxiMzCefAyjbp53Rw\",\"https:\/\/twitter.com\/Claudomir21\"],\"logo\":{\"@type\":\"ImageObject\",\"@id\":\"https:\/\/tribunadapraia.com.br\/#logo\",\"inLanguage\":\"pt-BR\",\"url\":\"https:\/\/tribunadapraia.com.br\/wp-content\/uploads\/2020\/02\/logo.png\",\"contentUrl\":\"https:\/\/tribunadapraia.com.br\/wp-content\/uploads\/2020\/02\/logo.png\",\"width\":501,\"height\":121,\"caption\":\"Tribuna da Praia\"},\"image\":{\"@id\":\"https:\/\/tribunadapraia.com.br\/#logo\"}},{\"@type\":\"WebSite\",\"@id\":\"https:\/\/tribunadapraia.com.br\/#website\",\"url\":\"https:\/\/tribunadapraia.com.br\/\",\"name\":\"TRIBUNA DA PRAIA\",\"description\":\"O 1\\u00ba jornal do interior de Sergipe na internet\",\"publisher\":{\"@id\":\"https:\/\/tribunadapraia.com.br\/#organization\"},\"potentialAction\":[{\"@type\":\"SearchAction\",\"target\":\"https:\/\/tribunadapraia.com.br\/?s={search_term_string}\",\"query-input\":\"required name=search_term_string\"}],\"inLanguage\":\"pt-BR\"},{\"@type\":\"ImageObject\",\"@id\":\"https:\/\/tribunadapraia.com.br\/?p=1181#primaryimage\",\"inLanguage\":\"pt-BR\",\"url\":\"https:\/\/tribunadapraia.com.br\/wp-content\/uploads\/2020\/03\/FB_IMG_1580740395737.jpg\",\"contentUrl\":\"https:\/\/tribunadapraia.com.br\/wp-content\/uploads\/2020\/03\/FB_IMG_1580740395737.jpg\",\"width\":548,\"height\":540},{\"@type\":\"WebPage\",\"@id\":\"https:\/\/tribunadapraia.com.br\/?p=1181#webpage\",\"url\":\"https:\/\/tribunadapraia.com.br\/?p=1181\",\"name\":\"INICIA\\u00c7\\u00c3O CIENT\\u00cdFICA: A import\\u00e2ncia de se come\\u00e7ar desde \\u00e0s \\\"primeiras letras\\\" - TRIBUNA DA PRAIA\",\"isPartOf\":{\"@id\":\"https:\/\/tribunadapraia.com.br\/#website\"},\"primaryImageOfPage\":{\"@id\":\"https:\/\/tribunadapraia.com.br\/?p=1181#primaryimage\"},\"datePublished\":\"2020-04-18T08:09:34+00:00\",\"dateModified\":\"2020-04-18T08:09:34+00:00\",\"breadcrumb\":{\"@id\":\"https:\/\/tribunadapraia.com.br\/?p=1181#breadcrumb\"},\"inLanguage\":\"pt-BR\",\"potentialAction\":[{\"@type\":\"ReadAction\",\"target\":[\"https:\/\/tribunadapraia.com.br\/?p=1181\"]}]},{\"@type\":\"BreadcrumbList\",\"@id\":\"https:\/\/tribunadapraia.com.br\/?p=1181#breadcrumb\",\"itemListElement\":[{\"@type\":\"ListItem\",\"position\":1,\"item\":{\"@type\":\"WebPage\",\"@id\":\"https:\/\/tribunadapraia.com.br\/\",\"url\":\"https:\/\/tribunadapraia.com.br\/\",\"name\":\"In\\u00edcio\"}},{\"@type\":\"ListItem\",\"position\":2,\"item\":{\"@id\":\"https:\/\/tribunadapraia.com.br\/?p=1181#webpage\"}}]},{\"@type\":\"Article\",\"@id\":\"https:\/\/tribunadapraia.com.br\/?p=1181#article\",\"isPartOf\":{\"@id\":\"https:\/\/tribunadapraia.com.br\/?p=1181#webpage\"},\"author\":{\"@id\":\"https:\/\/tribunadapraia.com.br\/#\/schema\/person\/099fbbf59acc5895c0d7d52b4fc46c97\"},\"headline\":\"INICIA\\u00c7\\u00c3O CIENT\\u00cdFICA: A import\\u00e2ncia de se come\\u00e7ar desde \\u00e0s &#8220;primeiras letras&#8221;\",\"datePublished\":\"2020-04-18T08:09:34+00:00\",\"dateModified\":\"2020-04-18T08:09:34+00:00\",\"mainEntityOfPage\":{\"@id\":\"https:\/\/tribunadapraia.com.br\/?p=1181#webpage\"},\"wordCount\":475,\"commentCount\":0,\"publisher\":{\"@id\":\"https:\/\/tribunadapraia.com.br\/#organization\"},\"image\":{\"@id\":\"https:\/\/tribunadapraia.com.br\/?p=1181#primaryimage\"},\"thumbnailUrl\":\"https:\/\/tribunadapraia.com.br\/wp-content\/uploads\/2020\/03\/FB_IMG_1580740395737.jpg\",\"articleSection\":[\"Not\\u00edcias\"],\"inLanguage\":\"pt-BR\",\"potentialAction\":[{\"@type\":\"CommentAction\",\"name\":\"Comment\",\"target\":[\"https:\/\/tribunadapraia.com.br\/?p=1181#respond\"]}]},{\"@type\":\"Person\",\"@id\":\"https:\/\/tribunadapraia.com.br\/#\/schema\/person\/099fbbf59acc5895c0d7d52b4fc46c97\",\"name\":\"Reda\\u00e7\\u00e3o\",\"image\":{\"@type\":\"ImageObject\",\"@id\":\"https:\/\/tribunadapraia.com.br\/#personlogo\",\"inLanguage\":\"pt-BR\",\"url\":\"https:\/\/secure.gravatar.com\/avatar\/91c8b91d2bfd7784eac5c3e055361f64?s=96&d=identicon&r=g\",\"contentUrl\":\"https:\/\/secure.gravatar.com\/avatar\/91c8b91d2bfd7784eac5c3e055361f64?s=96&d=identicon&r=g\",\"caption\":\"Reda\\u00e7\\u00e3o\"}}]}<\/script>\n<!-- \/ Yoast SEO plugin. -->","wps_subtitle":"","_links":{"self":[{"href":"https:\/\/tribunadapraia.com.br\/index.php?rest_route=\/wp\/v2\/posts\/1181"}],"collection":[{"href":"https:\/\/tribunadapraia.com.br\/index.php?rest_route=\/wp\/v2\/posts"}],"about":[{"href":"https:\/\/tribunadapraia.com.br\/index.php?rest_route=\/wp\/v2\/types\/post"}],"author":[{"embeddable":true,"href":"https:\/\/tribunadapraia.com.br\/index.php?rest_route=\/wp\/v2\/users\/3"}],"replies":[{"embeddable":true,"href":"https:\/\/tribunadapraia.com.br\/index.php?rest_route=%2Fwp%2Fv2%2Fcomments&post=1181"}],"version-history":[{"count":1,"href":"https:\/\/tribunadapraia.com.br\/index.php?rest_route=\/wp\/v2\/posts\/1181\/revisions"}],"predecessor-version":[{"id":1182,"href":"https:\/\/tribunadapraia.com.br\/index.php?rest_route=\/wp\/v2\/posts\/1181\/revisions\/1182"}],"wp:featuredmedia":[{"embeddable":true,"href":"https:\/\/tribunadapraia.com.br\/index.php?rest_route=\/wp\/v2\/media\/519"}],"wp:attachment":[{"href":"https:\/\/tribunadapraia.com.br\/index.php?rest_route=%2Fwp%2Fv2%2Fmedia&parent=1181"}],"wp:term":[{"taxonomy":"category","embeddable":true,"href":"https:\/\/tribunadapraia.com.br\/index.php?rest_route=%2Fwp%2Fv2%2Fcategories&post=1181"},{"taxonomy":"post_tag","embeddable":true,"href":"https:\/\/tribunadapraia.com.br\/index.php?rest_route=%2Fwp%2Fv2%2Ftags&post=1181"}],"curies":[{"name":"wp","href":"https:\/\/api.w.org\/{rel}","templated":true}]}}