{"id":1175,"date":"2020-04-16T21:42:34","date_gmt":"2020-04-17T00:42:34","guid":{"rendered":"https:\/\/tribunadapraia.com.br\/?p=1175"},"modified":"2020-04-16T21:43:20","modified_gmt":"2020-04-17T00:43:20","slug":"prefeito-assina-edital-do-concurso-publico-de-barra-dos-coqueiros-2020","status":"publish","type":"post","link":"https:\/\/tribunadapraia.com.br\/?p=1175","title":{"rendered":"PREFEITO ASSINA EDITAL DO CONCURSO P\u00daBLICO DE BARRA DOS COQUEIROS 2020"},"content":{"rendered":"<p>Na manh\u00e3 desta quinta-feira, 16, o prefeito Airton Martins assinou o Edital do Concurso P\u00fablico de Barra dos Coqueiros 2020, que oferece 586 vagas em cargos de n\u00edveis fundamental, m\u00e9dio e superior. A assinatura do Edital aconteceu no gabinete do prefeito e contou com a presen\u00e7a dos secret\u00e1rios municipais de Turismo, Jur\u00eddico, Comunica\u00e7\u00e3o e Executivo; do vice-presidente da Comiss\u00e3o do Concurso, Douglas; e representando a C\u00e2mara Municipal, o vereador Adelmo Ap\u00f3stolo.<\/p>\n<p>O Edital do certame que ser\u00e1 realizado pela Cebraspe j\u00e1 foi encaminhado para publica\u00e7\u00e3o no Di\u00e1rio Oficial do Munic\u00edpio, que dever\u00e1 ser divulgado nas pr\u00f3ximas horas, sendo de conhecimento de todos os interessados.<\/p>\n<p>As inscri\u00e7\u00f5es come\u00e7am no dia 16 de maio e seguem at\u00e9 o dia 18 de junho. J\u00e1 as provas ser\u00e3o aplicadas no dia 30 de agosto. Confira os valores: Fundamental (R$ 40), M\u00e9dio (R$ 50) e Superior (R$70).<\/p>\n<p>O gestor municipal aproveitou a ocasi\u00e3o para falar sobre a expectativa da realiza\u00e7\u00e3o do concurso, em meio \u00e0 pandemia do coronav\u00edrus:<\/p>\n<p>\u201cSeguindo os prazos, hoje n\u00f3s lan\u00e7amos o Edital do Concurso P\u00fablico do nosso munic\u00edpio que disp\u00f5es de vagas em v\u00e1rias \u00e1reas de trabalho. Por\u00e9m, devido \u00e0 pandemia do novo coronav\u00edrus, seguimos na expectativa de podermos realizar ainda este ano o t\u00e3o esperado certame. O que se espera \u00e9 que a Covid-19 n\u00e3o se prolongue por mais meses, e que em agosto possamos estar realizando o t\u00e3o esperado Concurso\u201d, destacou Airton.<\/p>\n<p>por Secom | Barra dos Coqueiros<\/p>\n","protected":false},"excerpt":{"rendered":"<p>Na manh\u00e3 desta quinta-feira, 16, o prefeito Airton Martins assinou o Edital do Concurso P\u00fablico de Barra dos Coqueiros 2020, que oferece 586 vagas em cargos de n\u00edveis fundamental, m\u00e9dio e superior. A assinatura do Edital aconteceu no gabinete do prefeito e contou com a presen\u00e7a dos secret\u00e1rios municipais de Turismo, Jur\u00eddico, Comunica\u00e7\u00e3o e Executivo; do vice-presidente da Comiss\u00e3o do Concurso, Douglas; e representando a C\u00e2mara Municipal, o vereador Adelmo<\/p>\n","protected":false},"author":1,"featured_media":1176,"comment_status":"open","ping_status":"open","sticky":false,"template":"","format":"standard","meta":[],"categories":[18],"tags":[],"yoast_head":"<!-- This site is optimized with the Yoast SEO plugin v16.3 - https:\/\/yoast.com\/wordpress\/plugins\/seo\/ -->\n<title>PREFEITO ASSINA EDITAL DO CONCURSO P\u00daBLICO DE BARRA DOS COQUEIROS 2020 - TRIBUNA DA PRAIA<\/title>\n<meta name=\"robots\" content=\"index, follow, max-snippet:-1, max-image-preview:large, max-video-preview:-1\" \/>\n<link rel=\"canonical\" href=\"https:\/\/tribunadapraia.com.br\/?p=1175\" \/>\n<meta property=\"og:locale\" content=\"pt_BR\" \/>\n<meta property=\"og:type\" content=\"article\" \/>\n<meta property=\"og:title\" content=\"PREFEITO ASSINA EDITAL DO CONCURSO P\u00daBLICO DE BARRA DOS COQUEIROS 2020 - TRIBUNA DA PRAIA\" \/>\n<meta property=\"og:description\" content=\"Na manh\u00e3 desta quinta-feira, 16, o prefeito Airton Martins assinou o Edital do Concurso P\u00fablico de Barra dos Coqueiros 2020, que oferece 586 vagas em cargos de n\u00edveis fundamental, m\u00e9dio e superior. A assinatura do Edital aconteceu no gabinete do prefeito e contou com a presen\u00e7a dos secret\u00e1rios municipais de Turismo, Jur\u00eddico, Comunica\u00e7\u00e3o e Executivo; do vice-presidente da Comiss\u00e3o do Concurso, Douglas; e representando a C\u00e2mara Municipal, o vereador Adelmo\" \/>\n<meta property=\"og:url\" content=\"https:\/\/tribunadapraia.com.br\/?p=1175\" \/>\n<meta property=\"og:site_name\" content=\"TRIBUNA DA PRAIA\" \/>\n<meta property=\"article:publisher\" content=\"https:\/\/www.facebook.com\/tribunadapraiaonline\/\" \/>\n<meta property=\"article:published_time\" content=\"2020-04-17T00:42:34+00:00\" \/>\n<meta property=\"article:modified_time\" content=\"2020-04-17T00:43:20+00:00\" \/>\n<meta property=\"og:image\" content=\"https:\/\/tribunadapraia.com.br\/wp-content\/uploads\/2020\/04\/IMG-20200416-WA0158.jpg\" \/>\n\t<meta property=\"og:image:width\" content=\"547\" \/>\n\t<meta property=\"og:image:height\" content=\"600\" \/>\n<meta name=\"twitter:card\" content=\"summary_large_image\" \/>\n<meta name=\"twitter:creator\" content=\"@Claudomir21\" \/>\n<meta name=\"twitter:site\" content=\"@Claudomir21\" \/>\n<meta name=\"twitter:label1\" content=\"Est. tempo de leitura\">\n\t<meta name=\"twitter:data1\" content=\"1 minuto\">\n<script type=\"application\/ld+json\" class=\"yoast-schema-graph\">{\"@context\":\"https:\/\/schema.org\",\"@graph\":[{\"@type\":\"Organization\",\"@id\":\"https:\/\/tribunadapraia.com.br\/#organization\",\"name\":\"Tribuna da Praia\",\"url\":\"https:\/\/tribunadapraia.com.br\/\",\"sameAs\":[\"https:\/\/www.facebook.com\/tribunadapraiaonline\/\",\"https:\/\/www.instagram.com\/claudomirtavares\/\",\"https:\/\/www.youtube.com\/channel\/UCwQf80nxiMzCefAyjbp53Rw\",\"https:\/\/twitter.com\/Claudomir21\"],\"logo\":{\"@type\":\"ImageObject\",\"@id\":\"https:\/\/tribunadapraia.com.br\/#logo\",\"inLanguage\":\"pt-BR\",\"url\":\"https:\/\/tribunadapraia.com.br\/wp-content\/uploads\/2020\/02\/logo.png\",\"contentUrl\":\"https:\/\/tribunadapraia.com.br\/wp-content\/uploads\/2020\/02\/logo.png\",\"width\":501,\"height\":121,\"caption\":\"Tribuna da Praia\"},\"image\":{\"@id\":\"https:\/\/tribunadapraia.com.br\/#logo\"}},{\"@type\":\"WebSite\",\"@id\":\"https:\/\/tribunadapraia.com.br\/#website\",\"url\":\"https:\/\/tribunadapraia.com.br\/\",\"name\":\"TRIBUNA DA PRAIA\",\"description\":\"O 1\\u00ba jornal do interior de Sergipe na internet\",\"publisher\":{\"@id\":\"https:\/\/tribunadapraia.com.br\/#organization\"},\"potentialAction\":[{\"@type\":\"SearchAction\",\"target\":\"https:\/\/tribunadapraia.com.br\/?s={search_term_string}\",\"query-input\":\"required name=search_term_string\"}],\"inLanguage\":\"pt-BR\"},{\"@type\":\"ImageObject\",\"@id\":\"https:\/\/tribunadapraia.com.br\/?p=1175#primaryimage\",\"inLanguage\":\"pt-BR\",\"url\":\"https:\/\/tribunadapraia.com.br\/wp-content\/uploads\/2020\/04\/IMG-20200416-WA0158.jpg\",\"contentUrl\":\"https:\/\/tribunadapraia.com.br\/wp-content\/uploads\/2020\/04\/IMG-20200416-WA0158.jpg\",\"width\":547,\"height\":600},{\"@type\":\"WebPage\",\"@id\":\"https:\/\/tribunadapraia.com.br\/?p=1175#webpage\",\"url\":\"https:\/\/tribunadapraia.com.br\/?p=1175\",\"name\":\"PREFEITO ASSINA EDITAL DO CONCURSO P\\u00daBLICO DE BARRA DOS COQUEIROS 2020 - TRIBUNA DA PRAIA\",\"isPartOf\":{\"@id\":\"https:\/\/tribunadapraia.com.br\/#website\"},\"primaryImageOfPage\":{\"@id\":\"https:\/\/tribunadapraia.com.br\/?p=1175#primaryimage\"},\"datePublished\":\"2020-04-17T00:42:34+00:00\",\"dateModified\":\"2020-04-17T00:43:20+00:00\",\"breadcrumb\":{\"@id\":\"https:\/\/tribunadapraia.com.br\/?p=1175#breadcrumb\"},\"inLanguage\":\"pt-BR\",\"potentialAction\":[{\"@type\":\"ReadAction\",\"target\":[\"https:\/\/tribunadapraia.com.br\/?p=1175\"]}]},{\"@type\":\"BreadcrumbList\",\"@id\":\"https:\/\/tribunadapraia.com.br\/?p=1175#breadcrumb\",\"itemListElement\":[{\"@type\":\"ListItem\",\"position\":1,\"item\":{\"@type\":\"WebPage\",\"@id\":\"https:\/\/tribunadapraia.com.br\/\",\"url\":\"https:\/\/tribunadapraia.com.br\/\",\"name\":\"In\\u00edcio\"}},{\"@type\":\"ListItem\",\"position\":2,\"item\":{\"@id\":\"https:\/\/tribunadapraia.com.br\/?p=1175#webpage\"}}]},{\"@type\":\"Article\",\"@id\":\"https:\/\/tribunadapraia.com.br\/?p=1175#article\",\"isPartOf\":{\"@id\":\"https:\/\/tribunadapraia.com.br\/?p=1175#webpage\"},\"author\":{\"@id\":\"https:\/\/tribunadapraia.com.br\/#\/schema\/person\/326b0a9f3163b479142c64eba4928de0\"},\"headline\":\"PREFEITO ASSINA EDITAL DO CONCURSO P\\u00daBLICO DE BARRA DOS COQUEIROS 2020\",\"datePublished\":\"2020-04-17T00:42:34+00:00\",\"dateModified\":\"2020-04-17T00:43:20+00:00\",\"mainEntityOfPage\":{\"@id\":\"https:\/\/tribunadapraia.com.br\/?p=1175#webpage\"},\"wordCount\":270,\"commentCount\":0,\"publisher\":{\"@id\":\"https:\/\/tribunadapraia.com.br\/#organization\"},\"image\":{\"@id\":\"https:\/\/tribunadapraia.com.br\/?p=1175#primaryimage\"},\"thumbnailUrl\":\"https:\/\/tribunadapraia.com.br\/wp-content\/uploads\/2020\/04\/IMG-20200416-WA0158.jpg\",\"articleSection\":[\"Not\\u00edcias\"],\"inLanguage\":\"pt-BR\",\"potentialAction\":[{\"@type\":\"CommentAction\",\"name\":\"Comment\",\"target\":[\"https:\/\/tribunadapraia.com.br\/?p=1175#respond\"]}]},{\"@type\":\"Person\",\"@id\":\"https:\/\/tribunadapraia.com.br\/#\/schema\/person\/326b0a9f3163b479142c64eba4928de0\",\"name\":\"tribunadapraia\",\"image\":{\"@type\":\"ImageObject\",\"@id\":\"https:\/\/tribunadapraia.com.br\/#personlogo\",\"inLanguage\":\"pt-BR\",\"url\":\"https:\/\/secure.gravatar.com\/avatar\/38b019c74762496076b7355024a0dad9?s=96&d=identicon&r=g\",\"contentUrl\":\"https:\/\/secure.gravatar.com\/avatar\/38b019c74762496076b7355024a0dad9?s=96&d=identicon&r=g\",\"caption\":\"tribunadapraia\"}}]}<\/script>\n<!-- \/ Yoast SEO plugin. -->","wps_subtitle":"","_links":{"self":[{"href":"https:\/\/tribunadapraia.com.br\/index.php?rest_route=\/wp\/v2\/posts\/1175"}],"collection":[{"href":"https:\/\/tribunadapraia.com.br\/index.php?rest_route=\/wp\/v2\/posts"}],"about":[{"href":"https:\/\/tribunadapraia.com.br\/index.php?rest_route=\/wp\/v2\/types\/post"}],"author":[{"embeddable":true,"href":"https:\/\/tribunadapraia.com.br\/index.php?rest_route=\/wp\/v2\/users\/1"}],"replies":[{"embeddable":true,"href":"https:\/\/tribunadapraia.com.br\/index.php?rest_route=%2Fwp%2Fv2%2Fcomments&post=1175"}],"version-history":[{"count":1,"href":"https:\/\/tribunadapraia.com.br\/index.php?rest_route=\/wp\/v2\/posts\/1175\/revisions"}],"predecessor-version":[{"id":1177,"href":"https:\/\/tribunadapraia.com.br\/index.php?rest_route=\/wp\/v2\/posts\/1175\/revisions\/1177"}],"wp:featuredmedia":[{"embeddable":true,"href":"https:\/\/tribunadapraia.com.br\/index.php?rest_route=\/wp\/v2\/media\/1176"}],"wp:attachment":[{"href":"https:\/\/tribunadapraia.com.br\/index.php?rest_route=%2Fwp%2Fv2%2Fmedia&parent=1175"}],"wp:term":[{"taxonomy":"category","embeddable":true,"href":"https:\/\/tribunadapraia.com.br\/index.php?rest_route=%2Fwp%2Fv2%2Fcategories&post=1175"},{"taxonomy":"post_tag","embeddable":true,"href":"https:\/\/tribunadapraia.com.br\/index.php?rest_route=%2Fwp%2Fv2%2Ftags&post=1175"}],"curies":[{"name":"wp","href":"https:\/\/api.w.org\/{rel}","templated":true}]}}