{"id":1172,"date":"2020-04-16T12:03:05","date_gmt":"2020-04-16T15:03:05","guid":{"rendered":"https:\/\/tribunadapraia.com.br\/?p=1172"},"modified":"2020-04-16T12:03:05","modified_gmt":"2020-04-16T15:03:05","slug":"pirambu-calendario-historico-cultural-jan-mar","status":"publish","type":"post","link":"https:\/\/tribunadapraia.com.br\/?p=1172","title":{"rendered":"PIRAMBU: Calend\u00e1rio Hist\u00f3rico-Cultural &#8211; Jan\/Mar"},"content":{"rendered":"<p>\u25a0 Janeiro:<\/p>\n<p>01 \u2013 Prociss\u00e3o de Bom Jesus dos Navegantes \u2013 Pirambu.<\/p>\n<p>03 \u2013 48\u00b0 Anivers\u00e1rio da Escola Municipal Juarez Lopes Cruz, do povoado Santa Isabel \u2013 1972.<\/p>\n<p>05 \u2013 45\u00b0 Anivers\u00e1rio da Escola Municipal 08 de Agosto, do povoado Lagoa Redonda, atualmente denominada Ester Ribeiro Dantas \u2013 1975 e 46\u00b0 Anivers\u00e1rio da Escola Municipal Odete Pereira de Santana, ex-Presidente M\u00e9dici \u2013 1974.<\/p>\n<p>06 \u2013 20\u00b0 Anivers\u00e1rio do Acampamento S\u00e3o Sebasti\u00e3o, criado pelo MST, no povoado Alagamar \u2013 2000.<\/p>\n<p>08 \u2013 34\u00b0 Anivers\u00e1rio da Escola Municipal Jo\u00e3o Francisco da Silva, do povoado Aningas (atualmente em Lagoa Redonda) \u2013 1966.<\/p>\n<p>09 \u2013 44 Anivers\u00e1rio da Escola Municipal Princesa Izabel, do povoado Baixa Grande, atualmente Maria J\u00falia Cruz Daltro \u2013 1976 e 47\u00b0 da Escola Municipal XV de Novembro, do povoado Alagamar \u2013 1973.<\/p>\n<p>18 \u2013 Chegada a Pirambu da Imagem de Bom Jesus dos Navegantes \u2013 1932.<\/p>\n<p>20 \u2013 Festa de S\u00e3o Sebasti\u00e3o, Padroeiro do Povoado Alagamar \u2013 Desde 1851.<\/p>\n<p>23 \u2013 26 anos de funda\u00e7\u00e3o da Associa\u00e7\u00e3o dos Barraqueiros de Pirambu, transformada em AVOMP \u2013 Associa\u00e7\u00e3o dos Vendedores da Orla Mar\u00edtima de Pirambu em 14 de setembro de 1994.<\/p>\n<p>24 \u2013 34 Anivers\u00e1rio do Internacional Sport Clube \u2013 1986.<\/p>\n<p>24, 25 e 26 \u2013 1o Festival Estadual da Juventude em Pirambu, encerrando o Ano Internacional da Juventude e iniciando o Ano Internacional da Paz \u2013 1986.<\/p>\n<p>25, 26 e 27 \u2013 Cria\u00e7\u00e3o do Culturarte, o Encontro Cultural de Pirambu \u2013 1991.<\/p>\n<p>27 \u2013 17 Anivers\u00e1rio da Fase IV da Tribuna da Praia \u2013 2003.<\/p>\n<p>31 \u2013 Inaugura\u00e7\u00e3o da Pirambu Pesca \u2013 1981, atualmente o pr\u00e9dio pertence ao CONDEPI \u2013 Conselho de Desenvolvimento de Pirambu.<\/p>\n<p>\u25a0 Fevereiro:<\/p>\n<p>Carnaval de Pirambu \u00e9 eleito pela primeira vez o melhor de Sergipe, organizado pelo prefeito em exerc\u00edcio Nelson Vieira \u2013 1990.<\/p>\n<p>Ap\u00f3s o Carnaval, Pirambu \u00e9 tomada pelo maior surto de meningite meningoc\u00f3cica do tipo B, ceifando a vida de 7 crian\u00e7as \u2013 seis em fevereiro e uma em abril \u2013 1991.<\/p>\n<p>01 \u2013 Implanta\u00e7\u00e3o do Ensino M\u00e9dio em Pirambu na Escola Municipal M\u00e1rio Trindade Cruz, atrav\u00e9s do SOMEM, funcionando at\u00e9 o ano 2000, passando ao modo regular a partir de 2001, assumido pela Escola Estadual Jos\u00e9 Amaral Lemos.<\/p>\n<p>02 \u2013 Cria\u00e7\u00e3o da Filarm\u00f4nica Municipal de Pirambu \u2013 1999, lan\u00e7ada oficialmente em 10 de fevereiro de 2004.<\/p>\n<p>02 a 11 \u2013 Festa de N\u00aa S\u00aa de Lourdes, padroeira da Cidade de Pirambu \u2013 Desde 1913.<\/p>\n<p>10 \u2013 Estr\u00e9ia Oficial da Filarm\u00f4nica Municipal Na Sa de Lourdes \u2013 2004.<\/p>\n<p>11 \u2013 100 anos da Chegada da Fran\u00e7a da Imagem de N\u00aa S\u00aa de Lourdes, trazida pelo Dr. Gon\u00e7alo Rollemberg \u2013 1920.<\/p>\n<p>\u25a0 Mar\u00e7o:<\/p>\n<p>08 \u2013 36\u00b0 Anivers\u00e1rio do Jornal de Pirambu, a segunda fase da Tribuna da Praia \u2013 1984.<\/p>\n<p>11 \u2013 50\u00b0 Anivers\u00e1rio do Col\u00e9gio Estadual Jos\u00e9 Amaral lemos \u2013 1970.<\/p>\n<p>14 \u2013 1\u00b0 Festival Infanto Juvenil de Cultura, promovido pelo Clube Ecol\u00f3gico de Pirambu, com grupos de dan\u00e7a, lambada, jazz e teatro \u2013 1991.<\/p>\n<p>19 \u2013 24\u00b0 Anivers\u00e1rio do jornal \u201cO POVO\u201d, \u00f3rg\u00e3o local do PT \u2013 fundado em 1986.<\/p>\n<p>22 \u2013 47\u00b0 Anivers\u00e1rio da Unidade da Deso em Pirambu \u2013 Inaugurada em 1973 (*).<\/p>\n<p>26 \u2013 24\u00b0 Anivers\u00e1rio da Feira de Pirambu \u2013 1996.<\/p>\n<p>por ClaudOmir Herzog | foto: Arquivo<\/p>\n","protected":false},"excerpt":{"rendered":"<p>\u25a0 Janeiro: 01 \u2013 Prociss\u00e3o de Bom Jesus dos Navegantes \u2013 Pirambu. 03 \u2013 48\u00b0 Anivers\u00e1rio da Escola Municipal Juarez Lopes Cruz, do povoado Santa Isabel \u2013 1972. 05 \u2013 45\u00b0 Anivers\u00e1rio da Escola Municipal 08 de Agosto, do povoado Lagoa Redonda, atualmente denominada Ester Ribeiro Dantas \u2013 1975 e 46\u00b0 Anivers\u00e1rio da Escola Municipal Odete Pereira de Santana, ex-Presidente M\u00e9dici \u2013 1974. 06 \u2013 20\u00b0 Anivers\u00e1rio do Acampamento S\u00e3o<\/p>\n","protected":false},"author":3,"featured_media":1173,"comment_status":"open","ping_status":"open","sticky":false,"template":"","format":"standard","meta":[],"categories":[18],"tags":[],"yoast_head":"<!-- This site is optimized with the Yoast SEO plugin v16.3 - https:\/\/yoast.com\/wordpress\/plugins\/seo\/ -->\n<title>PIRAMBU: Calend\u00e1rio Hist\u00f3rico-Cultural - Jan\/Mar - TRIBUNA DA PRAIA<\/title>\n<meta name=\"robots\" content=\"index, follow, max-snippet:-1, max-image-preview:large, max-video-preview:-1\" \/>\n<link rel=\"canonical\" href=\"https:\/\/tribunadapraia.com.br\/?p=1172\" \/>\n<meta property=\"og:locale\" content=\"pt_BR\" \/>\n<meta property=\"og:type\" content=\"article\" \/>\n<meta property=\"og:title\" content=\"PIRAMBU: Calend\u00e1rio Hist\u00f3rico-Cultural - Jan\/Mar - TRIBUNA DA PRAIA\" \/>\n<meta property=\"og:description\" content=\"\u25a0 Janeiro: 01 \u2013 Prociss\u00e3o de Bom Jesus dos Navegantes \u2013 Pirambu. 03 \u2013 48\u00b0 Anivers\u00e1rio da Escola Municipal Juarez Lopes Cruz, do povoado Santa Isabel \u2013 1972. 05 \u2013 45\u00b0 Anivers\u00e1rio da Escola Municipal 08 de Agosto, do povoado Lagoa Redonda, atualmente denominada Ester Ribeiro Dantas \u2013 1975 e 46\u00b0 Anivers\u00e1rio da Escola Municipal Odete Pereira de Santana, ex-Presidente M\u00e9dici \u2013 1974. 06 \u2013 20\u00b0 Anivers\u00e1rio do Acampamento S\u00e3o\" \/>\n<meta property=\"og:url\" content=\"https:\/\/tribunadapraia.com.br\/?p=1172\" \/>\n<meta property=\"og:site_name\" content=\"TRIBUNA DA PRAIA\" \/>\n<meta property=\"article:publisher\" content=\"https:\/\/www.facebook.com\/tribunadapraiaonline\/\" \/>\n<meta property=\"article:published_time\" content=\"2020-04-16T15:03:05+00:00\" \/>\n<meta property=\"og:image\" content=\"https:\/\/tribunadapraia.com.br\/wp-content\/uploads\/2020\/04\/IMG-20200416-WA0046.jpg\" \/>\n\t<meta property=\"og:image:width\" content=\"552\" \/>\n\t<meta property=\"og:image:height\" content=\"345\" \/>\n<meta name=\"twitter:card\" content=\"summary_large_image\" \/>\n<meta name=\"twitter:creator\" content=\"@Claudomir21\" \/>\n<meta name=\"twitter:site\" content=\"@Claudomir21\" \/>\n<meta name=\"twitter:label1\" content=\"Est. tempo de leitura\">\n\t<meta name=\"twitter:data1\" content=\"2 minutos\">\n<script type=\"application\/ld+json\" class=\"yoast-schema-graph\">{\"@context\":\"https:\/\/schema.org\",\"@graph\":[{\"@type\":\"Organization\",\"@id\":\"https:\/\/tribunadapraia.com.br\/#organization\",\"name\":\"Tribuna da Praia\",\"url\":\"https:\/\/tribunadapraia.com.br\/\",\"sameAs\":[\"https:\/\/www.facebook.com\/tribunadapraiaonline\/\",\"https:\/\/www.instagram.com\/claudomirtavares\/\",\"https:\/\/www.youtube.com\/channel\/UCwQf80nxiMzCefAyjbp53Rw\",\"https:\/\/twitter.com\/Claudomir21\"],\"logo\":{\"@type\":\"ImageObject\",\"@id\":\"https:\/\/tribunadapraia.com.br\/#logo\",\"inLanguage\":\"pt-BR\",\"url\":\"https:\/\/tribunadapraia.com.br\/wp-content\/uploads\/2020\/02\/logo.png\",\"contentUrl\":\"https:\/\/tribunadapraia.com.br\/wp-content\/uploads\/2020\/02\/logo.png\",\"width\":501,\"height\":121,\"caption\":\"Tribuna da Praia\"},\"image\":{\"@id\":\"https:\/\/tribunadapraia.com.br\/#logo\"}},{\"@type\":\"WebSite\",\"@id\":\"https:\/\/tribunadapraia.com.br\/#website\",\"url\":\"https:\/\/tribunadapraia.com.br\/\",\"name\":\"TRIBUNA DA PRAIA\",\"description\":\"O 1\\u00ba jornal do interior de Sergipe na internet\",\"publisher\":{\"@id\":\"https:\/\/tribunadapraia.com.br\/#organization\"},\"potentialAction\":[{\"@type\":\"SearchAction\",\"target\":\"https:\/\/tribunadapraia.com.br\/?s={search_term_string}\",\"query-input\":\"required name=search_term_string\"}],\"inLanguage\":\"pt-BR\"},{\"@type\":\"ImageObject\",\"@id\":\"https:\/\/tribunadapraia.com.br\/?p=1172#primaryimage\",\"inLanguage\":\"pt-BR\",\"url\":\"https:\/\/tribunadapraia.com.br\/wp-content\/uploads\/2020\/04\/IMG-20200416-WA0046.jpg\",\"contentUrl\":\"https:\/\/tribunadapraia.com.br\/wp-content\/uploads\/2020\/04\/IMG-20200416-WA0046.jpg\",\"width\":552,\"height\":345},{\"@type\":\"WebPage\",\"@id\":\"https:\/\/tribunadapraia.com.br\/?p=1172#webpage\",\"url\":\"https:\/\/tribunadapraia.com.br\/?p=1172\",\"name\":\"PIRAMBU: Calend\\u00e1rio Hist\\u00f3rico-Cultural - Jan\/Mar - TRIBUNA DA PRAIA\",\"isPartOf\":{\"@id\":\"https:\/\/tribunadapraia.com.br\/#website\"},\"primaryImageOfPage\":{\"@id\":\"https:\/\/tribunadapraia.com.br\/?p=1172#primaryimage\"},\"datePublished\":\"2020-04-16T15:03:05+00:00\",\"dateModified\":\"2020-04-16T15:03:05+00:00\",\"breadcrumb\":{\"@id\":\"https:\/\/tribunadapraia.com.br\/?p=1172#breadcrumb\"},\"inLanguage\":\"pt-BR\",\"potentialAction\":[{\"@type\":\"ReadAction\",\"target\":[\"https:\/\/tribunadapraia.com.br\/?p=1172\"]}]},{\"@type\":\"BreadcrumbList\",\"@id\":\"https:\/\/tribunadapraia.com.br\/?p=1172#breadcrumb\",\"itemListElement\":[{\"@type\":\"ListItem\",\"position\":1,\"item\":{\"@type\":\"WebPage\",\"@id\":\"https:\/\/tribunadapraia.com.br\/\",\"url\":\"https:\/\/tribunadapraia.com.br\/\",\"name\":\"In\\u00edcio\"}},{\"@type\":\"ListItem\",\"position\":2,\"item\":{\"@id\":\"https:\/\/tribunadapraia.com.br\/?p=1172#webpage\"}}]},{\"@type\":\"Article\",\"@id\":\"https:\/\/tribunadapraia.com.br\/?p=1172#article\",\"isPartOf\":{\"@id\":\"https:\/\/tribunadapraia.com.br\/?p=1172#webpage\"},\"author\":{\"@id\":\"https:\/\/tribunadapraia.com.br\/#\/schema\/person\/099fbbf59acc5895c0d7d52b4fc46c97\"},\"headline\":\"PIRAMBU: Calend\\u00e1rio Hist\\u00f3rico-Cultural &#8211; Jan\/Mar\",\"datePublished\":\"2020-04-16T15:03:05+00:00\",\"dateModified\":\"2020-04-16T15:03:05+00:00\",\"mainEntityOfPage\":{\"@id\":\"https:\/\/tribunadapraia.com.br\/?p=1172#webpage\"},\"wordCount\":451,\"commentCount\":0,\"publisher\":{\"@id\":\"https:\/\/tribunadapraia.com.br\/#organization\"},\"image\":{\"@id\":\"https:\/\/tribunadapraia.com.br\/?p=1172#primaryimage\"},\"thumbnailUrl\":\"https:\/\/tribunadapraia.com.br\/wp-content\/uploads\/2020\/04\/IMG-20200416-WA0046.jpg\",\"articleSection\":[\"Not\\u00edcias\"],\"inLanguage\":\"pt-BR\",\"potentialAction\":[{\"@type\":\"CommentAction\",\"name\":\"Comment\",\"target\":[\"https:\/\/tribunadapraia.com.br\/?p=1172#respond\"]}]},{\"@type\":\"Person\",\"@id\":\"https:\/\/tribunadapraia.com.br\/#\/schema\/person\/099fbbf59acc5895c0d7d52b4fc46c97\",\"name\":\"Reda\\u00e7\\u00e3o\",\"image\":{\"@type\":\"ImageObject\",\"@id\":\"https:\/\/tribunadapraia.com.br\/#personlogo\",\"inLanguage\":\"pt-BR\",\"url\":\"https:\/\/secure.gravatar.com\/avatar\/91c8b91d2bfd7784eac5c3e055361f64?s=96&d=identicon&r=g\",\"contentUrl\":\"https:\/\/secure.gravatar.com\/avatar\/91c8b91d2bfd7784eac5c3e055361f64?s=96&d=identicon&r=g\",\"caption\":\"Reda\\u00e7\\u00e3o\"}}]}<\/script>\n<!-- \/ Yoast SEO plugin. -->","wps_subtitle":"","_links":{"self":[{"href":"https:\/\/tribunadapraia.com.br\/index.php?rest_route=\/wp\/v2\/posts\/1172"}],"collection":[{"href":"https:\/\/tribunadapraia.com.br\/index.php?rest_route=\/wp\/v2\/posts"}],"about":[{"href":"https:\/\/tribunadapraia.com.br\/index.php?rest_route=\/wp\/v2\/types\/post"}],"author":[{"embeddable":true,"href":"https:\/\/tribunadapraia.com.br\/index.php?rest_route=\/wp\/v2\/users\/3"}],"replies":[{"embeddable":true,"href":"https:\/\/tribunadapraia.com.br\/index.php?rest_route=%2Fwp%2Fv2%2Fcomments&post=1172"}],"version-history":[{"count":1,"href":"https:\/\/tribunadapraia.com.br\/index.php?rest_route=\/wp\/v2\/posts\/1172\/revisions"}],"predecessor-version":[{"id":1174,"href":"https:\/\/tribunadapraia.com.br\/index.php?rest_route=\/wp\/v2\/posts\/1172\/revisions\/1174"}],"wp:featuredmedia":[{"embeddable":true,"href":"https:\/\/tribunadapraia.com.br\/index.php?rest_route=\/wp\/v2\/media\/1173"}],"wp:attachment":[{"href":"https:\/\/tribunadapraia.com.br\/index.php?rest_route=%2Fwp%2Fv2%2Fmedia&parent=1172"}],"wp:term":[{"taxonomy":"category","embeddable":true,"href":"https:\/\/tribunadapraia.com.br\/index.php?rest_route=%2Fwp%2Fv2%2Fcategories&post=1172"},{"taxonomy":"post_tag","embeddable":true,"href":"https:\/\/tribunadapraia.com.br\/index.php?rest_route=%2Fwp%2Fv2%2Ftags&post=1172"}],"curies":[{"name":"wp","href":"https:\/\/api.w.org\/{rel}","templated":true}]}}