{"id":1169,"date":"2020-04-16T05:32:38","date_gmt":"2020-04-16T08:32:38","guid":{"rendered":"https:\/\/tribunadapraia.com.br\/?p=1169"},"modified":"2020-04-16T05:33:23","modified_gmt":"2020-04-16T08:33:23","slug":"eleicoes-2020-8-partidos-disputarao-11-vagas-na-camara-de-vereadores-em-propria-tres-a-vaga-de-prefeito","status":"publish","type":"post","link":"https:\/\/tribunadapraia.com.br\/?p=1169","title":{"rendered":"ELEI\u00c7\u00d5ES 2020: 8 partidos disputar\u00e3o 11 vagas na C\u00e2mara de Vereadores em Propri\u00e1 &#8211; tr\u00eas, a vaga de prefeito"},"content":{"rendered":"<p>As chances reais de cada partido pol\u00edtico nas elei\u00e7\u00f5es 2020 no munic\u00edpio de Propri\u00e1 ser\u00e3o analisadas criteriosamente neste s\u00e1bado, 18, a partir das 7 da manh\u00e3, pelo professor ClaudOmir Herzog no programa PROPRI\u00c1 EM PAUTA, apresentado pelo radialista Elder Santos na R\u00e1dio XOD\u00d3 102,9 FM. &#8220;\u00c0s elei\u00e7\u00f5es ser\u00e3o disputadas por at\u00e9 oito partidos, sendo que dificilmente algum deles eleger\u00e1 mais que dois vereadores &#8211; mas se isso vier a acontecer, at\u00e9 tr\u00eas deles deixar\u00e3o de fazer o primeiro parlamentar, mesmo pela m\u00e9dia (sobra)&#8221;, disse Herzog. &#8220;Deveremos ter pelo menos tr\u00eas candidatos a prefeito &#8211; uns ser\u00e3o &#8216;convencidos&#8217; a desistir, procurando uma &#8216;\u00e0rvore frondosa&#8217; para se proteger&#8221;, completa. N\u00e3o percam!<\/p>\n<p>por Reda\u00e7\u00e3o | foto: Arquivo<\/p>\n","protected":false},"excerpt":{"rendered":"<p>As chances reais de cada partido pol\u00edtico nas elei\u00e7\u00f5es 2020 no munic\u00edpio de Propri\u00e1 ser\u00e3o analisadas criteriosamente neste s\u00e1bado, 18, a partir das 7 da manh\u00e3, pelo professor ClaudOmir Herzog no programa PROPRI\u00c1 EM PAUTA, apresentado pelo radialista Elder Santos na R\u00e1dio XOD\u00d3 102,9 FM. &#8220;\u00c0s elei\u00e7\u00f5es ser\u00e3o disputadas por at\u00e9 oito partidos, sendo que dificilmente algum deles eleger\u00e1 mais que dois vereadores &#8211; mas se isso vier a acontecer,<\/p>\n","protected":false},"author":1,"featured_media":1170,"comment_status":"open","ping_status":"open","sticky":false,"template":"","format":"standard","meta":[],"categories":[18],"tags":[],"yoast_head":"<!-- This site is optimized with the Yoast SEO plugin v16.3 - https:\/\/yoast.com\/wordpress\/plugins\/seo\/ -->\n<title>ELEI\u00c7\u00d5ES 2020: 8 partidos disputar\u00e3o 11 vagas na C\u00e2mara de Vereadores em Propri\u00e1 - tr\u00eas, a vaga de prefeito - TRIBUNA DA PRAIA<\/title>\n<meta name=\"robots\" content=\"index, follow, max-snippet:-1, max-image-preview:large, max-video-preview:-1\" \/>\n<link rel=\"canonical\" href=\"https:\/\/tribunadapraia.com.br\/?p=1169\" \/>\n<meta property=\"og:locale\" content=\"pt_BR\" \/>\n<meta property=\"og:type\" content=\"article\" \/>\n<meta property=\"og:title\" content=\"ELEI\u00c7\u00d5ES 2020: 8 partidos disputar\u00e3o 11 vagas na C\u00e2mara de Vereadores em Propri\u00e1 - tr\u00eas, a vaga de prefeito - TRIBUNA DA PRAIA\" \/>\n<meta property=\"og:description\" content=\"As chances reais de cada partido pol\u00edtico nas elei\u00e7\u00f5es 2020 no munic\u00edpio de Propri\u00e1 ser\u00e3o analisadas criteriosamente neste s\u00e1bado, 18, a partir das 7 da manh\u00e3, pelo professor ClaudOmir Herzog no programa PROPRI\u00c1 EM PAUTA, apresentado pelo radialista Elder Santos na R\u00e1dio XOD\u00d3 102,9 FM. &#8220;\u00c0s elei\u00e7\u00f5es ser\u00e3o disputadas por at\u00e9 oito partidos, sendo que dificilmente algum deles eleger\u00e1 mais que dois vereadores &#8211; mas se isso vier a acontecer,\" \/>\n<meta property=\"og:url\" content=\"https:\/\/tribunadapraia.com.br\/?p=1169\" \/>\n<meta property=\"og:site_name\" content=\"TRIBUNA DA PRAIA\" \/>\n<meta property=\"article:publisher\" content=\"https:\/\/www.facebook.com\/tribunadapraiaonline\/\" \/>\n<meta property=\"article:published_time\" content=\"2020-04-16T08:32:38+00:00\" \/>\n<meta property=\"article:modified_time\" content=\"2020-04-16T08:33:23+00:00\" \/>\n<meta property=\"og:image\" content=\"https:\/\/tribunadapraia.com.br\/wp-content\/uploads\/2020\/04\/IMG-20200122-WA0021.jpg\" \/>\n\t<meta property=\"og:image:width\" content=\"640\" \/>\n\t<meta property=\"og:image:height\" content=\"640\" \/>\n<meta name=\"twitter:card\" content=\"summary_large_image\" \/>\n<meta name=\"twitter:creator\" content=\"@Claudomir21\" \/>\n<meta name=\"twitter:site\" content=\"@Claudomir21\" \/>\n<meta name=\"twitter:label1\" content=\"Est. tempo de leitura\">\n\t<meta name=\"twitter:data1\" content=\"1 minuto\">\n<script type=\"application\/ld+json\" class=\"yoast-schema-graph\">{\"@context\":\"https:\/\/schema.org\",\"@graph\":[{\"@type\":\"Organization\",\"@id\":\"https:\/\/tribunadapraia.com.br\/#organization\",\"name\":\"Tribuna da Praia\",\"url\":\"https:\/\/tribunadapraia.com.br\/\",\"sameAs\":[\"https:\/\/www.facebook.com\/tribunadapraiaonline\/\",\"https:\/\/www.instagram.com\/claudomirtavares\/\",\"https:\/\/www.youtube.com\/channel\/UCwQf80nxiMzCefAyjbp53Rw\",\"https:\/\/twitter.com\/Claudomir21\"],\"logo\":{\"@type\":\"ImageObject\",\"@id\":\"https:\/\/tribunadapraia.com.br\/#logo\",\"inLanguage\":\"pt-BR\",\"url\":\"https:\/\/tribunadapraia.com.br\/wp-content\/uploads\/2020\/02\/logo.png\",\"contentUrl\":\"https:\/\/tribunadapraia.com.br\/wp-content\/uploads\/2020\/02\/logo.png\",\"width\":501,\"height\":121,\"caption\":\"Tribuna da Praia\"},\"image\":{\"@id\":\"https:\/\/tribunadapraia.com.br\/#logo\"}},{\"@type\":\"WebSite\",\"@id\":\"https:\/\/tribunadapraia.com.br\/#website\",\"url\":\"https:\/\/tribunadapraia.com.br\/\",\"name\":\"TRIBUNA DA PRAIA\",\"description\":\"O 1\\u00ba jornal do interior de Sergipe na internet\",\"publisher\":{\"@id\":\"https:\/\/tribunadapraia.com.br\/#organization\"},\"potentialAction\":[{\"@type\":\"SearchAction\",\"target\":\"https:\/\/tribunadapraia.com.br\/?s={search_term_string}\",\"query-input\":\"required name=search_term_string\"}],\"inLanguage\":\"pt-BR\"},{\"@type\":\"ImageObject\",\"@id\":\"https:\/\/tribunadapraia.com.br\/?p=1169#primaryimage\",\"inLanguage\":\"pt-BR\",\"url\":\"https:\/\/tribunadapraia.com.br\/wp-content\/uploads\/2020\/04\/IMG-20200122-WA0021.jpg\",\"contentUrl\":\"https:\/\/tribunadapraia.com.br\/wp-content\/uploads\/2020\/04\/IMG-20200122-WA0021.jpg\",\"width\":640,\"height\":640},{\"@type\":\"WebPage\",\"@id\":\"https:\/\/tribunadapraia.com.br\/?p=1169#webpage\",\"url\":\"https:\/\/tribunadapraia.com.br\/?p=1169\",\"name\":\"ELEI\\u00c7\\u00d5ES 2020: 8 partidos disputar\\u00e3o 11 vagas na C\\u00e2mara de Vereadores em Propri\\u00e1 - tr\\u00eas, a vaga de prefeito - TRIBUNA DA PRAIA\",\"isPartOf\":{\"@id\":\"https:\/\/tribunadapraia.com.br\/#website\"},\"primaryImageOfPage\":{\"@id\":\"https:\/\/tribunadapraia.com.br\/?p=1169#primaryimage\"},\"datePublished\":\"2020-04-16T08:32:38+00:00\",\"dateModified\":\"2020-04-16T08:33:23+00:00\",\"breadcrumb\":{\"@id\":\"https:\/\/tribunadapraia.com.br\/?p=1169#breadcrumb\"},\"inLanguage\":\"pt-BR\",\"potentialAction\":[{\"@type\":\"ReadAction\",\"target\":[\"https:\/\/tribunadapraia.com.br\/?p=1169\"]}]},{\"@type\":\"BreadcrumbList\",\"@id\":\"https:\/\/tribunadapraia.com.br\/?p=1169#breadcrumb\",\"itemListElement\":[{\"@type\":\"ListItem\",\"position\":1,\"item\":{\"@type\":\"WebPage\",\"@id\":\"https:\/\/tribunadapraia.com.br\/\",\"url\":\"https:\/\/tribunadapraia.com.br\/\",\"name\":\"In\\u00edcio\"}},{\"@type\":\"ListItem\",\"position\":2,\"item\":{\"@id\":\"https:\/\/tribunadapraia.com.br\/?p=1169#webpage\"}}]},{\"@type\":\"Article\",\"@id\":\"https:\/\/tribunadapraia.com.br\/?p=1169#article\",\"isPartOf\":{\"@id\":\"https:\/\/tribunadapraia.com.br\/?p=1169#webpage\"},\"author\":{\"@id\":\"https:\/\/tribunadapraia.com.br\/#\/schema\/person\/326b0a9f3163b479142c64eba4928de0\"},\"headline\":\"ELEI\\u00c7\\u00d5ES 2020: 8 partidos disputar\\u00e3o 11 vagas na C\\u00e2mara de Vereadores em Propri\\u00e1 &#8211; tr\\u00eas, a vaga de prefeito\",\"datePublished\":\"2020-04-16T08:32:38+00:00\",\"dateModified\":\"2020-04-16T08:33:23+00:00\",\"mainEntityOfPage\":{\"@id\":\"https:\/\/tribunadapraia.com.br\/?p=1169#webpage\"},\"wordCount\":145,\"commentCount\":0,\"publisher\":{\"@id\":\"https:\/\/tribunadapraia.com.br\/#organization\"},\"image\":{\"@id\":\"https:\/\/tribunadapraia.com.br\/?p=1169#primaryimage\"},\"thumbnailUrl\":\"https:\/\/tribunadapraia.com.br\/wp-content\/uploads\/2020\/04\/IMG-20200122-WA0021.jpg\",\"articleSection\":[\"Not\\u00edcias\"],\"inLanguage\":\"pt-BR\",\"potentialAction\":[{\"@type\":\"CommentAction\",\"name\":\"Comment\",\"target\":[\"https:\/\/tribunadapraia.com.br\/?p=1169#respond\"]}]},{\"@type\":\"Person\",\"@id\":\"https:\/\/tribunadapraia.com.br\/#\/schema\/person\/326b0a9f3163b479142c64eba4928de0\",\"name\":\"tribunadapraia\",\"image\":{\"@type\":\"ImageObject\",\"@id\":\"https:\/\/tribunadapraia.com.br\/#personlogo\",\"inLanguage\":\"pt-BR\",\"url\":\"https:\/\/secure.gravatar.com\/avatar\/38b019c74762496076b7355024a0dad9?s=96&d=identicon&r=g\",\"contentUrl\":\"https:\/\/secure.gravatar.com\/avatar\/38b019c74762496076b7355024a0dad9?s=96&d=identicon&r=g\",\"caption\":\"tribunadapraia\"}}]}<\/script>\n<!-- \/ Yoast SEO plugin. -->","wps_subtitle":"","_links":{"self":[{"href":"https:\/\/tribunadapraia.com.br\/index.php?rest_route=\/wp\/v2\/posts\/1169"}],"collection":[{"href":"https:\/\/tribunadapraia.com.br\/index.php?rest_route=\/wp\/v2\/posts"}],"about":[{"href":"https:\/\/tribunadapraia.com.br\/index.php?rest_route=\/wp\/v2\/types\/post"}],"author":[{"embeddable":true,"href":"https:\/\/tribunadapraia.com.br\/index.php?rest_route=\/wp\/v2\/users\/1"}],"replies":[{"embeddable":true,"href":"https:\/\/tribunadapraia.com.br\/index.php?rest_route=%2Fwp%2Fv2%2Fcomments&post=1169"}],"version-history":[{"count":1,"href":"https:\/\/tribunadapraia.com.br\/index.php?rest_route=\/wp\/v2\/posts\/1169\/revisions"}],"predecessor-version":[{"id":1171,"href":"https:\/\/tribunadapraia.com.br\/index.php?rest_route=\/wp\/v2\/posts\/1169\/revisions\/1171"}],"wp:featuredmedia":[{"embeddable":true,"href":"https:\/\/tribunadapraia.com.br\/index.php?rest_route=\/wp\/v2\/media\/1170"}],"wp:attachment":[{"href":"https:\/\/tribunadapraia.com.br\/index.php?rest_route=%2Fwp%2Fv2%2Fmedia&parent=1169"}],"wp:term":[{"taxonomy":"category","embeddable":true,"href":"https:\/\/tribunadapraia.com.br\/index.php?rest_route=%2Fwp%2Fv2%2Fcategories&post=1169"},{"taxonomy":"post_tag","embeddable":true,"href":"https:\/\/tribunadapraia.com.br\/index.php?rest_route=%2Fwp%2Fv2%2Ftags&post=1169"}],"curies":[{"name":"wp","href":"https:\/\/api.w.org\/{rel}","templated":true}]}}