{"id":1162,"date":"2020-04-16T00:01:57","date_gmt":"2020-04-16T03:01:57","guid":{"rendered":"https:\/\/tribunadapraia.com.br\/?p=1162"},"modified":"2020-04-15T23:51:54","modified_gmt":"2020-04-16T02:51:54","slug":"com-rafael-sandes-e-mais-17-pre-candidatos-as-a-vereadores-as-pdt-montou-time-para-disputar-as-eleicoes-em-propria","status":"publish","type":"post","link":"https:\/\/tribunadapraia.com.br\/?p=1162","title":{"rendered":"COM RAFAEL SANDES: &#8230; e mais 17 pr\u00e9-candidatos\/as a vereadores\/as, PDT montou &#8220;time&#8221; para disputar \u00e0s elei\u00e7\u00f5es em Propri\u00e1"},"content":{"rendered":"<p>Vaga de vice estar\u00e1 aberta at\u00e9 \u00e0s conven\u00e7\u00f5es partid\u00e1rias<\/p>\n<p>Com carta branca dada pelo comando no estado, o PDT est\u00e1 disposto a disputar \u00e0s elei\u00e7\u00f5es municipais em Propri\u00e1 e montou um &#8220;time&#8221; competitivo de pr\u00e9-candidatos\/as a vereadores\/as, tendo o advogado e professor Rafael Sandes, ex-secret\u00e1rio da Educa\u00e7\u00e3o, como nome para a chapa majorit\u00e1ria (prefeito), estando aberta a vaga de vice para manter o di\u00e1logo com outras for\u00e7as at\u00e9 o prazo limite das coliga\u00e7\u00f5es partid\u00e1rias.<\/p>\n<p>Com alta aprova\u00e7\u00e3o da sociedade (pais, professores e estudantes) ouvidos pela reportagem da Tribuna da Praia &#8211; Sucursal Baixo S\u00e3o Francisco, Rafarl tamb\u00e9m pontuou bem nas duas pesquisas encomendadas e realizadas para consumo interno, o que tem estimulado os pedetistas que podem ser a surpresa e o diferencial quando o eleitorado for chamado a decidir.<\/p>\n<p>por ClaudOmir Herzog | foto: Arquivo<\/p>\n","protected":false},"excerpt":{"rendered":"<p>Vaga de vice estar\u00e1 aberta at\u00e9 \u00e0s conven\u00e7\u00f5es partid\u00e1rias Com carta branca dada pelo comando no estado, o PDT est\u00e1 disposto a disputar \u00e0s elei\u00e7\u00f5es municipais em Propri\u00e1 e montou um &#8220;time&#8221; competitivo de pr\u00e9-candidatos\/as a vereadores\/as, tendo o advogado e professor Rafael Sandes, ex-secret\u00e1rio da Educa\u00e7\u00e3o, como nome para a chapa majorit\u00e1ria (prefeito), estando aberta a vaga de vice para manter o di\u00e1logo com outras for\u00e7as at\u00e9 o prazo<\/p>\n","protected":false},"author":3,"featured_media":1163,"comment_status":"open","ping_status":"open","sticky":false,"template":"","format":"standard","meta":[],"categories":[18],"tags":[],"yoast_head":"<!-- This site is optimized with the Yoast SEO plugin v16.3 - https:\/\/yoast.com\/wordpress\/plugins\/seo\/ -->\n<title>COM RAFAEL SANDES: ... e mais 17 pr\u00e9-candidatos\/as a vereadores\/as, PDT montou &quot;time&quot; para disputar \u00e0s elei\u00e7\u00f5es em Propri\u00e1 - TRIBUNA DA PRAIA<\/title>\n<meta name=\"robots\" content=\"index, follow, max-snippet:-1, max-image-preview:large, max-video-preview:-1\" \/>\n<link rel=\"canonical\" href=\"https:\/\/tribunadapraia.com.br\/?p=1162\" \/>\n<meta property=\"og:locale\" content=\"pt_BR\" \/>\n<meta property=\"og:type\" content=\"article\" \/>\n<meta property=\"og:title\" content=\"COM RAFAEL SANDES: ... e mais 17 pr\u00e9-candidatos\/as a vereadores\/as, PDT montou &quot;time&quot; para disputar \u00e0s elei\u00e7\u00f5es em Propri\u00e1 - TRIBUNA DA PRAIA\" \/>\n<meta property=\"og:description\" content=\"Vaga de vice estar\u00e1 aberta at\u00e9 \u00e0s conven\u00e7\u00f5es partid\u00e1rias Com carta branca dada pelo comando no estado, o PDT est\u00e1 disposto a disputar \u00e0s elei\u00e7\u00f5es municipais em Propri\u00e1 e montou um &#8220;time&#8221; competitivo de pr\u00e9-candidatos\/as a vereadores\/as, tendo o advogado e professor Rafael Sandes, ex-secret\u00e1rio da Educa\u00e7\u00e3o, como nome para a chapa majorit\u00e1ria (prefeito), estando aberta a vaga de vice para manter o di\u00e1logo com outras for\u00e7as at\u00e9 o prazo\" \/>\n<meta property=\"og:url\" content=\"https:\/\/tribunadapraia.com.br\/?p=1162\" \/>\n<meta property=\"og:site_name\" content=\"TRIBUNA DA PRAIA\" \/>\n<meta property=\"article:publisher\" content=\"https:\/\/www.facebook.com\/tribunadapraiaonline\/\" \/>\n<meta property=\"article:published_time\" content=\"2020-04-16T03:01:57+00:00\" \/>\n<meta property=\"article:modified_time\" content=\"2020-04-16T02:51:54+00:00\" \/>\n<meta property=\"og:image\" content=\"https:\/\/tribunadapraia.com.br\/wp-content\/uploads\/2020\/04\/IMG-20200415-WA0376.jpg\" \/>\n\t<meta property=\"og:image:width\" content=\"540\" \/>\n\t<meta property=\"og:image:height\" content=\"722\" \/>\n<meta name=\"twitter:card\" content=\"summary_large_image\" \/>\n<meta name=\"twitter:creator\" content=\"@Claudomir21\" \/>\n<meta name=\"twitter:site\" content=\"@Claudomir21\" \/>\n<meta name=\"twitter:label1\" content=\"Est. tempo de leitura\">\n\t<meta name=\"twitter:data1\" content=\"1 minuto\">\n<script type=\"application\/ld+json\" class=\"yoast-schema-graph\">{\"@context\":\"https:\/\/schema.org\",\"@graph\":[{\"@type\":\"Organization\",\"@id\":\"https:\/\/tribunadapraia.com.br\/#organization\",\"name\":\"Tribuna da Praia\",\"url\":\"https:\/\/tribunadapraia.com.br\/\",\"sameAs\":[\"https:\/\/www.facebook.com\/tribunadapraiaonline\/\",\"https:\/\/www.instagram.com\/claudomirtavares\/\",\"https:\/\/www.youtube.com\/channel\/UCwQf80nxiMzCefAyjbp53Rw\",\"https:\/\/twitter.com\/Claudomir21\"],\"logo\":{\"@type\":\"ImageObject\",\"@id\":\"https:\/\/tribunadapraia.com.br\/#logo\",\"inLanguage\":\"pt-BR\",\"url\":\"https:\/\/tribunadapraia.com.br\/wp-content\/uploads\/2020\/02\/logo.png\",\"contentUrl\":\"https:\/\/tribunadapraia.com.br\/wp-content\/uploads\/2020\/02\/logo.png\",\"width\":501,\"height\":121,\"caption\":\"Tribuna da Praia\"},\"image\":{\"@id\":\"https:\/\/tribunadapraia.com.br\/#logo\"}},{\"@type\":\"WebSite\",\"@id\":\"https:\/\/tribunadapraia.com.br\/#website\",\"url\":\"https:\/\/tribunadapraia.com.br\/\",\"name\":\"TRIBUNA DA PRAIA\",\"description\":\"O 1\\u00ba jornal do interior de Sergipe na internet\",\"publisher\":{\"@id\":\"https:\/\/tribunadapraia.com.br\/#organization\"},\"potentialAction\":[{\"@type\":\"SearchAction\",\"target\":\"https:\/\/tribunadapraia.com.br\/?s={search_term_string}\",\"query-input\":\"required name=search_term_string\"}],\"inLanguage\":\"pt-BR\"},{\"@type\":\"ImageObject\",\"@id\":\"https:\/\/tribunadapraia.com.br\/?p=1162#primaryimage\",\"inLanguage\":\"pt-BR\",\"url\":\"https:\/\/tribunadapraia.com.br\/wp-content\/uploads\/2020\/04\/IMG-20200415-WA0376.jpg\",\"contentUrl\":\"https:\/\/tribunadapraia.com.br\/wp-content\/uploads\/2020\/04\/IMG-20200415-WA0376.jpg\",\"width\":540,\"height\":722},{\"@type\":\"WebPage\",\"@id\":\"https:\/\/tribunadapraia.com.br\/?p=1162#webpage\",\"url\":\"https:\/\/tribunadapraia.com.br\/?p=1162\",\"name\":\"COM RAFAEL SANDES: ... e mais 17 pr\\u00e9-candidatos\/as a vereadores\/as, PDT montou \\\"time\\\" para disputar \\u00e0s elei\\u00e7\\u00f5es em Propri\\u00e1 - TRIBUNA DA PRAIA\",\"isPartOf\":{\"@id\":\"https:\/\/tribunadapraia.com.br\/#website\"},\"primaryImageOfPage\":{\"@id\":\"https:\/\/tribunadapraia.com.br\/?p=1162#primaryimage\"},\"datePublished\":\"2020-04-16T03:01:57+00:00\",\"dateModified\":\"2020-04-16T02:51:54+00:00\",\"breadcrumb\":{\"@id\":\"https:\/\/tribunadapraia.com.br\/?p=1162#breadcrumb\"},\"inLanguage\":\"pt-BR\",\"potentialAction\":[{\"@type\":\"ReadAction\",\"target\":[\"https:\/\/tribunadapraia.com.br\/?p=1162\"]}]},{\"@type\":\"BreadcrumbList\",\"@id\":\"https:\/\/tribunadapraia.com.br\/?p=1162#breadcrumb\",\"itemListElement\":[{\"@type\":\"ListItem\",\"position\":1,\"item\":{\"@type\":\"WebPage\",\"@id\":\"https:\/\/tribunadapraia.com.br\/\",\"url\":\"https:\/\/tribunadapraia.com.br\/\",\"name\":\"In\\u00edcio\"}},{\"@type\":\"ListItem\",\"position\":2,\"item\":{\"@id\":\"https:\/\/tribunadapraia.com.br\/?p=1162#webpage\"}}]},{\"@type\":\"Article\",\"@id\":\"https:\/\/tribunadapraia.com.br\/?p=1162#article\",\"isPartOf\":{\"@id\":\"https:\/\/tribunadapraia.com.br\/?p=1162#webpage\"},\"author\":{\"@id\":\"https:\/\/tribunadapraia.com.br\/#\/schema\/person\/099fbbf59acc5895c0d7d52b4fc46c97\"},\"headline\":\"COM RAFAEL SANDES: &#8230; e mais 17 pr\\u00e9-candidatos\/as a vereadores\/as, PDT montou &#8220;time&#8221; para disputar \\u00e0s elei\\u00e7\\u00f5es em Propri\\u00e1\",\"datePublished\":\"2020-04-16T03:01:57+00:00\",\"dateModified\":\"2020-04-16T02:51:54+00:00\",\"mainEntityOfPage\":{\"@id\":\"https:\/\/tribunadapraia.com.br\/?p=1162#webpage\"},\"wordCount\":171,\"commentCount\":0,\"publisher\":{\"@id\":\"https:\/\/tribunadapraia.com.br\/#organization\"},\"image\":{\"@id\":\"https:\/\/tribunadapraia.com.br\/?p=1162#primaryimage\"},\"thumbnailUrl\":\"https:\/\/tribunadapraia.com.br\/wp-content\/uploads\/2020\/04\/IMG-20200415-WA0376.jpg\",\"articleSection\":[\"Not\\u00edcias\"],\"inLanguage\":\"pt-BR\",\"potentialAction\":[{\"@type\":\"CommentAction\",\"name\":\"Comment\",\"target\":[\"https:\/\/tribunadapraia.com.br\/?p=1162#respond\"]}]},{\"@type\":\"Person\",\"@id\":\"https:\/\/tribunadapraia.com.br\/#\/schema\/person\/099fbbf59acc5895c0d7d52b4fc46c97\",\"name\":\"Reda\\u00e7\\u00e3o\",\"image\":{\"@type\":\"ImageObject\",\"@id\":\"https:\/\/tribunadapraia.com.br\/#personlogo\",\"inLanguage\":\"pt-BR\",\"url\":\"https:\/\/secure.gravatar.com\/avatar\/91c8b91d2bfd7784eac5c3e055361f64?s=96&d=identicon&r=g\",\"contentUrl\":\"https:\/\/secure.gravatar.com\/avatar\/91c8b91d2bfd7784eac5c3e055361f64?s=96&d=identicon&r=g\",\"caption\":\"Reda\\u00e7\\u00e3o\"}}]}<\/script>\n<!-- \/ Yoast SEO plugin. -->","wps_subtitle":"","_links":{"self":[{"href":"https:\/\/tribunadapraia.com.br\/index.php?rest_route=\/wp\/v2\/posts\/1162"}],"collection":[{"href":"https:\/\/tribunadapraia.com.br\/index.php?rest_route=\/wp\/v2\/posts"}],"about":[{"href":"https:\/\/tribunadapraia.com.br\/index.php?rest_route=\/wp\/v2\/types\/post"}],"author":[{"embeddable":true,"href":"https:\/\/tribunadapraia.com.br\/index.php?rest_route=\/wp\/v2\/users\/3"}],"replies":[{"embeddable":true,"href":"https:\/\/tribunadapraia.com.br\/index.php?rest_route=%2Fwp%2Fv2%2Fcomments&post=1162"}],"version-history":[{"count":1,"href":"https:\/\/tribunadapraia.com.br\/index.php?rest_route=\/wp\/v2\/posts\/1162\/revisions"}],"predecessor-version":[{"id":1164,"href":"https:\/\/tribunadapraia.com.br\/index.php?rest_route=\/wp\/v2\/posts\/1162\/revisions\/1164"}],"wp:featuredmedia":[{"embeddable":true,"href":"https:\/\/tribunadapraia.com.br\/index.php?rest_route=\/wp\/v2\/media\/1163"}],"wp:attachment":[{"href":"https:\/\/tribunadapraia.com.br\/index.php?rest_route=%2Fwp%2Fv2%2Fmedia&parent=1162"}],"wp:term":[{"taxonomy":"category","embeddable":true,"href":"https:\/\/tribunadapraia.com.br\/index.php?rest_route=%2Fwp%2Fv2%2Fcategories&post=1162"},{"taxonomy":"post_tag","embeddable":true,"href":"https:\/\/tribunadapraia.com.br\/index.php?rest_route=%2Fwp%2Fv2%2Ftags&post=1162"}],"curies":[{"name":"wp","href":"https:\/\/api.w.org\/{rel}","templated":true}]}}