{"id":1159,"date":"2020-04-15T22:03:01","date_gmt":"2020-04-16T01:03:01","guid":{"rendered":"https:\/\/tribunadapraia.com.br\/?p=1159"},"modified":"2020-04-15T22:03:59","modified_gmt":"2020-04-16T01:03:59","slug":"antes-tarde-prefeitura-de-pirambu-recua-e-fara-novo-audio-desta-vez-sem-citar-aracaju-capela-e-pacatuba","status":"publish","type":"post","link":"https:\/\/tribunadapraia.com.br\/?p=1159","title":{"rendered":"ANTES TARDE: Prefeitura de Pirambu recua e far\u00e1 novo \u00e1udio, desta vez sem citar Aracaju, Capela e Pacatuba"},"content":{"rendered":"<p>Diante da repercuss\u00e3o negativa na cidade e na regi\u00e3o, por detetmina\u00e7\u00e3o da administra\u00e7\u00e3o municipal, o \u00e1udio produzido e veiculado pela Secom\/Pirambu, deselegante contra o povo de Aracaju, Capela e Pacatuba, foi retirado das ruas. Ser\u00e1 produzido um novo spot publicit\u00e1rio para alertar a popula\u00e7\u00e3o contra o perigo da pandemia &#8211; do novo corona-v\u00edrus (Covid-19). Um gesto que serve de li\u00e7\u00e3o para evitar novas imper\u00edcias dessa natureza.<\/p>\n<p>por Reda\u00e7\u00e3o | imagem: Arquivo<\/p>\n","protected":false},"excerpt":{"rendered":"<p>Diante da repercuss\u00e3o negativa na cidade e na regi\u00e3o, por detetmina\u00e7\u00e3o da administra\u00e7\u00e3o municipal, o \u00e1udio produzido e veiculado pela Secom\/Pirambu, deselegante contra o povo de Aracaju, Capela e Pacatuba, foi retirado das ruas. Ser\u00e1 produzido um novo spot publicit\u00e1rio para alertar a popula\u00e7\u00e3o contra o perigo da pandemia &#8211; do novo corona-v\u00edrus (Covid-19). Um gesto que serve de li\u00e7\u00e3o para evitar novas imper\u00edcias dessa natureza. por Reda\u00e7\u00e3o | imagem:<\/p>\n","protected":false},"author":1,"featured_media":1160,"comment_status":"open","ping_status":"open","sticky":false,"template":"","format":"standard","meta":[],"categories":[18],"tags":[],"yoast_head":"<!-- This site is optimized with the Yoast SEO plugin v16.3 - https:\/\/yoast.com\/wordpress\/plugins\/seo\/ -->\n<title>ANTES TARDE: Prefeitura de Pirambu recua e far\u00e1 novo \u00e1udio, desta vez sem citar Aracaju, Capela e Pacatuba - TRIBUNA DA PRAIA<\/title>\n<meta name=\"robots\" content=\"index, follow, max-snippet:-1, max-image-preview:large, max-video-preview:-1\" \/>\n<link rel=\"canonical\" href=\"https:\/\/tribunadapraia.com.br\/?p=1159\" \/>\n<meta property=\"og:locale\" content=\"pt_BR\" \/>\n<meta property=\"og:type\" content=\"article\" \/>\n<meta property=\"og:title\" content=\"ANTES TARDE: Prefeitura de Pirambu recua e far\u00e1 novo \u00e1udio, desta vez sem citar Aracaju, Capela e Pacatuba - TRIBUNA DA PRAIA\" \/>\n<meta property=\"og:description\" content=\"Diante da repercuss\u00e3o negativa na cidade e na regi\u00e3o, por detetmina\u00e7\u00e3o da administra\u00e7\u00e3o municipal, o \u00e1udio produzido e veiculado pela Secom\/Pirambu, deselegante contra o povo de Aracaju, Capela e Pacatuba, foi retirado das ruas. Ser\u00e1 produzido um novo spot publicit\u00e1rio para alertar a popula\u00e7\u00e3o contra o perigo da pandemia &#8211; do novo corona-v\u00edrus (Covid-19). Um gesto que serve de li\u00e7\u00e3o para evitar novas imper\u00edcias dessa natureza. por Reda\u00e7\u00e3o | imagem:\" \/>\n<meta property=\"og:url\" content=\"https:\/\/tribunadapraia.com.br\/?p=1159\" \/>\n<meta property=\"og:site_name\" content=\"TRIBUNA DA PRAIA\" \/>\n<meta property=\"article:publisher\" content=\"https:\/\/www.facebook.com\/tribunadapraiaonline\/\" \/>\n<meta property=\"article:published_time\" content=\"2020-04-16T01:03:01+00:00\" \/>\n<meta property=\"article:modified_time\" content=\"2020-04-16T01:03:59+00:00\" \/>\n<meta property=\"og:image\" content=\"https:\/\/tribunadapraia.com.br\/wp-content\/uploads\/2020\/04\/IMG-20200415-WA0371.jpg\" \/>\n\t<meta property=\"og:image:width\" content=\"540\" \/>\n\t<meta property=\"og:image:height\" content=\"521\" \/>\n<meta name=\"twitter:card\" content=\"summary_large_image\" \/>\n<meta name=\"twitter:creator\" content=\"@Claudomir21\" \/>\n<meta name=\"twitter:site\" content=\"@Claudomir21\" \/>\n<script type=\"application\/ld+json\" class=\"yoast-schema-graph\">{\"@context\":\"https:\/\/schema.org\",\"@graph\":[{\"@type\":\"Organization\",\"@id\":\"https:\/\/tribunadapraia.com.br\/#organization\",\"name\":\"Tribuna da Praia\",\"url\":\"https:\/\/tribunadapraia.com.br\/\",\"sameAs\":[\"https:\/\/www.facebook.com\/tribunadapraiaonline\/\",\"https:\/\/www.instagram.com\/claudomirtavares\/\",\"https:\/\/www.youtube.com\/channel\/UCwQf80nxiMzCefAyjbp53Rw\",\"https:\/\/twitter.com\/Claudomir21\"],\"logo\":{\"@type\":\"ImageObject\",\"@id\":\"https:\/\/tribunadapraia.com.br\/#logo\",\"inLanguage\":\"pt-BR\",\"url\":\"https:\/\/tribunadapraia.com.br\/wp-content\/uploads\/2020\/02\/logo.png\",\"contentUrl\":\"https:\/\/tribunadapraia.com.br\/wp-content\/uploads\/2020\/02\/logo.png\",\"width\":501,\"height\":121,\"caption\":\"Tribuna da Praia\"},\"image\":{\"@id\":\"https:\/\/tribunadapraia.com.br\/#logo\"}},{\"@type\":\"WebSite\",\"@id\":\"https:\/\/tribunadapraia.com.br\/#website\",\"url\":\"https:\/\/tribunadapraia.com.br\/\",\"name\":\"TRIBUNA DA PRAIA\",\"description\":\"O 1\\u00ba jornal do interior de Sergipe na internet\",\"publisher\":{\"@id\":\"https:\/\/tribunadapraia.com.br\/#organization\"},\"potentialAction\":[{\"@type\":\"SearchAction\",\"target\":\"https:\/\/tribunadapraia.com.br\/?s={search_term_string}\",\"query-input\":\"required name=search_term_string\"}],\"inLanguage\":\"pt-BR\"},{\"@type\":\"ImageObject\",\"@id\":\"https:\/\/tribunadapraia.com.br\/?p=1159#primaryimage\",\"inLanguage\":\"pt-BR\",\"url\":\"https:\/\/tribunadapraia.com.br\/wp-content\/uploads\/2020\/04\/IMG-20200415-WA0371.jpg\",\"contentUrl\":\"https:\/\/tribunadapraia.com.br\/wp-content\/uploads\/2020\/04\/IMG-20200415-WA0371.jpg\",\"width\":540,\"height\":521},{\"@type\":\"WebPage\",\"@id\":\"https:\/\/tribunadapraia.com.br\/?p=1159#webpage\",\"url\":\"https:\/\/tribunadapraia.com.br\/?p=1159\",\"name\":\"ANTES TARDE: Prefeitura de Pirambu recua e far\\u00e1 novo \\u00e1udio, desta vez sem citar Aracaju, Capela e Pacatuba - TRIBUNA DA PRAIA\",\"isPartOf\":{\"@id\":\"https:\/\/tribunadapraia.com.br\/#website\"},\"primaryImageOfPage\":{\"@id\":\"https:\/\/tribunadapraia.com.br\/?p=1159#primaryimage\"},\"datePublished\":\"2020-04-16T01:03:01+00:00\",\"dateModified\":\"2020-04-16T01:03:59+00:00\",\"breadcrumb\":{\"@id\":\"https:\/\/tribunadapraia.com.br\/?p=1159#breadcrumb\"},\"inLanguage\":\"pt-BR\",\"potentialAction\":[{\"@type\":\"ReadAction\",\"target\":[\"https:\/\/tribunadapraia.com.br\/?p=1159\"]}]},{\"@type\":\"BreadcrumbList\",\"@id\":\"https:\/\/tribunadapraia.com.br\/?p=1159#breadcrumb\",\"itemListElement\":[{\"@type\":\"ListItem\",\"position\":1,\"item\":{\"@type\":\"WebPage\",\"@id\":\"https:\/\/tribunadapraia.com.br\/\",\"url\":\"https:\/\/tribunadapraia.com.br\/\",\"name\":\"In\\u00edcio\"}},{\"@type\":\"ListItem\",\"position\":2,\"item\":{\"@id\":\"https:\/\/tribunadapraia.com.br\/?p=1159#webpage\"}}]},{\"@type\":\"Article\",\"@id\":\"https:\/\/tribunadapraia.com.br\/?p=1159#article\",\"isPartOf\":{\"@id\":\"https:\/\/tribunadapraia.com.br\/?p=1159#webpage\"},\"author\":{\"@id\":\"https:\/\/tribunadapraia.com.br\/#\/schema\/person\/326b0a9f3163b479142c64eba4928de0\"},\"headline\":\"ANTES TARDE: Prefeitura de Pirambu recua e far\\u00e1 novo \\u00e1udio, desta vez sem citar Aracaju, Capela e Pacatuba\",\"datePublished\":\"2020-04-16T01:03:01+00:00\",\"dateModified\":\"2020-04-16T01:03:59+00:00\",\"mainEntityOfPage\":{\"@id\":\"https:\/\/tribunadapraia.com.br\/?p=1159#webpage\"},\"wordCount\":99,\"commentCount\":0,\"publisher\":{\"@id\":\"https:\/\/tribunadapraia.com.br\/#organization\"},\"image\":{\"@id\":\"https:\/\/tribunadapraia.com.br\/?p=1159#primaryimage\"},\"thumbnailUrl\":\"https:\/\/tribunadapraia.com.br\/wp-content\/uploads\/2020\/04\/IMG-20200415-WA0371.jpg\",\"articleSection\":[\"Not\\u00edcias\"],\"inLanguage\":\"pt-BR\",\"potentialAction\":[{\"@type\":\"CommentAction\",\"name\":\"Comment\",\"target\":[\"https:\/\/tribunadapraia.com.br\/?p=1159#respond\"]}]},{\"@type\":\"Person\",\"@id\":\"https:\/\/tribunadapraia.com.br\/#\/schema\/person\/326b0a9f3163b479142c64eba4928de0\",\"name\":\"tribunadapraia\",\"image\":{\"@type\":\"ImageObject\",\"@id\":\"https:\/\/tribunadapraia.com.br\/#personlogo\",\"inLanguage\":\"pt-BR\",\"url\":\"https:\/\/secure.gravatar.com\/avatar\/38b019c74762496076b7355024a0dad9?s=96&d=identicon&r=g\",\"contentUrl\":\"https:\/\/secure.gravatar.com\/avatar\/38b019c74762496076b7355024a0dad9?s=96&d=identicon&r=g\",\"caption\":\"tribunadapraia\"}}]}<\/script>\n<!-- \/ Yoast SEO plugin. -->","wps_subtitle":"","_links":{"self":[{"href":"https:\/\/tribunadapraia.com.br\/index.php?rest_route=\/wp\/v2\/posts\/1159"}],"collection":[{"href":"https:\/\/tribunadapraia.com.br\/index.php?rest_route=\/wp\/v2\/posts"}],"about":[{"href":"https:\/\/tribunadapraia.com.br\/index.php?rest_route=\/wp\/v2\/types\/post"}],"author":[{"embeddable":true,"href":"https:\/\/tribunadapraia.com.br\/index.php?rest_route=\/wp\/v2\/users\/1"}],"replies":[{"embeddable":true,"href":"https:\/\/tribunadapraia.com.br\/index.php?rest_route=%2Fwp%2Fv2%2Fcomments&post=1159"}],"version-history":[{"count":1,"href":"https:\/\/tribunadapraia.com.br\/index.php?rest_route=\/wp\/v2\/posts\/1159\/revisions"}],"predecessor-version":[{"id":1161,"href":"https:\/\/tribunadapraia.com.br\/index.php?rest_route=\/wp\/v2\/posts\/1159\/revisions\/1161"}],"wp:featuredmedia":[{"embeddable":true,"href":"https:\/\/tribunadapraia.com.br\/index.php?rest_route=\/wp\/v2\/media\/1160"}],"wp:attachment":[{"href":"https:\/\/tribunadapraia.com.br\/index.php?rest_route=%2Fwp%2Fv2%2Fmedia&parent=1159"}],"wp:term":[{"taxonomy":"category","embeddable":true,"href":"https:\/\/tribunadapraia.com.br\/index.php?rest_route=%2Fwp%2Fv2%2Fcategories&post=1159"},{"taxonomy":"post_tag","embeddable":true,"href":"https:\/\/tribunadapraia.com.br\/index.php?rest_route=%2Fwp%2Fv2%2Ftags&post=1159"}],"curies":[{"name":"wp","href":"https:\/\/api.w.org\/{rel}","templated":true}]}}