{"id":1156,"date":"2020-04-14T19:06:41","date_gmt":"2020-04-14T22:06:41","guid":{"rendered":"https:\/\/tribunadapraia.com.br\/?p=1156"},"modified":"2020-04-14T19:06:41","modified_gmt":"2020-04-14T22:06:41","slug":"artigo-moraes-moreira-o-futebol-de-luto-carlos-pronzato","status":"publish","type":"post","link":"https:\/\/tribunadapraia.com.br\/?p=1156","title":{"rendered":"ARTIGO: Moraes Moreira, o futebol de luto (Carlos Pronzato)"},"content":{"rendered":"<p>Para muito al\u00e9m de cartolas, empres\u00e1rios corruptos, m\u00e1fias da FIFA e dos grandes clubes, disputas de pol\u00edticos corroendo as institui\u00e7\u00f5es futebol\u00edsticas, ju\u00edzes e jogadores comprados, e todo um universo do submundo marginal do futebol, a paix\u00e3o an\u00e1rquica e genuinamente brasileira, que pulsa indiferente a tudo aquilo que foi citado acima, se perde nas brumas do mais vil com\u00e9rcio, quando uma bola, num campo de v\u00e1rzea, num clube de bairro, numa pra\u00e7a, no morro ou no asfalto, ou at\u00e9 no imaculado reflexo dos olhos de qualquer espectador no Maracan\u00e3 ou na Fonte Nova, \u00e9 posta em jogo. Todo torcedor que se preze, lembrar\u00e1 de um dos seus mais apaixonados cultores, que partiu em 13 de abril, para v\u00e1rzeas mais et\u00e9reas: Moraes Moreira, integrante do imprescind\u00edvel grupo musical de samba e rock tropicalista da boa terra, os Novos Baianos, que, al\u00e9m de ter marcado a musica popular brasileira com as suas releituras e misturas r\u00edtmicas, se consideravam, antes de tudo, um time de futebol. Quem duvidar, assista o excelente document\u00e1rio Filhos de Jo\u00e3o, o admir\u00e1vel mundo Novo Baiano, de Henrique Dantas e ver\u00e1 a turma feliz, batendo bola no sitio \u201cO cantinho da Vov\u00f3\u201d, onde moravam em Jacarepagu\u00e1, RJ, e posteriormente noutra fazenda em S\u00e3o Paulo, inclusive aceitando desafios futebol\u00edsticos noutras cidades e estados. Com Luiz Galv\u00e3o, Paulinho Boca de Cantor, Pepeu Gomes, Baby Consuelo (Baby do Brasil), Dadi, Baixinho e Bolacha e tal vez com mais alguns simpatizantes (Jo\u00e3o Gilberto?), conformavam os onze em campo para enfrentar as vicissitudes da vida, os obst\u00e1culos profissionais no mundo musical, os r\u00edgidos esquemas da sociedade e a conjuntura pol\u00edtica de uma \u00e9poca nada simp\u00e1tica com a liberdade e as asas criativas da vida em comunidade, em plena ditadura militar, j\u00e1 que o grupo se consolida entre os anos 1969 e 1979. Depois dos sucessos dos LPs Ferro na Boneca (1970) e Acabou chorare (1972) &#8211; \u00e1lbum considerado o melhor da musica popular brasileira pela revista Rolling Stone &#8211; ambas can\u00e7\u00f5es t\u00edtulo de Moraes e Galv\u00e3o &#8211; chegou o LP Os Novos Baianos Futebol Clube (1973), o \u00e1pice do reinado da harmonia entre a m\u00fasica e o futebol no processo evolutivo da banda, onde estreiam uma vers\u00e3o contempor\u00e2nea de Samba da minha terra de Dorival Caymmi, outro referente e conterr\u00e2neo, junto aos outros baianos onde beberam as suas maiores influ\u00eancias, as fontes cristalinas de Jo\u00e3o Gilberto e Assis Valente. Simp\u00e1tico ao Esporte Clube Bahia (em 1988 esteve na frente do trio el\u00e9trico com Dod\u00f4 e Osmar, comemorando o titulo brasileiro do tricolor, al\u00e9m de dedicar uma can\u00e7\u00e3o especial ao craque Bob\u00f4) e ilustre torcedor do Flamengo, o baiano de Itua\u00e7u (nascido em 8 de julho de 1947), deixa em luto o carnaval e o futebol.<\/p>\n<p>Carlos Pronzato<br \/>\nCineasta e escritor<br \/>\nS\u00f3cio do IGHB<br \/>\ncarlospronzato@gmail.com<\/p>\n","protected":false},"excerpt":{"rendered":"<p>Para muito al\u00e9m de cartolas, empres\u00e1rios corruptos, m\u00e1fias da FIFA e dos grandes clubes, disputas de pol\u00edticos corroendo as institui\u00e7\u00f5es futebol\u00edsticas, ju\u00edzes e jogadores comprados, e todo um universo do submundo marginal do futebol, a paix\u00e3o an\u00e1rquica e genuinamente brasileira, que pulsa indiferente a tudo aquilo que foi citado acima, se perde nas brumas do mais vil com\u00e9rcio, quando uma bola, num campo de v\u00e1rzea, num clube de bairro, numa<\/p>\n","protected":false},"author":3,"featured_media":1157,"comment_status":"open","ping_status":"open","sticky":false,"template":"","format":"standard","meta":[],"categories":[18],"tags":[],"yoast_head":"<!-- This site is optimized with the Yoast SEO plugin v16.3 - https:\/\/yoast.com\/wordpress\/plugins\/seo\/ -->\n<title>ARTIGO: Moraes Moreira, o futebol de luto (Carlos Pronzato) - TRIBUNA DA PRAIA<\/title>\n<meta name=\"robots\" content=\"index, follow, max-snippet:-1, max-image-preview:large, max-video-preview:-1\" \/>\n<link rel=\"canonical\" href=\"https:\/\/tribunadapraia.com.br\/?p=1156\" \/>\n<meta property=\"og:locale\" content=\"pt_BR\" \/>\n<meta property=\"og:type\" content=\"article\" \/>\n<meta property=\"og:title\" content=\"ARTIGO: Moraes Moreira, o futebol de luto (Carlos Pronzato) - TRIBUNA DA PRAIA\" \/>\n<meta property=\"og:description\" content=\"Para muito al\u00e9m de cartolas, empres\u00e1rios corruptos, m\u00e1fias da FIFA e dos grandes clubes, disputas de pol\u00edticos corroendo as institui\u00e7\u00f5es futebol\u00edsticas, ju\u00edzes e jogadores comprados, e todo um universo do submundo marginal do futebol, a paix\u00e3o an\u00e1rquica e genuinamente brasileira, que pulsa indiferente a tudo aquilo que foi citado acima, se perde nas brumas do mais vil com\u00e9rcio, quando uma bola, num campo de v\u00e1rzea, num clube de bairro, numa\" \/>\n<meta property=\"og:url\" content=\"https:\/\/tribunadapraia.com.br\/?p=1156\" \/>\n<meta property=\"og:site_name\" content=\"TRIBUNA DA PRAIA\" \/>\n<meta property=\"article:publisher\" content=\"https:\/\/www.facebook.com\/tribunadapraiaonline\/\" \/>\n<meta property=\"article:published_time\" content=\"2020-04-14T22:06:41+00:00\" \/>\n<meta property=\"og:image\" content=\"https:\/\/tribunadapraia.com.br\/wp-content\/uploads\/2020\/04\/IMG-20200414-WA0221.jpg\" \/>\n\t<meta property=\"og:image:width\" content=\"1280\" \/>\n\t<meta property=\"og:image:height\" content=\"853\" \/>\n<meta name=\"twitter:card\" content=\"summary_large_image\" \/>\n<meta name=\"twitter:creator\" content=\"@Claudomir21\" \/>\n<meta name=\"twitter:site\" content=\"@Claudomir21\" \/>\n<meta name=\"twitter:label1\" content=\"Est. tempo de leitura\">\n\t<meta name=\"twitter:data1\" content=\"2 minutos\">\n<script type=\"application\/ld+json\" class=\"yoast-schema-graph\">{\"@context\":\"https:\/\/schema.org\",\"@graph\":[{\"@type\":\"Organization\",\"@id\":\"https:\/\/tribunadapraia.com.br\/#organization\",\"name\":\"Tribuna da Praia\",\"url\":\"https:\/\/tribunadapraia.com.br\/\",\"sameAs\":[\"https:\/\/www.facebook.com\/tribunadapraiaonline\/\",\"https:\/\/www.instagram.com\/claudomirtavares\/\",\"https:\/\/www.youtube.com\/channel\/UCwQf80nxiMzCefAyjbp53Rw\",\"https:\/\/twitter.com\/Claudomir21\"],\"logo\":{\"@type\":\"ImageObject\",\"@id\":\"https:\/\/tribunadapraia.com.br\/#logo\",\"inLanguage\":\"pt-BR\",\"url\":\"https:\/\/tribunadapraia.com.br\/wp-content\/uploads\/2020\/02\/logo.png\",\"contentUrl\":\"https:\/\/tribunadapraia.com.br\/wp-content\/uploads\/2020\/02\/logo.png\",\"width\":501,\"height\":121,\"caption\":\"Tribuna da Praia\"},\"image\":{\"@id\":\"https:\/\/tribunadapraia.com.br\/#logo\"}},{\"@type\":\"WebSite\",\"@id\":\"https:\/\/tribunadapraia.com.br\/#website\",\"url\":\"https:\/\/tribunadapraia.com.br\/\",\"name\":\"TRIBUNA DA PRAIA\",\"description\":\"O 1\\u00ba jornal do interior de Sergipe na internet\",\"publisher\":{\"@id\":\"https:\/\/tribunadapraia.com.br\/#organization\"},\"potentialAction\":[{\"@type\":\"SearchAction\",\"target\":\"https:\/\/tribunadapraia.com.br\/?s={search_term_string}\",\"query-input\":\"required name=search_term_string\"}],\"inLanguage\":\"pt-BR\"},{\"@type\":\"ImageObject\",\"@id\":\"https:\/\/tribunadapraia.com.br\/?p=1156#primaryimage\",\"inLanguage\":\"pt-BR\",\"url\":\"https:\/\/tribunadapraia.com.br\/wp-content\/uploads\/2020\/04\/IMG-20200414-WA0221.jpg\",\"contentUrl\":\"https:\/\/tribunadapraia.com.br\/wp-content\/uploads\/2020\/04\/IMG-20200414-WA0221.jpg\",\"width\":1280,\"height\":853},{\"@type\":\"WebPage\",\"@id\":\"https:\/\/tribunadapraia.com.br\/?p=1156#webpage\",\"url\":\"https:\/\/tribunadapraia.com.br\/?p=1156\",\"name\":\"ARTIGO: Moraes Moreira, o futebol de luto (Carlos Pronzato) - TRIBUNA DA PRAIA\",\"isPartOf\":{\"@id\":\"https:\/\/tribunadapraia.com.br\/#website\"},\"primaryImageOfPage\":{\"@id\":\"https:\/\/tribunadapraia.com.br\/?p=1156#primaryimage\"},\"datePublished\":\"2020-04-14T22:06:41+00:00\",\"dateModified\":\"2020-04-14T22:06:41+00:00\",\"breadcrumb\":{\"@id\":\"https:\/\/tribunadapraia.com.br\/?p=1156#breadcrumb\"},\"inLanguage\":\"pt-BR\",\"potentialAction\":[{\"@type\":\"ReadAction\",\"target\":[\"https:\/\/tribunadapraia.com.br\/?p=1156\"]}]},{\"@type\":\"BreadcrumbList\",\"@id\":\"https:\/\/tribunadapraia.com.br\/?p=1156#breadcrumb\",\"itemListElement\":[{\"@type\":\"ListItem\",\"position\":1,\"item\":{\"@type\":\"WebPage\",\"@id\":\"https:\/\/tribunadapraia.com.br\/\",\"url\":\"https:\/\/tribunadapraia.com.br\/\",\"name\":\"In\\u00edcio\"}},{\"@type\":\"ListItem\",\"position\":2,\"item\":{\"@id\":\"https:\/\/tribunadapraia.com.br\/?p=1156#webpage\"}}]},{\"@type\":\"Article\",\"@id\":\"https:\/\/tribunadapraia.com.br\/?p=1156#article\",\"isPartOf\":{\"@id\":\"https:\/\/tribunadapraia.com.br\/?p=1156#webpage\"},\"author\":{\"@id\":\"https:\/\/tribunadapraia.com.br\/#\/schema\/person\/099fbbf59acc5895c0d7d52b4fc46c97\"},\"headline\":\"ARTIGO: Moraes Moreira, o futebol de luto (Carlos Pronzato)\",\"datePublished\":\"2020-04-14T22:06:41+00:00\",\"dateModified\":\"2020-04-14T22:06:41+00:00\",\"mainEntityOfPage\":{\"@id\":\"https:\/\/tribunadapraia.com.br\/?p=1156#webpage\"},\"wordCount\":503,\"commentCount\":0,\"publisher\":{\"@id\":\"https:\/\/tribunadapraia.com.br\/#organization\"},\"image\":{\"@id\":\"https:\/\/tribunadapraia.com.br\/?p=1156#primaryimage\"},\"thumbnailUrl\":\"https:\/\/tribunadapraia.com.br\/wp-content\/uploads\/2020\/04\/IMG-20200414-WA0221.jpg\",\"articleSection\":[\"Not\\u00edcias\"],\"inLanguage\":\"pt-BR\",\"potentialAction\":[{\"@type\":\"CommentAction\",\"name\":\"Comment\",\"target\":[\"https:\/\/tribunadapraia.com.br\/?p=1156#respond\"]}]},{\"@type\":\"Person\",\"@id\":\"https:\/\/tribunadapraia.com.br\/#\/schema\/person\/099fbbf59acc5895c0d7d52b4fc46c97\",\"name\":\"Reda\\u00e7\\u00e3o\",\"image\":{\"@type\":\"ImageObject\",\"@id\":\"https:\/\/tribunadapraia.com.br\/#personlogo\",\"inLanguage\":\"pt-BR\",\"url\":\"https:\/\/secure.gravatar.com\/avatar\/91c8b91d2bfd7784eac5c3e055361f64?s=96&d=identicon&r=g\",\"contentUrl\":\"https:\/\/secure.gravatar.com\/avatar\/91c8b91d2bfd7784eac5c3e055361f64?s=96&d=identicon&r=g\",\"caption\":\"Reda\\u00e7\\u00e3o\"}}]}<\/script>\n<!-- \/ Yoast SEO plugin. -->","wps_subtitle":"","_links":{"self":[{"href":"https:\/\/tribunadapraia.com.br\/index.php?rest_route=\/wp\/v2\/posts\/1156"}],"collection":[{"href":"https:\/\/tribunadapraia.com.br\/index.php?rest_route=\/wp\/v2\/posts"}],"about":[{"href":"https:\/\/tribunadapraia.com.br\/index.php?rest_route=\/wp\/v2\/types\/post"}],"author":[{"embeddable":true,"href":"https:\/\/tribunadapraia.com.br\/index.php?rest_route=\/wp\/v2\/users\/3"}],"replies":[{"embeddable":true,"href":"https:\/\/tribunadapraia.com.br\/index.php?rest_route=%2Fwp%2Fv2%2Fcomments&post=1156"}],"version-history":[{"count":1,"href":"https:\/\/tribunadapraia.com.br\/index.php?rest_route=\/wp\/v2\/posts\/1156\/revisions"}],"predecessor-version":[{"id":1158,"href":"https:\/\/tribunadapraia.com.br\/index.php?rest_route=\/wp\/v2\/posts\/1156\/revisions\/1158"}],"wp:featuredmedia":[{"embeddable":true,"href":"https:\/\/tribunadapraia.com.br\/index.php?rest_route=\/wp\/v2\/media\/1157"}],"wp:attachment":[{"href":"https:\/\/tribunadapraia.com.br\/index.php?rest_route=%2Fwp%2Fv2%2Fmedia&parent=1156"}],"wp:term":[{"taxonomy":"category","embeddable":true,"href":"https:\/\/tribunadapraia.com.br\/index.php?rest_route=%2Fwp%2Fv2%2Fcategories&post=1156"},{"taxonomy":"post_tag","embeddable":true,"href":"https:\/\/tribunadapraia.com.br\/index.php?rest_route=%2Fwp%2Fv2%2Ftags&post=1156"}],"curies":[{"name":"wp","href":"https:\/\/api.w.org\/{rel}","templated":true}]}}