{"id":1153,"date":"2020-04-14T11:32:15","date_gmt":"2020-04-14T14:32:15","guid":{"rendered":"https:\/\/tribunadapraia.com.br\/?p=1153"},"modified":"2020-04-14T11:32:15","modified_gmt":"2020-04-14T14:32:15","slug":"o-brasil-a-covid-19-e-a-filosofia-ignorante","status":"publish","type":"post","link":"https:\/\/tribunadapraia.com.br\/?p=1153","title":{"rendered":"O BRASIL, A COVID-19 E A FILOSOFIA IGNORANTE"},"content":{"rendered":"<p>por Saulo H. S. Silva (Doutor em Filosofia e Professor da UFS)<\/p>\n<p>Imagem: Francisco Goya (1746-1828) &#8220;O Sono da raz\u00e3o produz monstros&#8221;<\/p>\n<p>\u00c9 parte da crise da modernidade a ideia segundo a qual a filosofia estava em estado terminal e ensimesmada em decretar o seu pr\u00f3prio fim. O cientificismo exacerbado, o desenvolvimento tecnol\u00f3gico e sua suposta inutilidade frente \u00e0 din\u00e2mica da vida contempor\u00e2nea fariam da antiga m\u00e3e das ci\u00eancias uma esp\u00e9cie de estranha no ninho. Nesse caso, a inutilidade da filosofia \u00e9 outra que aquela tratada por Plat\u00e3o, quando Adimanto questionara a S\u00f3crates acerca da inutilidade dos fil\u00f3sofos para as cidades (A rep\u00fablica, livro VI). Aqui, a inutilidade est\u00e1 ligada ao desapego pelo conhecimento na cidade corrompida; no mundo contempor\u00e2neo, a inutilidade da filosofia estaria ligada \u00e0 sua insufici\u00eancia frente \u00e0s ci\u00eancias e ao avan\u00e7o da t\u00e9cnica, ao fim da filosofia de sistema, que a pulverizou em diversas disciplinas especializadas, e \u00e0s transforma\u00e7\u00f5es da vida social determinadas pelo par consumo-produ\u00e7\u00e3o. A n\u00e3o adequa\u00e7\u00e3o a esse ambiente parecia orientar para um cen\u00e1rio de sa\u00edda da filosofia, de imp\u00e9rio da raz\u00e3o instrumental e da novidade cient\u00edfica orientada pelo mercado.<\/p>\n<p>As cr\u00edticas \u00e0 Filosofia Moderna demarcam o principiar do pensamento contempor\u00e2neo. Afinal, a mesma nunca deixou de ser entendida como uma investiga\u00e7\u00e3o presa \u00e0 tentativa de unificar as respostas por meio de um pensamento contornado por certa arquitet\u00f4nica do saber. A sa\u00edda desse modelo de se fazer filosofia decretaria tamb\u00e9m o seu fim, denotando a sua auto-supera\u00e7\u00e3o, sua insufici\u00eancia frente \u00e0s descobertas das ci\u00eancias e a incapacidade de unificar o plural viver contempor\u00e2neo. Sobre isso, o fil\u00f3sofo polon\u00eas Leszek Kolakowski, na obra Horror metaf\u00edsico (1988), afirma que a filosofia: \u201cseguramente e felizmente pode sobreviver \u00e0 sua pr\u00f3pria morte mantendo-se ocupada em provar que de fato morreu\u201d; al\u00e9m disso, \u201cum fil\u00f3sofo moderno que nunca experimentou a sensa\u00e7\u00e3o de ser um charlat\u00e3o \u00e9 t\u00e3o superficial que sua obra n\u00e3o merece ser lida\u201d. No entanto, \u00e9 bem verdade que no cen\u00e1rio mundial da filosofia, a cr\u00edtica da racionalidade moderna conduziu a elabora\u00e7\u00f5es filos\u00f3ficas revolucion\u00e1rias, basta pensarmos nas contribui\u00e7\u00f5es de Nietzsche, Wittgenstein, Husserl, Gramsci, Sartre, Derrida, Deleuze, Rorty, Foucault, Habermas, Judith Butler, Achille Mbembe, para citarmos apenas alguns que me veem \u00e0 mem\u00f3ria.<\/p>\n<p>No Brasil, essa orienta\u00e7\u00e3o n\u00e3o passou de uma caricatura das diversas perspectivas de supera\u00e7\u00e3o da filosofia europeia tradicional. Assim, a filosofia que se formava no pa\u00eds tamb\u00e9m afirmou esse ocaso, mas sem uma apropria\u00e7\u00e3o adequada dos problemas que esse tipo de orienta\u00e7\u00e3o envolve, permanecendo firme nos velhos e bons coment\u00e1rios, importantes, mas limitados aos restritos c\u00edrculos acad\u00eamicos e sem uma conex\u00e3o direta com a opini\u00e3o p\u00fablica. O negar a si mesmo tem que ser ao menos autof\u00e1gico porque afastar-se das ideias que est\u00e3o na ordem da discuss\u00e3o, sem construir outro projeto ou reflex\u00e3o filos\u00f3fica profunda sobre o pr\u00f3prio Brasil, \u00e9 abrir a possibilidade para que aventureiros ocupem o espa\u00e7o inerte. Obviamente que a ditadura militar imprimiu um pessimismo muito forte, obras de grandes fil\u00f3sofos do s\u00e9culo XX tratam do fim da filosofia, sua aus\u00eancia no curr\u00edculo escolar brasileiro aprofundava a desilus\u00e3o. Ao problema de Paulo Arantes sobre a inexist\u00eancia de uma filosofia brasileira, podemos propor: para que uma filosofia brasileira se a mesma estaria em estado de autoderris\u00e3o?<\/p>\n<p>Mas, em nossa \u00e9poca, podemos pensar, se a filosofia estava rindo de si mesma, por que \u201cde repente\u201d uma dita \u201cfilosofia\u201d est\u00e1 a\u00ed dominando as orienta\u00e7\u00f5es educacionais do MEC, os contornos gerais das pol\u00edticas do Pal\u00e1cio do Planalto e a atua\u00e7\u00e3o da chancelaria brasileira? A esse respeito, \u00e9 sintom\u00e1tico que parte significativa da vida pol\u00edtica e social brasileira tenha elegido um astr\u00f3logo embusteiro para o papel de \u201co fil\u00f3sofo da na\u00e7\u00e3o\u201d; o qual d\u00e1 as cartas, demite ministros e vai moldando a fei\u00e7\u00e3o da sociedade em torno de confabula\u00e7\u00f5es grotescas. N\u00e3o \u00e9 por acaso que o \u201cfil\u00f3sofo brasileiro\u201d seja uma pessoa que acredita na terra plana, que classifica Albert Einstein de picareta, advoga serem os refrigerantes ado\u00e7ados com fetos abortados e at\u00e9 mesmo que haja um plano comunista em curso e bem sucedido para dominar o mundo e o atual presidente seria o basti\u00e3o da rea\u00e7\u00e3o planet\u00e1ria. Mais recentemente, contra a Organiza\u00e7\u00e3o Mundial da Sa\u00fade (OMS), a comunidade cient\u00edfica e contra todas as evid\u00eancias da pandemia de Covid-19, o nosso Rasputin afirmou que a doen\u00e7a n\u00e3o existiria e que seria a \u201cmais vasta manipula\u00e7\u00e3o de opini\u00e3o p\u00fablica que j\u00e1 aconteceu na hist\u00f3ria humana\u201d (CartaCapital, 23\/03\/2020). Ap\u00f3s esse coment\u00e1rio, o presidente brasileiro tamb\u00e9m passou a assumir de forma mais firme uma postura negacionista da doen\u00e7a e do caos sanit\u00e1rio que ela tem causado em diversos pa\u00edses, e que poder\u00e1 se repetir no Brasil. Tudo n\u00e3o passa de uma \u201cgripezinha\u201d!<\/p>\n<p>A pior ignor\u00e2ncia \u00e9 aquela que se traveste de racionalidade! E contra a ignor\u00e2ncia e a irracionalidade das posi\u00e7\u00f5es s\u00f3 a boa filosofia pode combater. Isso porque os homens n\u00e3o vivem sem ideias, sem a necessidade de ideologias, como Cazuza bem nos lembrou h\u00e1 d\u00e9cadas atr\u00e1s&#8230; Independente das escolas, dos debates profundos, dos relativismos, das orienta\u00e7\u00f5es discordantes da filosofia, do aprofundamento da explica\u00e7\u00e3o cientificizante, as pessoas continuam com as mesmas necessidades de &#8220;filosofias&#8221; as quais, no m\u00ednimo, forne\u00e7am estruturas de pensamentos coerentes e v\u00e1lidas sobre o mundo natural, a moral e a pol\u00edtica. Ent\u00e3o, onde existe um vazio de ideias, algu\u00e9m ou alguma coisa tende a preench\u00ea-lo; ou melhor, relembrando Goya, \u201cEl sue\u00f1o de la raz\u00f3n produce monstruos\u201d.<\/p>\n<p>Enfim, no Brasil, esse vazio foi em partes preenchido por quem menos era afeito ao efetivo filosofar, uma investiga\u00e7\u00e3o rigorosa, comprometida com a veracidade daquilo que discorre e n\u00e3o com retalhos de preconceitos oriundos de uma mente obscurantista. Fica a li\u00e7\u00e3o, a filosofia n\u00e3o morre, mas da sua aus\u00eancia brota a deplor\u00e1vel ignom\u00ednia!<\/p>\n<p>Publicado originalmente em: https:\/\/www.comunidadedasletras.com\/2020\/04\/o-brasil-covid-19-e-filosofia-ignorante_6.html?m=1<\/p>\n","protected":false},"excerpt":{"rendered":"<p>por Saulo H. S. Silva (Doutor em Filosofia e Professor da UFS) Imagem: Francisco Goya (1746-1828) &#8220;O Sono da raz\u00e3o produz monstros&#8221; \u00c9 parte da crise da modernidade a ideia segundo a qual a filosofia estava em estado terminal e ensimesmada em decretar o seu pr\u00f3prio fim. O cientificismo exacerbado, o desenvolvimento tecnol\u00f3gico e sua suposta inutilidade frente \u00e0 din\u00e2mica da vida contempor\u00e2nea fariam da antiga m\u00e3e das ci\u00eancias uma<\/p>\n","protected":false},"author":3,"featured_media":1154,"comment_status":"open","ping_status":"open","sticky":false,"template":"","format":"standard","meta":[],"categories":[18],"tags":[],"yoast_head":"<!-- This site is optimized with the Yoast SEO plugin v16.3 - https:\/\/yoast.com\/wordpress\/plugins\/seo\/ -->\n<title>O BRASIL, A COVID-19 E A FILOSOFIA IGNORANTE - TRIBUNA DA PRAIA<\/title>\n<meta name=\"robots\" content=\"index, follow, max-snippet:-1, max-image-preview:large, max-video-preview:-1\" \/>\n<link rel=\"canonical\" href=\"https:\/\/tribunadapraia.com.br\/?p=1153\" \/>\n<meta property=\"og:locale\" content=\"pt_BR\" \/>\n<meta property=\"og:type\" content=\"article\" \/>\n<meta property=\"og:title\" content=\"O BRASIL, A COVID-19 E A FILOSOFIA IGNORANTE - TRIBUNA DA PRAIA\" \/>\n<meta property=\"og:description\" content=\"por Saulo H. S. Silva (Doutor em Filosofia e Professor da UFS) Imagem: Francisco Goya (1746-1828) &#8220;O Sono da raz\u00e3o produz monstros&#8221; \u00c9 parte da crise da modernidade a ideia segundo a qual a filosofia estava em estado terminal e ensimesmada em decretar o seu pr\u00f3prio fim. O cientificismo exacerbado, o desenvolvimento tecnol\u00f3gico e sua suposta inutilidade frente \u00e0 din\u00e2mica da vida contempor\u00e2nea fariam da antiga m\u00e3e das ci\u00eancias uma\" \/>\n<meta property=\"og:url\" content=\"https:\/\/tribunadapraia.com.br\/?p=1153\" \/>\n<meta property=\"og:site_name\" content=\"TRIBUNA DA PRAIA\" \/>\n<meta property=\"article:publisher\" content=\"https:\/\/www.facebook.com\/tribunadapraiaonline\/\" \/>\n<meta property=\"article:published_time\" content=\"2020-04-14T14:32:15+00:00\" \/>\n<meta property=\"og:image\" content=\"https:\/\/tribunadapraia.com.br\/wp-content\/uploads\/2020\/04\/IMG-20200414-WA0090.jpg\" \/>\n\t<meta property=\"og:image:width\" content=\"924\" \/>\n\t<meta property=\"og:image:height\" content=\"1280\" \/>\n<meta name=\"twitter:card\" content=\"summary_large_image\" \/>\n<meta name=\"twitter:creator\" content=\"@Claudomir21\" \/>\n<meta name=\"twitter:site\" content=\"@Claudomir21\" \/>\n<meta name=\"twitter:label1\" content=\"Est. tempo de leitura\">\n\t<meta name=\"twitter:data1\" content=\"5 minutos\">\n<script type=\"application\/ld+json\" class=\"yoast-schema-graph\">{\"@context\":\"https:\/\/schema.org\",\"@graph\":[{\"@type\":\"Organization\",\"@id\":\"https:\/\/tribunadapraia.com.br\/#organization\",\"name\":\"Tribuna da Praia\",\"url\":\"https:\/\/tribunadapraia.com.br\/\",\"sameAs\":[\"https:\/\/www.facebook.com\/tribunadapraiaonline\/\",\"https:\/\/www.instagram.com\/claudomirtavares\/\",\"https:\/\/www.youtube.com\/channel\/UCwQf80nxiMzCefAyjbp53Rw\",\"https:\/\/twitter.com\/Claudomir21\"],\"logo\":{\"@type\":\"ImageObject\",\"@id\":\"https:\/\/tribunadapraia.com.br\/#logo\",\"inLanguage\":\"pt-BR\",\"url\":\"https:\/\/tribunadapraia.com.br\/wp-content\/uploads\/2020\/02\/logo.png\",\"contentUrl\":\"https:\/\/tribunadapraia.com.br\/wp-content\/uploads\/2020\/02\/logo.png\",\"width\":501,\"height\":121,\"caption\":\"Tribuna da Praia\"},\"image\":{\"@id\":\"https:\/\/tribunadapraia.com.br\/#logo\"}},{\"@type\":\"WebSite\",\"@id\":\"https:\/\/tribunadapraia.com.br\/#website\",\"url\":\"https:\/\/tribunadapraia.com.br\/\",\"name\":\"TRIBUNA DA PRAIA\",\"description\":\"O 1\\u00ba jornal do interior de Sergipe na internet\",\"publisher\":{\"@id\":\"https:\/\/tribunadapraia.com.br\/#organization\"},\"potentialAction\":[{\"@type\":\"SearchAction\",\"target\":\"https:\/\/tribunadapraia.com.br\/?s={search_term_string}\",\"query-input\":\"required name=search_term_string\"}],\"inLanguage\":\"pt-BR\"},{\"@type\":\"ImageObject\",\"@id\":\"https:\/\/tribunadapraia.com.br\/?p=1153#primaryimage\",\"inLanguage\":\"pt-BR\",\"url\":\"https:\/\/tribunadapraia.com.br\/wp-content\/uploads\/2020\/04\/IMG-20200414-WA0090.jpg\",\"contentUrl\":\"https:\/\/tribunadapraia.com.br\/wp-content\/uploads\/2020\/04\/IMG-20200414-WA0090.jpg\",\"width\":924,\"height\":1280},{\"@type\":\"WebPage\",\"@id\":\"https:\/\/tribunadapraia.com.br\/?p=1153#webpage\",\"url\":\"https:\/\/tribunadapraia.com.br\/?p=1153\",\"name\":\"O BRASIL, A COVID-19 E A FILOSOFIA IGNORANTE - TRIBUNA DA PRAIA\",\"isPartOf\":{\"@id\":\"https:\/\/tribunadapraia.com.br\/#website\"},\"primaryImageOfPage\":{\"@id\":\"https:\/\/tribunadapraia.com.br\/?p=1153#primaryimage\"},\"datePublished\":\"2020-04-14T14:32:15+00:00\",\"dateModified\":\"2020-04-14T14:32:15+00:00\",\"breadcrumb\":{\"@id\":\"https:\/\/tribunadapraia.com.br\/?p=1153#breadcrumb\"},\"inLanguage\":\"pt-BR\",\"potentialAction\":[{\"@type\":\"ReadAction\",\"target\":[\"https:\/\/tribunadapraia.com.br\/?p=1153\"]}]},{\"@type\":\"BreadcrumbList\",\"@id\":\"https:\/\/tribunadapraia.com.br\/?p=1153#breadcrumb\",\"itemListElement\":[{\"@type\":\"ListItem\",\"position\":1,\"item\":{\"@type\":\"WebPage\",\"@id\":\"https:\/\/tribunadapraia.com.br\/\",\"url\":\"https:\/\/tribunadapraia.com.br\/\",\"name\":\"In\\u00edcio\"}},{\"@type\":\"ListItem\",\"position\":2,\"item\":{\"@id\":\"https:\/\/tribunadapraia.com.br\/?p=1153#webpage\"}}]},{\"@type\":\"Article\",\"@id\":\"https:\/\/tribunadapraia.com.br\/?p=1153#article\",\"isPartOf\":{\"@id\":\"https:\/\/tribunadapraia.com.br\/?p=1153#webpage\"},\"author\":{\"@id\":\"https:\/\/tribunadapraia.com.br\/#\/schema\/person\/099fbbf59acc5895c0d7d52b4fc46c97\"},\"headline\":\"O BRASIL, A COVID-19 E A FILOSOFIA IGNORANTE\",\"datePublished\":\"2020-04-14T14:32:15+00:00\",\"dateModified\":\"2020-04-14T14:32:15+00:00\",\"mainEntityOfPage\":{\"@id\":\"https:\/\/tribunadapraia.com.br\/?p=1153#webpage\"},\"wordCount\":1084,\"commentCount\":0,\"publisher\":{\"@id\":\"https:\/\/tribunadapraia.com.br\/#organization\"},\"image\":{\"@id\":\"https:\/\/tribunadapraia.com.br\/?p=1153#primaryimage\"},\"thumbnailUrl\":\"https:\/\/tribunadapraia.com.br\/wp-content\/uploads\/2020\/04\/IMG-20200414-WA0090.jpg\",\"articleSection\":[\"Not\\u00edcias\"],\"inLanguage\":\"pt-BR\",\"potentialAction\":[{\"@type\":\"CommentAction\",\"name\":\"Comment\",\"target\":[\"https:\/\/tribunadapraia.com.br\/?p=1153#respond\"]}]},{\"@type\":\"Person\",\"@id\":\"https:\/\/tribunadapraia.com.br\/#\/schema\/person\/099fbbf59acc5895c0d7d52b4fc46c97\",\"name\":\"Reda\\u00e7\\u00e3o\",\"image\":{\"@type\":\"ImageObject\",\"@id\":\"https:\/\/tribunadapraia.com.br\/#personlogo\",\"inLanguage\":\"pt-BR\",\"url\":\"https:\/\/secure.gravatar.com\/avatar\/91c8b91d2bfd7784eac5c3e055361f64?s=96&d=identicon&r=g\",\"contentUrl\":\"https:\/\/secure.gravatar.com\/avatar\/91c8b91d2bfd7784eac5c3e055361f64?s=96&d=identicon&r=g\",\"caption\":\"Reda\\u00e7\\u00e3o\"}}]}<\/script>\n<!-- \/ Yoast SEO plugin. -->","wps_subtitle":"","_links":{"self":[{"href":"https:\/\/tribunadapraia.com.br\/index.php?rest_route=\/wp\/v2\/posts\/1153"}],"collection":[{"href":"https:\/\/tribunadapraia.com.br\/index.php?rest_route=\/wp\/v2\/posts"}],"about":[{"href":"https:\/\/tribunadapraia.com.br\/index.php?rest_route=\/wp\/v2\/types\/post"}],"author":[{"embeddable":true,"href":"https:\/\/tribunadapraia.com.br\/index.php?rest_route=\/wp\/v2\/users\/3"}],"replies":[{"embeddable":true,"href":"https:\/\/tribunadapraia.com.br\/index.php?rest_route=%2Fwp%2Fv2%2Fcomments&post=1153"}],"version-history":[{"count":1,"href":"https:\/\/tribunadapraia.com.br\/index.php?rest_route=\/wp\/v2\/posts\/1153\/revisions"}],"predecessor-version":[{"id":1155,"href":"https:\/\/tribunadapraia.com.br\/index.php?rest_route=\/wp\/v2\/posts\/1153\/revisions\/1155"}],"wp:featuredmedia":[{"embeddable":true,"href":"https:\/\/tribunadapraia.com.br\/index.php?rest_route=\/wp\/v2\/media\/1154"}],"wp:attachment":[{"href":"https:\/\/tribunadapraia.com.br\/index.php?rest_route=%2Fwp%2Fv2%2Fmedia&parent=1153"}],"wp:term":[{"taxonomy":"category","embeddable":true,"href":"https:\/\/tribunadapraia.com.br\/index.php?rest_route=%2Fwp%2Fv2%2Fcategories&post=1153"},{"taxonomy":"post_tag","embeddable":true,"href":"https:\/\/tribunadapraia.com.br\/index.php?rest_route=%2Fwp%2Fv2%2Ftags&post=1153"}],"curies":[{"name":"wp","href":"https:\/\/api.w.org\/{rel}","templated":true}]}}