{"id":1150,"date":"2020-04-14T10:59:04","date_gmt":"2020-04-14T13:59:04","guid":{"rendered":"https:\/\/tribunadapraia.com.br\/?p=1150"},"modified":"2020-04-14T10:59:43","modified_gmt":"2020-04-14T13:59:43","slug":"eu-sou-o-messias-talkay","status":"publish","type":"post","link":"https:\/\/tribunadapraia.com.br\/?p=1150","title":{"rendered":"EU SOU O MESSIAS! &#8220;TALKAY&#8221;!"},"content":{"rendered":"<p>Na B\u00edblia, mais exatamente no Antigo Testamento, Messias, representa aquele que \u00e9 ungido, uma esp\u00e9cie de Salvador enviado por Deus, destinado \u00e0 Terra para salvar a humanidade desviada, resgatar, ou, no m\u00ednimo, mudar o mundo para melhor. A un\u00e7\u00e3o podemos caracterizar como uma forma de consagra\u00e7\u00e3o de uma pessoa ou objeto para fins sagrados, por conseguinte, todas aquelas pessoas que fossem consagradas, ungidas, seriam identificadas simbolicamente como pessoas dedicadas \u00e0s causas especias, a saber, as causas sagradas, divinas.<\/p>\n<p>Na mesma toada do texto sagrado, o Messias vir\u00e1 sem avisar, quando menos esperarmos eis que ele surgir\u00e1\u00b9, n\u00e3o haver\u00e1 avisos nem sinais de alerta. As semelhan\u00e7as do texto sagrado com o contexto recente da pol\u00edtica nacional faz surgir um sentimento recorrente na popula\u00e7\u00e3o brasileira, qual seja, que ir\u00e1 surgir um salvador da p\u00e1tria, algu\u00e9m com superpoderes e capaz de resolver os problemas seculares [hist\u00f3ricos] da na\u00e7\u00e3o. Ali\u00e1s, o Brasil re\u00fane vasta experi\u00eancia em criar salvadores da p\u00e1tria, queria entender o porqu\u00ea deste sentimento nacional, mas acredito que nem Ren\u00ea Girard\u00b2 conseguiria explicar tal fen\u00f4meno social. S\u00f3 para citar os exemplos mais vivos em minha lembran\u00e7a, que v\u00e3o do Brasil Colonial ao Brasil Contempor\u00e2neo, temos: Tiradentes, Zumbi dos Palmares; Dom Pedro I, Duque de Caxias, Get\u00falio Vargas, Lula e agora, Jair, &#8220;\u00d4 Messias&#8221;.<\/p>\n<p>Sutil \u00e9 a forma como nossos her\u00f3is s\u00e3o mortos, f\u00edsica e simbolicamente, apenas para se ater aos fatos mais recentes, a transi\u00e7\u00e3o de um her\u00f3i para outro se dar em tom de canibalismo, isso mesmo, levamos ao exterm\u00ednio o her\u00f3i que se converte em culpado e damos vida ao novo her\u00f3i em meio as cinzas do antigo. Uma esp\u00e9cie de pode expiat\u00f3rio\u00b3. Temos que matar o her\u00f3i que se tornou causa do problema nacional &#8211; no caso do Brasil, o problema \u00e9 a corrup\u00e7\u00e3o &#8220;apenas&#8221; do PT e em especial de LULA, o anti-her\u00f3i &#8211; para extirpar o mal, o bode expiat\u00f3rio \u00e9 a oferta para acalmar os deus, ou seja, tornando mais evidente, \u00e9 a oferta para acalmar nossa elite do atraso4, que ap\u00f3s saciados, criam novos apetites, criam a necessidade de um novo her\u00f3i, e eis que surge Messias, conhecido pela alcunha de &#8220;Mito&#8221;.<\/p>\n<p>Faz um tempo, que tenho evitado os di\u00e1logos de cunho pol\u00edtico, n\u00e3o por desinteresse ao tema e sim pela polariza\u00e7\u00e3o cristalizada entre as pessoas, que se prop\u00f5e a fazer cr\u00edticas [deveria ser a capacidade de fazer julgamentos alicer\u00e7ados em crit\u00e9rios, mas na pr\u00e1tica \u00e9 o oposto] aos partidos pol\u00edticos ou governos. Contudo, arriscarei emitir alguns coment\u00e1rios sobre o governo atual, alimentado pela certeza, que os amigos leitores contra-argumentar\u00e3o com civilidade e sem arranh\u00f5es.<\/p>\n<p>O presidente atual tem como ap\u00eandice, Messias, no nome e na simbologia popular [ao menos de parte do eleitorado p\u00e1trio], pois o fen\u00f4meno que o catapultou a cadeira maior do Planalto se assemelha e muito ao salvador descrito no in\u00edcio desse texto. N\u00e3o faz muito tempo era um an\u00f4nimo, a n\u00edvel de pa\u00eds, surgiu de modo inesperado e erguendo uma bandeira vibrante do moralismo pol\u00edtico e de convers\u00e3o das &#8220;almas pecadoras&#8221; que habitam o Congresso Nacional, ou seja, era o consagrado, o resolvedor das causas maiores que acometem todas as mazelas do Brasil e, como dito em par\u00e1grafo anterior, surgiu em meio a decapita\u00e7\u00e3o do her\u00f3i nacional, LULA, o pode expiat\u00f3rio. A quest\u00e3o \u00e9 que o sacrif\u00edcio do pol\u00edtico do PT n\u00e3o resolveu os problemas de origem, apenas atenuou a euforia dos &#8220;judeus a gritarem, crucifica-o!&#8221;, calma, n\u00e3o quero comparar Lula ao Cristo, fa\u00e7o apenas uma analogia bem humorada ao povo brasileiro.<\/p>\n<p>Quero, aqui, alertar o nobre leitor, pol\u00edtica n\u00e3o se discute nem se analisa com paix\u00e3o e sim com sentimento de republicanismo, do contr\u00e1rio, estaremos fadados a p\u00f4r vendas em nossos pr\u00f3prios olhos, e n\u00e3o muito distante, trope\u00e7aremos ou cairemos no abismo da nossa ignor\u00e2ncia. E como diz, Barack Obama, &#8220;tanto na pol\u00edtica como na vida, a ignor\u00e2ncia n\u00e3o \u00e9 uma virtude&#8221;5. Vamos aos fatos, \u00e0 luz da verdade, todos os presidentes possuem contribui\u00e7\u00f5es ao pa\u00eds, at\u00e9 aqueles mais taxados de \u00edmprobos tem servi\u00e7os prestados, basta procurar com zelo e imparcialidade, com o Bolsonaro n\u00e3o ser\u00e1 diferente, ao final da sua delega\u00e7\u00e3o certamente haver\u00e1 de se encontrar aspectos positivos, mesmo porque, seria uma deselegante injusti\u00e7a com um homem que tem Messias no nome. Afinal, se at\u00e9 Hitler6 tem aspectos positivos no governo, basta analisar o crescimento econ\u00f4mico vivido na Alemanha nos anos do seu governo e a forma como a ind\u00fastria b\u00e9lica resolveu a problem\u00e1tica social, desemprego e baixo crescimento da economia. Imagino o que o leitor deve estar imaginando, p\u00e9ssimo exemplo, sei que soa como algo do tipo, corta-se a \u00e1rvore para comer o fruto, contudo meu esfor\u00e7o \u00e9 para mostrar que aspectos positivos existem em todos.<\/p>\n<p>Vamos afastar algumas conjecturas. Ser\u00e1 que Bolsonaro vai atacar duramente a corrup\u00e7\u00e3o no pa\u00eds? Vai empunhar a espada da justi\u00e7a e cortar a cabe\u00e7a do drag\u00e3o feito S\u00e3o Jorge na Lua? Sejamos honestos, n\u00e3o h\u00e1 um m\u00ednimo de possibilidade dele abalar a doen\u00e7a nacional, o c\u00e2ncer do Brasil, como diz Marco Ruffo7. Afinal, estamos falando de um monstro artificial criado desde a domina\u00e7\u00e3o portuguesa at\u00e9 os dias atuais. O Brasil desde seus prim\u00f3rdios deu vida e tem alimentado o mostro do &#8220;jeitinho&#8221;, das afinidades, das promo\u00e7\u00f5es por parentescos e simpatias, e, o pr\u00f3prio presidente tem dado sinais de cansa\u00e7o ao desviar das chamas do drag\u00e3o, n\u00e3o acredito que vai venc\u00ea-lo em quatro anos, inclusive, n\u00e3o afastou esses caprichos do pr\u00f3prio governo, qui\u00e7\u00e1, tenha o alimentado em demasia, fortalecendo-o.<\/p>\n<p>O sucesso de um governo n\u00e3o adv\u00e9m de milagres, de salvadores da p\u00e1tria, n\u00e3o nasce da nega\u00e7\u00e3o dos feitos dos presidentes anteriores, n\u00e3o brota de acusa\u00e7\u00f5es alheias e sim das conquistas progressistas, dos avan\u00e7os t\u00edmidos e consistentes, mas de impacto para o crescimento da na\u00e7\u00e3o. E, sejamos francos, esses avan\u00e7os n\u00e3o s\u00e3o frutos do acaso, como diz o Capit\u00e3o Nascimento8, nunca ser\u00e3o! Jamais ser\u00e3o! Como \u00e9 o caso do governo atual, que poder\u00edamos chamar de &#8220;aborto moment\u00e2neo&#8221; [express\u00e3o cunhada por mim]. Explico melhor, o presidente atual n\u00e3o \u00e9 resultado de uma trajet\u00f3ria racional, de um planejamento de grupo ou de um partido, talvez, a melhor explica\u00e7\u00e3o para a chegada do presidente a rampa dos minist\u00e9rios seja o desvio de rota n\u00e3o previsto no plano arquitetado pelo bloco hegem\u00f4nico no poder9. Atentem para a mentalidade de sucessivas tentativas e erros do presidente, v\u00e1rios ministros designados aos postos de comando, frustrados em poucos dias, meses&#8230; o desalinho recorrente dos discursos do presidente e de seus ministros. Estamos diante mais de um general \u00e0 frente de um regimento, que de um comandante planejando as batalhas sucessivas de uma guerra; ouve-se mais gritos de, SENTIDO! Que sussurros estrat\u00e9gicos.<\/p>\n<p>Sem querer desestimular os sequazes do presidente Bolsonaro, mas vale ressaltar, que o presidente det\u00e9m o governo, a caneta bic azul, por\u00e9m n\u00e3o tem nem migalhas do poder, e, caro amigo, sem o poder nada se faz. Chegou \u00e0 presid\u00eancia feito um meteoro que caiu, feito leite que transborda ao ferver [r\u00e1pido demais], sem que houvesse tempo necess\u00e1rio para esbo\u00e7ar sequer um plano de governo, acredito que n\u00e3o houve tempo nem para um plano de a\u00e7\u00e3o. Ouso comparar a gest\u00e3o da na\u00e7\u00e3o \u00e0 gest\u00e3o de uma empresa, claro que respeitadas as propor\u00e7\u00f5es, e destaco que as empresas n\u00e3o nascem do tamanho que s\u00e3o, elas v\u00e3o crescendo com o tempo, com muito trabalho e esfor\u00e7o, sendo direto, h\u00e1 tempo para os gestores entenderem que precisam de investimentos em tecnologia, capacita\u00e7\u00e3o de pessoal [inclusive, como resultado de sele\u00e7\u00e3o e recrutamento cada vez mais rigorosos], melhoria na log\u00edstica, rela\u00e7\u00f5es e parcerias com fornecedores, investimento em marketing, planejamento estrat\u00e9gico, organiza\u00e7\u00e3o, dire\u00e7\u00e3o e controle, equipes capazes de perceber as mudan\u00e7as nas prefer\u00eancias, valores e comportamentos dos consumidores&#8230; ufa!<\/p>\n<p>Olhando para o quadro comparativo acima, podemos notar que n\u00e3o dar para uma administra\u00e7\u00e3o familiar [pura semelhan\u00e7a com o governo federal] assumir o comando de uma grande corpora\u00e7\u00e3o de forma inesperada e acreditar que ela possa prosperar, o mais prov\u00e1vel \u00e9 que siga ladeira abaixo. Aqui reside apenas uma opini\u00e3o, pois n\u00e3o sou analista econ\u00f4mico nem cientista pol\u00edtico, na verdade, tor\u00e7o genuinamente com um misto de f\u00e9 e realismo, que, l\u00e1 no final, esteja totalmente errado. Desejo veementemente que Bolsonaro d\u00ea certo, pois quem ganha \u00e9 o povo desta na\u00e7\u00e3o. Por fim, meu endosso \u00faltimo, quero mesmo \u00e9 ser surpreendido em minha an\u00e1lise, pois do contr\u00e1rio, vou dar minha m\u00e3o \u00e0 palmat\u00f3ria e reconhecer que nosso Bolsonaro \u00e9 verdadeiramente o Messias ou, no m\u00ednimo, estar\u00edamos diante de uma esp\u00e9cie de Francis Underwood10 \u00e0 brasileira. Apesar da performance do presidente, at\u00e9 o presente, mais se assemelhar a Pr\u00edapo\u00b9\u00b9, nosso anti-her\u00f3i.<br \/>\n_____<br \/>\nJos\u00e9 Ailton Santos | Olhar Panoptico<\/p>\n","protected":false},"excerpt":{"rendered":"<p>Na B\u00edblia, mais exatamente no Antigo Testamento, Messias, representa aquele que \u00e9 ungido, uma esp\u00e9cie de Salvador enviado por Deus, destinado \u00e0 Terra para salvar a humanidade desviada, resgatar, ou, no m\u00ednimo, mudar o mundo para melhor. A un\u00e7\u00e3o podemos caracterizar como uma forma de consagra\u00e7\u00e3o de uma pessoa ou objeto para fins sagrados, por conseguinte, todas aquelas pessoas que fossem consagradas, ungidas, seriam identificadas simbolicamente como pessoas dedicadas \u00e0s<\/p>\n","protected":false},"author":1,"featured_media":1151,"comment_status":"open","ping_status":"open","sticky":false,"template":"","format":"standard","meta":[],"categories":[18],"tags":[],"yoast_head":"<!-- This site is optimized with the Yoast SEO plugin v16.3 - https:\/\/yoast.com\/wordpress\/plugins\/seo\/ -->\n<title>EU SOU O MESSIAS! &quot;TALKAY&quot;! - TRIBUNA DA PRAIA<\/title>\n<meta name=\"robots\" content=\"index, follow, max-snippet:-1, max-image-preview:large, max-video-preview:-1\" \/>\n<link rel=\"canonical\" href=\"https:\/\/tribunadapraia.com.br\/?p=1150\" \/>\n<meta property=\"og:locale\" content=\"pt_BR\" \/>\n<meta property=\"og:type\" content=\"article\" \/>\n<meta property=\"og:title\" content=\"EU SOU O MESSIAS! &quot;TALKAY&quot;! - TRIBUNA DA PRAIA\" \/>\n<meta property=\"og:description\" content=\"Na B\u00edblia, mais exatamente no Antigo Testamento, Messias, representa aquele que \u00e9 ungido, uma esp\u00e9cie de Salvador enviado por Deus, destinado \u00e0 Terra para salvar a humanidade desviada, resgatar, ou, no m\u00ednimo, mudar o mundo para melhor. A un\u00e7\u00e3o podemos caracterizar como uma forma de consagra\u00e7\u00e3o de uma pessoa ou objeto para fins sagrados, por conseguinte, todas aquelas pessoas que fossem consagradas, ungidas, seriam identificadas simbolicamente como pessoas dedicadas \u00e0s\" \/>\n<meta property=\"og:url\" content=\"https:\/\/tribunadapraia.com.br\/?p=1150\" \/>\n<meta property=\"og:site_name\" content=\"TRIBUNA DA PRAIA\" \/>\n<meta property=\"article:publisher\" content=\"https:\/\/www.facebook.com\/tribunadapraiaonline\/\" \/>\n<meta property=\"article:published_time\" content=\"2020-04-14T13:59:04+00:00\" \/>\n<meta property=\"article:modified_time\" content=\"2020-04-14T13:59:43+00:00\" \/>\n<meta property=\"og:image\" content=\"https:\/\/tribunadapraia.com.br\/wp-content\/uploads\/2020\/04\/IMG-20200414-WA0086.jpg\" \/>\n\t<meta property=\"og:image:width\" content=\"640\" \/>\n\t<meta property=\"og:image:height\" content=\"378\" \/>\n<meta name=\"twitter:card\" content=\"summary_large_image\" \/>\n<meta name=\"twitter:creator\" content=\"@Claudomir21\" \/>\n<meta name=\"twitter:site\" content=\"@Claudomir21\" \/>\n<meta name=\"twitter:label1\" content=\"Est. tempo de leitura\">\n\t<meta name=\"twitter:data1\" content=\"8 minutos\">\n<script type=\"application\/ld+json\" class=\"yoast-schema-graph\">{\"@context\":\"https:\/\/schema.org\",\"@graph\":[{\"@type\":\"Organization\",\"@id\":\"https:\/\/tribunadapraia.com.br\/#organization\",\"name\":\"Tribuna da Praia\",\"url\":\"https:\/\/tribunadapraia.com.br\/\",\"sameAs\":[\"https:\/\/www.facebook.com\/tribunadapraiaonline\/\",\"https:\/\/www.instagram.com\/claudomirtavares\/\",\"https:\/\/www.youtube.com\/channel\/UCwQf80nxiMzCefAyjbp53Rw\",\"https:\/\/twitter.com\/Claudomir21\"],\"logo\":{\"@type\":\"ImageObject\",\"@id\":\"https:\/\/tribunadapraia.com.br\/#logo\",\"inLanguage\":\"pt-BR\",\"url\":\"https:\/\/tribunadapraia.com.br\/wp-content\/uploads\/2020\/02\/logo.png\",\"contentUrl\":\"https:\/\/tribunadapraia.com.br\/wp-content\/uploads\/2020\/02\/logo.png\",\"width\":501,\"height\":121,\"caption\":\"Tribuna da Praia\"},\"image\":{\"@id\":\"https:\/\/tribunadapraia.com.br\/#logo\"}},{\"@type\":\"WebSite\",\"@id\":\"https:\/\/tribunadapraia.com.br\/#website\",\"url\":\"https:\/\/tribunadapraia.com.br\/\",\"name\":\"TRIBUNA DA PRAIA\",\"description\":\"O 1\\u00ba jornal do interior de Sergipe na internet\",\"publisher\":{\"@id\":\"https:\/\/tribunadapraia.com.br\/#organization\"},\"potentialAction\":[{\"@type\":\"SearchAction\",\"target\":\"https:\/\/tribunadapraia.com.br\/?s={search_term_string}\",\"query-input\":\"required name=search_term_string\"}],\"inLanguage\":\"pt-BR\"},{\"@type\":\"ImageObject\",\"@id\":\"https:\/\/tribunadapraia.com.br\/?p=1150#primaryimage\",\"inLanguage\":\"pt-BR\",\"url\":\"https:\/\/tribunadapraia.com.br\/wp-content\/uploads\/2020\/04\/IMG-20200414-WA0086.jpg\",\"contentUrl\":\"https:\/\/tribunadapraia.com.br\/wp-content\/uploads\/2020\/04\/IMG-20200414-WA0086.jpg\",\"width\":640,\"height\":378},{\"@type\":\"WebPage\",\"@id\":\"https:\/\/tribunadapraia.com.br\/?p=1150#webpage\",\"url\":\"https:\/\/tribunadapraia.com.br\/?p=1150\",\"name\":\"EU SOU O MESSIAS! \\\"TALKAY\\\"! - TRIBUNA DA PRAIA\",\"isPartOf\":{\"@id\":\"https:\/\/tribunadapraia.com.br\/#website\"},\"primaryImageOfPage\":{\"@id\":\"https:\/\/tribunadapraia.com.br\/?p=1150#primaryimage\"},\"datePublished\":\"2020-04-14T13:59:04+00:00\",\"dateModified\":\"2020-04-14T13:59:43+00:00\",\"breadcrumb\":{\"@id\":\"https:\/\/tribunadapraia.com.br\/?p=1150#breadcrumb\"},\"inLanguage\":\"pt-BR\",\"potentialAction\":[{\"@type\":\"ReadAction\",\"target\":[\"https:\/\/tribunadapraia.com.br\/?p=1150\"]}]},{\"@type\":\"BreadcrumbList\",\"@id\":\"https:\/\/tribunadapraia.com.br\/?p=1150#breadcrumb\",\"itemListElement\":[{\"@type\":\"ListItem\",\"position\":1,\"item\":{\"@type\":\"WebPage\",\"@id\":\"https:\/\/tribunadapraia.com.br\/\",\"url\":\"https:\/\/tribunadapraia.com.br\/\",\"name\":\"In\\u00edcio\"}},{\"@type\":\"ListItem\",\"position\":2,\"item\":{\"@id\":\"https:\/\/tribunadapraia.com.br\/?p=1150#webpage\"}}]},{\"@type\":\"Article\",\"@id\":\"https:\/\/tribunadapraia.com.br\/?p=1150#article\",\"isPartOf\":{\"@id\":\"https:\/\/tribunadapraia.com.br\/?p=1150#webpage\"},\"author\":{\"@id\":\"https:\/\/tribunadapraia.com.br\/#\/schema\/person\/326b0a9f3163b479142c64eba4928de0\"},\"headline\":\"EU SOU O MESSIAS! &#8220;TALKAY&#8221;!\",\"datePublished\":\"2020-04-14T13:59:04+00:00\",\"dateModified\":\"2020-04-14T13:59:43+00:00\",\"mainEntityOfPage\":{\"@id\":\"https:\/\/tribunadapraia.com.br\/?p=1150#webpage\"},\"wordCount\":1598,\"commentCount\":0,\"publisher\":{\"@id\":\"https:\/\/tribunadapraia.com.br\/#organization\"},\"image\":{\"@id\":\"https:\/\/tribunadapraia.com.br\/?p=1150#primaryimage\"},\"thumbnailUrl\":\"https:\/\/tribunadapraia.com.br\/wp-content\/uploads\/2020\/04\/IMG-20200414-WA0086.jpg\",\"articleSection\":[\"Not\\u00edcias\"],\"inLanguage\":\"pt-BR\",\"potentialAction\":[{\"@type\":\"CommentAction\",\"name\":\"Comment\",\"target\":[\"https:\/\/tribunadapraia.com.br\/?p=1150#respond\"]}]},{\"@type\":\"Person\",\"@id\":\"https:\/\/tribunadapraia.com.br\/#\/schema\/person\/326b0a9f3163b479142c64eba4928de0\",\"name\":\"tribunadapraia\",\"image\":{\"@type\":\"ImageObject\",\"@id\":\"https:\/\/tribunadapraia.com.br\/#personlogo\",\"inLanguage\":\"pt-BR\",\"url\":\"https:\/\/secure.gravatar.com\/avatar\/38b019c74762496076b7355024a0dad9?s=96&d=identicon&r=g\",\"contentUrl\":\"https:\/\/secure.gravatar.com\/avatar\/38b019c74762496076b7355024a0dad9?s=96&d=identicon&r=g\",\"caption\":\"tribunadapraia\"}}]}<\/script>\n<!-- \/ Yoast SEO plugin. -->","wps_subtitle":"","_links":{"self":[{"href":"https:\/\/tribunadapraia.com.br\/index.php?rest_route=\/wp\/v2\/posts\/1150"}],"collection":[{"href":"https:\/\/tribunadapraia.com.br\/index.php?rest_route=\/wp\/v2\/posts"}],"about":[{"href":"https:\/\/tribunadapraia.com.br\/index.php?rest_route=\/wp\/v2\/types\/post"}],"author":[{"embeddable":true,"href":"https:\/\/tribunadapraia.com.br\/index.php?rest_route=\/wp\/v2\/users\/1"}],"replies":[{"embeddable":true,"href":"https:\/\/tribunadapraia.com.br\/index.php?rest_route=%2Fwp%2Fv2%2Fcomments&post=1150"}],"version-history":[{"count":1,"href":"https:\/\/tribunadapraia.com.br\/index.php?rest_route=\/wp\/v2\/posts\/1150\/revisions"}],"predecessor-version":[{"id":1152,"href":"https:\/\/tribunadapraia.com.br\/index.php?rest_route=\/wp\/v2\/posts\/1150\/revisions\/1152"}],"wp:featuredmedia":[{"embeddable":true,"href":"https:\/\/tribunadapraia.com.br\/index.php?rest_route=\/wp\/v2\/media\/1151"}],"wp:attachment":[{"href":"https:\/\/tribunadapraia.com.br\/index.php?rest_route=%2Fwp%2Fv2%2Fmedia&parent=1150"}],"wp:term":[{"taxonomy":"category","embeddable":true,"href":"https:\/\/tribunadapraia.com.br\/index.php?rest_route=%2Fwp%2Fv2%2Fcategories&post=1150"},{"taxonomy":"post_tag","embeddable":true,"href":"https:\/\/tribunadapraia.com.br\/index.php?rest_route=%2Fwp%2Fv2%2Ftags&post=1150"}],"curies":[{"name":"wp","href":"https:\/\/api.w.org\/{rel}","templated":true}]}}