{"id":1134,"date":"2020-04-12T12:06:46","date_gmt":"2020-04-12T15:06:46","guid":{"rendered":"https:\/\/tribunadapraia.com.br\/?p=1134"},"modified":"2020-04-12T12:13:56","modified_gmt":"2020-04-12T15:13:56","slug":"entrevista-oliveira-neto-uma-voz-atraves-da-qual-ecoa-as-comunidades-rurais-de-propria-no-baixo-sao-francisco","status":"publish","type":"post","link":"https:\/\/tribunadapraia.com.br\/?p=1134","title":{"rendered":"ENTREVISTA: Oliveira Neto, uma voz atrav\u00e9s da qual ecoa \u00e0s comunidades rurais de Propri\u00e1 no Baixo S\u00e3o Francisco"},"content":{"rendered":"<p>Jo\u00e3o Francisco Oliveira Neto (38 anos) \u00e9 uma das mais aut\u00eanticas lideran\u00e7as e leg\u00edtimas express\u00f5es populares de Propri\u00e1, com reconhecimento em todo o Baixo S\u00e3o Francisco. Radialista comunit\u00e1rio, apresenta na R\u00e1dio PROPRI\u00c1 104,9 FM os programas Plant\u00e3o Esportivo e Sabad\u00e3o do Brega, l\u00edderes de audi\u00eancia nos hor\u00e1rios. Ativo nas redes sociais, mant\u00e9m uma das mais acessadas p\u00e1ginas, a Tribuna de S\u00e3o Miguel, com conte\u00fado voltado e focado preferencialmente para \u00e0s comunidades rurais. Com forte vincula\u00e7\u00e3o pol\u00edtica \u00e0s causas dos mais humildes, defendendo bandeiras de inclus\u00e3o da juventude por meio do esporte, da cultura e da educa\u00e7\u00e3o, Oliveira Neto est\u00e1 filiado ao Republicanos, pelo qual \u00e9 pr\u00e9-candidato a vereador, numa competitiva chapa proporcional composta por 11 homens e 6 mulheres. Nesta entrevista exclusiva concedida a Claudomir Tavares e Ant\u00f4nio Madeira, Oliveira Neto faz um balan\u00e7o do momento pol\u00edtico, dos principais gargalos e problemas enfrentados pelas comunidades, da omiss\u00e3o da chamada classe pol\u00edtica e das propostas que teria para atender aos reclames dos povoados. Defensor de uma nova pol\u00edtica, sem conchavos, onde o objetivo seja o desenvolvimento do nosso munic\u00edpio, sobretudo gera\u00e7\u00e3o de emprego, este \u00e9 o Oliveira Neto que abre a s\u00e9rie de entrevistas do 1\u00b0 jornal do interior de Sergipe na internet.<\/p>\n<p>TRIBUNAL DA PRAIA &#8211; Estamos em um ano eleitoral, quando ser\u00e3o eleitos os novos prefeitos, vice-prefeitos e vereadores e neste sentido, como voc\u00ea qualifica a import\u00e2ncia desse momento para o exerc\u00edcio da cidadania, para a democracia?<\/p>\n<p>OLIVEIRA NETO &#8211; N\u00f3s estamos nos aproximando de um momento muito importante, momento este que vai, diretamente, direcionar Propri\u00e1 nos pr\u00f3ximos 4 anos. Propri\u00e1 n\u00e3o pode mais ficar \u00e0 merc\u00ea de um prefeito incompetente e p\u00e9ssimos parlamentares, que fazem da vida p\u00fablica uma profiss\u00e3o e usa a pol\u00edtica em benef\u00edcio pr\u00f3prio e muitas vezes de forma ilegal e cometendo crimes. \u00d3bvio que n\u00e3o s\u00e3o todos, mas quem acompanha o dia a dia da C\u00e2mara de Vereadores, sabe de tudo que acontece naquela casa, inclusive nos bastidores. Dessa vez, o povo, bem mais informado, vai efetuar uma mudan\u00e7a positiva no parlamento e no executivo. \u00c9 esse o meu desejo, acredito que o povo far\u00e1 a diferen\u00e7a.<\/p>\n<p>\u25a0 Propri\u00e1 n\u00e3o pode mais ficar \u00e0 merc\u00ea de um prefeito incompetente<\/p>\n<p>TRIBUNA &#8211; Diferente das elei\u00e7\u00f5es anteriores, este ano n\u00e3o ser\u00e3o permitidas \u00e0s coliga\u00e7\u00f5es proporcionais, inibindo tamb\u00e9m a exist\u00eancia das siglas de alugu\u00e9is nos munic\u00edpios, assim, voc\u00ea tem qual entendimento desta nova configura\u00e7\u00e3o?<\/p>\n<p>OLIVEIRA &#8211; Essa mudan\u00e7a reduz o n\u00famero de partidos que disputar\u00e3o cadeiras no legislativo, bem como obriga o comprometimento dos pr\u00e9 candidatos mais cedo com seus grupos, e vice versa, de um lado \u00e9 bom, pois direciona um avan\u00e7o na pol\u00edtica, em termo de organiza\u00e7\u00e3o, por\u00e9m, fragiliza partidos menores, devido a dificuldade de formar grupos com capacidade de competir, em Propri\u00e1, no pr\u00f3ximo pleito, teremos uns dois exemplos.<\/p>\n<p>TP &#8211; Voc\u00ea \u00e9 um cidad\u00e3o que no r\u00e1dio e nas redes sociais tem dado eco as demandas das comunidades rurais, a exemplo do Coit\u00e9, S\u00e3o Miguel, Pau da Marreca, Boa Esperan\u00e7a, Alemanha, Santa Cruz, S\u00e3o Vicente e Brejo do Cajueiro. Estas e outras comunidades que voc\u00ea pode cit\u00e1-las, est\u00e3o fora do raio de alcance do poder p\u00fablico?<\/p>\n<p>ON &#8211; Na verdade, quem vive na zona rural de Propri\u00e1, sente abandonados, todos os povoados apresentam problemas que \u00e9 de compet\u00eancia do poder p\u00fablico est\u00e1 resolvendo, muitos destes problemas s\u00e3o simples de serem solucionados, falta boa vontade, compet\u00eancia e empatia do gestor, bem como falta de fiscaliza\u00e7\u00e3o e cobran\u00e7as por parte do legislativo, quando cito o legislativo, evidentemente n\u00e3o s\u00e3o todos, n\u00f3s sabemos quem est\u00e1 l\u00e1 pensando em desenvolver sua fun\u00e7\u00e3o \u00e9 quem est\u00e1 s\u00f3 pensando em reelei\u00e7\u00e3o, dinheiro e &#8220;poder&#8221;. N\u00e3o vou elencar aqui todos os problemas de cada povoado, por\u00e9m, o Coit\u00e9 tem o problema cr\u00f4nico da falta de saneamento b\u00e1sico e ilumina\u00e7\u00e3o p\u00fablica, O Brejo dos Cajueiros, embora seja territ\u00f3rio de Propri\u00e1, Japoat\u00e3 e principalmente S\u00e3o Francisco prestam mais servi\u00e7o que nosso munic\u00edpio, S\u00e3o Miguel vive abandonado, viol\u00eancia crescente, vias deterioradas e pra\u00e7as sucateadas, Boa Esperan\u00e7a em breve pode ficar sem condi\u00e7\u00f5es de tr\u00e1fego e esgotos e fezes escorrendo nas ruas, Santa Cruz a mesma coisa, al\u00e9m da viol\u00eancia e falta de ilumina\u00e7\u00e3o p\u00fablica, S\u00e3o Vicente muitos problemas de saneamento b\u00e1sico e Ilumina\u00e7\u00e3o p\u00fablica tamb\u00e9m. O Assentamento Padre C\u00edcero, tamb\u00e9m conhecido como povoado Pantanal, apresenta v\u00e1rios problemas, desde um po\u00e7o artesiano que deveria t\u00e1 fornecendo \u00e1gua e n\u00e3o foi conclu\u00eddo, segundo os moradores verbas foram destinadas, a falta de investimento do munic\u00edpio na agricultora familiar, tendo em vista que, em se tratando de assentamento, aquela comunidade deveria t\u00e1 produzindo alimentos org\u00e2nicos que poderia ser aproveitado pelo munic\u00edpio onde daria uma melhor condi\u00e7\u00e3o econ\u00f4mica \u00e0quela comunidade. Infelizmente n\u00e3o existe zona rural pra essa gest\u00e3o e ningu\u00e9m briga por n\u00f3s.<\/p>\n<p>\u25a0 Quando cito o legislativo, evidentemente n\u00e3o s\u00e3o todos<\/p>\n<p>TP &#8211; Apesar de vivermos em uma sociedade bin\u00e1ria, numa esp\u00e9cie de Fla X Flu da pol\u00edtica, voc\u00ea consegue manter um la\u00e7o greg\u00e1rio com todas \u00e0s for\u00e7as sociais. Como conseguir manter esta rela\u00e7\u00e3o de conviv\u00eancia?<\/p>\n<p>ON &#8211; Na verdade, quanto o interesse pelo povo, por Propri\u00e1, pela sociedade e pelo bem comum est\u00e1 acima dos seus interesses, isso se torna mais f\u00e1cil. A minha vontade de ser um representante p\u00fablico de fato, n\u00e3o \u00e9 pra defender uma bandeira, um partido, uma ideologia ou interesses pessoais, \u00e9 pra defender Propri\u00e1, levantar a bandeira da nossa cidade, poder, de alguma forma e positiva, colaborar com o crescimento, desenvolvimento e mudan\u00e7a de nosso munic\u00edpio.<\/p>\n<p>TP &#8211; O povoado S\u00e3o Miguel passou anos sem eleger um vereador da comunidade e quando o faz, a seu ver, o mandato deste tem atendido \u00e0s expectativas da popula\u00e7\u00e3o?<\/p>\n<p>ON &#8211; Eu at\u00e9 procuro evitar fazer an\u00e1lise de qualquer parlamentar em particular, isso cabe a cada cidad\u00e3o, n\u00e3o s\u00f3 dos povoados bem como da cidade, analisar todos. O que posso garantir e isso \u00e9 fato, \u00e9 que nossos povoados n\u00e3o obteveram avan\u00e7os nenhum, continuam iguais ou piores em algumas quest\u00f5es.<\/p>\n<p>\u25a0 Nossos povoados n\u00e3o obteveram avan\u00e7os nenhum, continuam iguais ou piores<\/p>\n<p>TP &#8211; No geral, como \u00e0s comunidades rurais tem avaliado os mandatos dos atuais vereadores de Propri\u00e1?<\/p>\n<p>ON &#8211; Hoje o eleitor est\u00e1 mais inteligente, tem tomado gosto pela pol\u00edtica, sendo mais cr\u00edtico e anal\u00edtico, as redes sociais n\u00e3o deixam nada passar em branco, h\u00e1 uns poucos bem avaliados, por\u00e9m, no geral, a avalia\u00e7\u00e3o \u00e9 abaixo da m\u00e9dia.<\/p>\n<p>\u25a0 H\u00e1 uns poucos bem avaliados, por\u00e9m, no geral, a avalia\u00e7\u00e3o \u00e9 abaixo da m\u00e9dia.<\/p>\n<p>TP &#8211; Quais \u00e0s principais demandas das comunidades rurais e da cidade de Propri\u00e1 e quais \u00e0s propostas que Oliveira Neto apresentar\u00e1 para debel\u00e1-las?<\/p>\n<p>ON &#8211; Eu nem posso apresentar propostas, projetos ou ideias pelo fato de n\u00e3o estarmos em campanha, o que pode caracterizar crime eleitoral, por\u00e9m eu sei quais s\u00e3o os problemas de Propri\u00e1, seja na cidade ou povoados e poderia contribuir com propostas e ideias. Qualquer cidad\u00e3o que quer ver nossa cidade crescer sabe o potencial que nosso munic\u00edpio tem de se desenvolver, gerar emprego, seja nas suas atividades econ\u00f4micas principais: com\u00e9rcio, turismo, psicultura, rizicultura, bem como em atividades secund\u00e1rias. Propri\u00e1 tem um imenso privil\u00e9gio de est\u00e1 localizada geograficamente \u00e0s margens da maior rodovia do pa\u00eds, maior rio genuinamente brasileiro, entre duas capitais menores e duas grandes capitais, divisa de estados e entre o litoral e caatinga, al\u00e9m de ser \u00e1 capital de uma pequena metr\u00f3pole, ou seja, nosso munic\u00edpio tem tudo para se desenvolver, s\u00f3 falta mais pol\u00edticos s\u00e9rios, competentes, compromissados, inteligentes, pensadores e idealistas.<\/p>\n<p>\u25a0 Eu sei quais s\u00e3o os problemas de Propri\u00e1, seja na cidade ou povoados e poderia contribuir com propostas e ideias<\/p>\n<p>TP &#8211; Sendo um comunicador com v\u00ednculo ao esporte, como voc\u00ea analisa o atual momento do esporte em Propri\u00e1 e quais \u00e0s pol\u00edticas p\u00fablicas que voc\u00ea defende para o esporte , o lazer e para a juventude da Princesinha do S\u00e3o Francisco?<\/p>\n<p>ON &#8211; \u00c9 inadmiss\u00edvel e angustiante ver Propri\u00e1 com dois clubes profissionais, onde tinha um est\u00e1dio centen\u00e1rio e outro de grande porte destru\u00eddos e os clubes de portas fechadas. Esses clubes em atividade atrairia turismo para Propri\u00e1, al\u00e9m de gerar empregos diretos e indiretos, sem falar do trabalho social que os mesmos poderiam est\u00e1 desenvolvendo com nossas crian\u00e7as e jovens, revelando craques da terra. Eu penso que tanto o esporte bem como a cultura devem ser utilizados com forma de ferramenta de transforma\u00e7\u00e3o, atrav\u00e9s de trabalhos sociais desenvolvidos em \u00e1reas do munic\u00edpio onde nossos jovens e crian\u00e7as est\u00e3o mais vulner\u00e1veis e suscet\u00edveis ao crime, drogas, tr\u00e1fico, sexualiza\u00e7\u00e3o precoce e prostitui\u00e7\u00e3o, com objetivo de formar melhores cidad\u00e3os.<\/p>\n<p>\u25a0 Eu penso que tanto o esporte bem como a cultura devem ser utilizados com forma de ferramenta de transforma\u00e7\u00e3o<\/p>\n<p>TP &#8211; Em linhas gerais, quais \u00e0s principais \u00e1reas que devem nortear um mandato popular de um vereador com as caracter\u00edsticas e trajet\u00f3ria do pol\u00edtico com sua inser\u00e7\u00e3o social?<\/p>\n<p>ON &#8211; Um vereador eleito deve cumprir seu mandado trabalhando integralmente pelo povo e munic\u00edpio, cumprindo suas fun\u00e7\u00f5es e atribui\u00e7\u00f5es. Vereador n\u00e3o podem ser situa\u00e7\u00e3o ou oposi\u00e7\u00e3o, vereador tem que ser o povo e legislar em benef\u00edcio deste.<\/p>\n<p>\u25a0 Um vereador eleito deve cumprir seu mandado trabalhando integralmente pelo povo<\/p>\n<p>TP &#8211; Voc\u00ea se filiou recentemente ao Republicanos e essa escolha se baseia em quais princ\u00edpios e valores?<\/p>\n<p>ON &#8211; No meu ponto de vista, o pr\u00e9 candidato, antes de se filiar, ele tem que analisar dois pontos: o estatuto do partido e a possibilidade de o mesmo ser eleito neste partido, eu escolhi de forma tranquila e serena o REPUBLICANOS, tanto pelo seu estatuto (manifesto) bem como pela possibilidade de obter \u00eaxito no proximo pleito. O Republicanos em Propri\u00e1, hoje det\u00e9m grupo de pessoas s\u00e9rias, honestas e preparadas, baseadas no princ\u00edpios crist\u00e3os. Isso nos possibilita fazer uma campanha debatendo id\u00e9ias e propostas, n\u00e3o valores e acordos.<\/p>\n<p>TP &#8211; O partido tem discutido se lan\u00e7ar\u00e1 chapa pr\u00f3pria para disputar a Prefeitura de Propri\u00e1, se far\u00e1 coliga\u00e7\u00e3o e quais os nomes que ter\u00e1 para apresentar ao eleitor propriaense?<\/p>\n<p>ON &#8211; Nosso partido tem a ideia de lan\u00e7ar candidato ao majorit\u00e1rio, mais ainda n\u00e3o discutimos nomes, por\u00e9m h\u00e1 essa possibilidade. N\u00e3o posso citar nomes ainda exatamente pelo fato de n\u00e3o termos discutido esses poss\u00edveis nomes, s\u00f3 posso garantir que Oliveira Neto \u00e9 pr\u00e9 candidato a vereador.<\/p>\n<p>\u25a0 N\u00e3o posso citar nomes ainda exatamente pelo fato de n\u00e3o termos discutido esses poss\u00edveis nomes<\/p>\n<p>TP &#8211; Diante do que voc\u00ea apresenta como respostas aos nossos questionamentos, acredita que o eleitor de Propri\u00e1 far\u00e1 a renova\u00e7\u00e3o n\u00e3o apenas de nomes, mas principalmente da mentalidade na C\u00e2mara de Vereadores?<\/p>\n<p>ON &#8211; Eu tenho acompanhado a revolta do povo com nossa pol\u00edtica atual, desde um gestor incompetente e despreparado a vereadores arrogantes e autorit\u00e1rios, que fazem tudo e muita coisas erradas, al\u00e9m de mentirem muito \u00e9 claro, menos legislar de fato. Deixo claro que n\u00e3o estou generalizando h\u00e1 vereadores que desempenham bem seu papel e vem desenvolvendo um mandato com lisura. Mas acredito que haver\u00e1 uma grande renova\u00e7\u00e3o e os que conseguirem ficar, j\u00e1 devem ter percebido que se faz necess\u00e1rio mudar de postura. Acredito que vai haver uma renova\u00e7\u00e3o com parlamentares pensantes repletos de ideias e propostas, aptos a representar o povo de fato. E pra quem acha que j\u00e1 t\u00e1 eleito ou reeleito, n\u00e3o esque\u00e7am que quem vota \u00e9 o povo, n\u00e3o existe m\u00e1gica nem dinheiro que mude eleitores saturados de corrup\u00e7\u00e3o e pol\u00edticos incompetentes.<\/p>\n<p>\u25a0 acredito que haver\u00e1 uma grande renova\u00e7\u00e3o<\/p>\n<p>TP &#8211; A pergunta que faremos agora seria a primeira se j\u00e1 estivesse entrevistando o candidato, mas neste momento ap\u00f3s inspirado o prazo de filia\u00e7\u00f5es te perguntamos: por qu\u00ea Oliveira Neto decidiu ser pr\u00e9-candidato a vereador?<\/p>\n<p>ON &#8211; Na verdade eu j\u00e1 fui candidato em 2016 e essa id\u00e9ia vem desde l\u00e1, aprendi muitos com os erros de alguns vereadores atuais e com acertos de outros, o porqu\u00ea, as minhas respostas anteriores justificam.<\/p>\n<p>TRIBUNA DA PRAIA &#8211; Para concluir, qual a sua mensagem para os leitores do jornal Tribuna da Praia e a sociedade propriaense?<\/p>\n<p>OLIVEIRA NETO &#8211; A pol\u00edtica em Propri\u00e1 se aproxima de uma grande transforma\u00e7\u00e3o atrav\u00e9s da renova\u00e7\u00e3o que ser\u00e1 feita. Eu pe\u00e7o que todo propriaenses voltem a acreditar em dias melhores e juntos lutar por uma Propri\u00e1 melhor. Esse processo come\u00e7a nas urnas nas pr\u00f3ximas elei\u00e7\u00f5es.<\/p>\n","protected":false},"excerpt":{"rendered":"<p>Jo\u00e3o Francisco Oliveira Neto (38 anos) \u00e9 uma das mais aut\u00eanticas lideran\u00e7as e leg\u00edtimas express\u00f5es populares de Propri\u00e1, com reconhecimento em todo o Baixo S\u00e3o Francisco. Radialista comunit\u00e1rio, apresenta na R\u00e1dio PROPRI\u00c1 104,9 FM os programas Plant\u00e3o Esportivo e Sabad\u00e3o do Brega, l\u00edderes de audi\u00eancia nos hor\u00e1rios. Ativo nas redes sociais, mant\u00e9m uma das mais acessadas p\u00e1ginas, a Tribuna de S\u00e3o Miguel, com conte\u00fado voltado e focado preferencialmente para \u00e0s<\/p>\n","protected":false},"author":3,"featured_media":1138,"comment_status":"open","ping_status":"open","sticky":false,"template":"","format":"standard","meta":[],"categories":[18],"tags":[],"yoast_head":"<!-- This site is optimized with the Yoast SEO plugin v16.3 - https:\/\/yoast.com\/wordpress\/plugins\/seo\/ -->\n<title>ENTREVISTA: Oliveira Neto, uma voz atrav\u00e9s da qual ecoa \u00e0s comunidades rurais de Propri\u00e1 no Baixo S\u00e3o Francisco - TRIBUNA DA PRAIA<\/title>\n<meta name=\"robots\" content=\"index, follow, max-snippet:-1, max-image-preview:large, max-video-preview:-1\" \/>\n<link rel=\"canonical\" href=\"https:\/\/tribunadapraia.com.br\/?p=1134\" \/>\n<meta property=\"og:locale\" content=\"pt_BR\" \/>\n<meta property=\"og:type\" content=\"article\" \/>\n<meta property=\"og:title\" content=\"ENTREVISTA: Oliveira Neto, uma voz atrav\u00e9s da qual ecoa \u00e0s comunidades rurais de Propri\u00e1 no Baixo S\u00e3o Francisco - TRIBUNA DA PRAIA\" \/>\n<meta property=\"og:description\" content=\"Jo\u00e3o Francisco Oliveira Neto (38 anos) \u00e9 uma das mais aut\u00eanticas lideran\u00e7as e leg\u00edtimas express\u00f5es populares de Propri\u00e1, com reconhecimento em todo o Baixo S\u00e3o Francisco. Radialista comunit\u00e1rio, apresenta na R\u00e1dio PROPRI\u00c1 104,9 FM os programas Plant\u00e3o Esportivo e Sabad\u00e3o do Brega, l\u00edderes de audi\u00eancia nos hor\u00e1rios. Ativo nas redes sociais, mant\u00e9m uma das mais acessadas p\u00e1ginas, a Tribuna de S\u00e3o Miguel, com conte\u00fado voltado e focado preferencialmente para \u00e0s\" \/>\n<meta property=\"og:url\" content=\"https:\/\/tribunadapraia.com.br\/?p=1134\" \/>\n<meta property=\"og:site_name\" content=\"TRIBUNA DA PRAIA\" \/>\n<meta property=\"article:publisher\" content=\"https:\/\/www.facebook.com\/tribunadapraiaonline\/\" \/>\n<meta property=\"article:published_time\" content=\"2020-04-12T15:06:46+00:00\" \/>\n<meta property=\"article:modified_time\" content=\"2020-04-12T15:13:56+00:00\" \/>\n<meta property=\"og:image\" content=\"https:\/\/tribunadapraia.com.br\/wp-content\/uploads\/2020\/04\/IMG-20200412-WA0028.jpg\" \/>\n\t<meta property=\"og:image:width\" content=\"540\" \/>\n\t<meta property=\"og:image:height\" content=\"574\" \/>\n<meta name=\"twitter:card\" content=\"summary_large_image\" \/>\n<meta name=\"twitter:creator\" content=\"@Claudomir21\" \/>\n<meta name=\"twitter:site\" content=\"@Claudomir21\" \/>\n<meta name=\"twitter:label1\" content=\"Est. tempo de leitura\">\n\t<meta name=\"twitter:data1\" content=\"11 minutos\">\n<script type=\"application\/ld+json\" class=\"yoast-schema-graph\">{\"@context\":\"https:\/\/schema.org\",\"@graph\":[{\"@type\":\"Organization\",\"@id\":\"https:\/\/tribunadapraia.com.br\/#organization\",\"name\":\"Tribuna da Praia\",\"url\":\"https:\/\/tribunadapraia.com.br\/\",\"sameAs\":[\"https:\/\/www.facebook.com\/tribunadapraiaonline\/\",\"https:\/\/www.instagram.com\/claudomirtavares\/\",\"https:\/\/www.youtube.com\/channel\/UCwQf80nxiMzCefAyjbp53Rw\",\"https:\/\/twitter.com\/Claudomir21\"],\"logo\":{\"@type\":\"ImageObject\",\"@id\":\"https:\/\/tribunadapraia.com.br\/#logo\",\"inLanguage\":\"pt-BR\",\"url\":\"https:\/\/tribunadapraia.com.br\/wp-content\/uploads\/2020\/02\/logo.png\",\"contentUrl\":\"https:\/\/tribunadapraia.com.br\/wp-content\/uploads\/2020\/02\/logo.png\",\"width\":501,\"height\":121,\"caption\":\"Tribuna da Praia\"},\"image\":{\"@id\":\"https:\/\/tribunadapraia.com.br\/#logo\"}},{\"@type\":\"WebSite\",\"@id\":\"https:\/\/tribunadapraia.com.br\/#website\",\"url\":\"https:\/\/tribunadapraia.com.br\/\",\"name\":\"TRIBUNA DA PRAIA\",\"description\":\"O 1\\u00ba jornal do interior de Sergipe na internet\",\"publisher\":{\"@id\":\"https:\/\/tribunadapraia.com.br\/#organization\"},\"potentialAction\":[{\"@type\":\"SearchAction\",\"target\":\"https:\/\/tribunadapraia.com.br\/?s={search_term_string}\",\"query-input\":\"required name=search_term_string\"}],\"inLanguage\":\"pt-BR\"},{\"@type\":\"ImageObject\",\"@id\":\"https:\/\/tribunadapraia.com.br\/?p=1134#primaryimage\",\"inLanguage\":\"pt-BR\",\"url\":\"https:\/\/tribunadapraia.com.br\/wp-content\/uploads\/2020\/04\/IMG-20200412-WA0028.jpg\",\"contentUrl\":\"https:\/\/tribunadapraia.com.br\/wp-content\/uploads\/2020\/04\/IMG-20200412-WA0028.jpg\",\"width\":540,\"height\":574},{\"@type\":\"WebPage\",\"@id\":\"https:\/\/tribunadapraia.com.br\/?p=1134#webpage\",\"url\":\"https:\/\/tribunadapraia.com.br\/?p=1134\",\"name\":\"ENTREVISTA: Oliveira Neto, uma voz atrav\\u00e9s da qual ecoa \\u00e0s comunidades rurais de Propri\\u00e1 no Baixo S\\u00e3o Francisco - TRIBUNA DA PRAIA\",\"isPartOf\":{\"@id\":\"https:\/\/tribunadapraia.com.br\/#website\"},\"primaryImageOfPage\":{\"@id\":\"https:\/\/tribunadapraia.com.br\/?p=1134#primaryimage\"},\"datePublished\":\"2020-04-12T15:06:46+00:00\",\"dateModified\":\"2020-04-12T15:13:56+00:00\",\"breadcrumb\":{\"@id\":\"https:\/\/tribunadapraia.com.br\/?p=1134#breadcrumb\"},\"inLanguage\":\"pt-BR\",\"potentialAction\":[{\"@type\":\"ReadAction\",\"target\":[\"https:\/\/tribunadapraia.com.br\/?p=1134\"]}]},{\"@type\":\"BreadcrumbList\",\"@id\":\"https:\/\/tribunadapraia.com.br\/?p=1134#breadcrumb\",\"itemListElement\":[{\"@type\":\"ListItem\",\"position\":1,\"item\":{\"@type\":\"WebPage\",\"@id\":\"https:\/\/tribunadapraia.com.br\/\",\"url\":\"https:\/\/tribunadapraia.com.br\/\",\"name\":\"In\\u00edcio\"}},{\"@type\":\"ListItem\",\"position\":2,\"item\":{\"@id\":\"https:\/\/tribunadapraia.com.br\/?p=1134#webpage\"}}]},{\"@type\":\"Article\",\"@id\":\"https:\/\/tribunadapraia.com.br\/?p=1134#article\",\"isPartOf\":{\"@id\":\"https:\/\/tribunadapraia.com.br\/?p=1134#webpage\"},\"author\":{\"@id\":\"https:\/\/tribunadapraia.com.br\/#\/schema\/person\/099fbbf59acc5895c0d7d52b4fc46c97\"},\"headline\":\"ENTREVISTA: Oliveira Neto, uma voz atrav\\u00e9s da qual ecoa \\u00e0s comunidades rurais de Propri\\u00e1 no Baixo S\\u00e3o Francisco\",\"datePublished\":\"2020-04-12T15:06:46+00:00\",\"dateModified\":\"2020-04-12T15:13:56+00:00\",\"mainEntityOfPage\":{\"@id\":\"https:\/\/tribunadapraia.com.br\/?p=1134#webpage\"},\"wordCount\":2275,\"commentCount\":0,\"publisher\":{\"@id\":\"https:\/\/tribunadapraia.com.br\/#organization\"},\"image\":{\"@id\":\"https:\/\/tribunadapraia.com.br\/?p=1134#primaryimage\"},\"thumbnailUrl\":\"https:\/\/tribunadapraia.com.br\/wp-content\/uploads\/2020\/04\/IMG-20200412-WA0028.jpg\",\"articleSection\":[\"Not\\u00edcias\"],\"inLanguage\":\"pt-BR\",\"potentialAction\":[{\"@type\":\"CommentAction\",\"name\":\"Comment\",\"target\":[\"https:\/\/tribunadapraia.com.br\/?p=1134#respond\"]}]},{\"@type\":\"Person\",\"@id\":\"https:\/\/tribunadapraia.com.br\/#\/schema\/person\/099fbbf59acc5895c0d7d52b4fc46c97\",\"name\":\"Reda\\u00e7\\u00e3o\",\"image\":{\"@type\":\"ImageObject\",\"@id\":\"https:\/\/tribunadapraia.com.br\/#personlogo\",\"inLanguage\":\"pt-BR\",\"url\":\"https:\/\/secure.gravatar.com\/avatar\/91c8b91d2bfd7784eac5c3e055361f64?s=96&d=identicon&r=g\",\"contentUrl\":\"https:\/\/secure.gravatar.com\/avatar\/91c8b91d2bfd7784eac5c3e055361f64?s=96&d=identicon&r=g\",\"caption\":\"Reda\\u00e7\\u00e3o\"}}]}<\/script>\n<!-- \/ Yoast SEO plugin. -->","wps_subtitle":"","_links":{"self":[{"href":"https:\/\/tribunadapraia.com.br\/index.php?rest_route=\/wp\/v2\/posts\/1134"}],"collection":[{"href":"https:\/\/tribunadapraia.com.br\/index.php?rest_route=\/wp\/v2\/posts"}],"about":[{"href":"https:\/\/tribunadapraia.com.br\/index.php?rest_route=\/wp\/v2\/types\/post"}],"author":[{"embeddable":true,"href":"https:\/\/tribunadapraia.com.br\/index.php?rest_route=\/wp\/v2\/users\/3"}],"replies":[{"embeddable":true,"href":"https:\/\/tribunadapraia.com.br\/index.php?rest_route=%2Fwp%2Fv2%2Fcomments&post=1134"}],"version-history":[{"count":1,"href":"https:\/\/tribunadapraia.com.br\/index.php?rest_route=\/wp\/v2\/posts\/1134\/revisions"}],"predecessor-version":[{"id":1136,"href":"https:\/\/tribunadapraia.com.br\/index.php?rest_route=\/wp\/v2\/posts\/1134\/revisions\/1136"}],"wp:featuredmedia":[{"embeddable":true,"href":"https:\/\/tribunadapraia.com.br\/index.php?rest_route=\/wp\/v2\/media\/1138"}],"wp:attachment":[{"href":"https:\/\/tribunadapraia.com.br\/index.php?rest_route=%2Fwp%2Fv2%2Fmedia&parent=1134"}],"wp:term":[{"taxonomy":"category","embeddable":true,"href":"https:\/\/tribunadapraia.com.br\/index.php?rest_route=%2Fwp%2Fv2%2Fcategories&post=1134"},{"taxonomy":"post_tag","embeddable":true,"href":"https:\/\/tribunadapraia.com.br\/index.php?rest_route=%2Fwp%2Fv2%2Ftags&post=1134"}],"curies":[{"name":"wp","href":"https:\/\/api.w.org\/{rel}","templated":true}]}}