{"id":1124,"date":"2020-04-11T20:45:11","date_gmt":"2020-04-11T23:45:11","guid":{"rendered":"https:\/\/tribunadapraia.com.br\/?p=1124"},"modified":"2020-04-11T20:52:59","modified_gmt":"2020-04-11T23:52:59","slug":"cafe-do-caboco-claudomir-herzog-levara-a-sala-de-aula-para-o-radio","status":"publish","type":"post","link":"https:\/\/tribunadapraia.com.br\/?p=1124","title":{"rendered":"CAF\u00c9 DO CABOCO: ClaudOmir Herzog levar\u00e1 a sala de aula para o r\u00e1dio"},"content":{"rendered":"<p>por Ant\u00f4nio Madeira<\/p>\n<p>Antecedentes<\/p>\n<p>As primeiras experi\u00eancias de aulas utilizando o recurso do r\u00e1dio na Escola de 1\u00b0 Grau Jos\u00e9 Amaral Lemos est\u00e3o datadas da d\u00e9cada de 1970, ministradas pelo professor Nataniel dos Santos, com 30 minutos de dura\u00e7\u00e3o levadas ao ar ap\u00f3s A Voz do Brasil. Antes e depois do programa Nat\u00e3 discutia em sala de aula os textos de livros do Movimento Brasileiro de Alfabetiza\u00e7\u00e3o. Esta modalidade de alfabetiza\u00e7\u00e3o que em Pirambu contemplou com centenas de jovens e adultos at\u00e9 a d\u00e9cada de 1980 foi uma das mais bem sucedidas p\u00e1ginas da Hist\u00f3ria da Educa\u00e7\u00e3o em Pirambu.<\/p>\n<p>I &#8211; Jo\u00e3o Oliveira<\/p>\n<p>Entre o final da d\u00e9cada de 1970 e in\u00edcio da d\u00e9cada de 1980 o saudoso Jo\u00e3o Oliveira, que fora Secret\u00e1rio Geral da Prefeitura de Pirambu, comandava o servi\u00e7o de alto-falante nas manh\u00e3s, aberto com o Hino Nacional, seguido de m\u00fasica e informa\u00e7\u00f5es do poder p\u00fablico ou a ele relacionado.<\/p>\n<p>II &#8211; Ver\u00e3o Sergipe<\/p>\n<p>Uma Oficina de R\u00e1dio ministrada em janeiro de 2009, dentro do Projeto Ver\u00e3o Sergipe reuniu professores e estudantes da Escola Municipal Mario Trindade Cruz, j\u00e1 envolvidos na constru\u00e7\u00e3o da R\u00e1dio Trindade, idealizada no ano anterior pelo professor Agnaldo Silva, o cordelista.<\/p>\n<p>III &#8211; Do Megafone a Serigy<\/p>\n<p>Em dezembro de 2010 era lan\u00e7ada a R\u00e1dio Megafone, transformada em R\u00e1dio Serigy no ano seguinte, ampliando seu alcance em 2014 com a r\u00e1dio poste Al\u00f4 Serigy, que ficou no ar por alguns meses.<\/p>\n<p>IV -R\u00e1dio Aula<\/p>\n<p>Alguns professores da Escola M\u00e1rio Trindade ousaram e transmitiram ao vivo \u00e0s aulas de Hist\u00f3ria (Agnaldo Silva), Geografia (Di\u00f3genes Almeida), Ci\u00eancias (Abdias Cl\u00e9sii). Sociedade e Cultura (Claudomir Tavares), inclusive com programas semanais: M\u00e1rio Mix, Trivial, Os Q Cientizam e M\u00e1rio Scombona.<\/p>\n<p>V &#8211; TV:s de olhos<\/p>\n<p>A experi\u00eancia dos professores do M\u00e1rio Trindade renderam mat\u00e9rias nas principais emissoras de TV em nosso estado (Sergipe e Atalaia) e no pa\u00eds (Record e Globo News) e portais como Tribuna da Praia e G1 Sergipe<\/p>\n<p>VI &#8211; Gruta do Car\u00e1<\/p>\n<p>Antes de se chamar Rivaldo Moura da Silva, em homenagem ao saudoso Pinguilim, ex-vereador e funcion\u00e1rio da Ebergipe, a rua onde est\u00e1 situado o Col\u00e9gio Estadual Jos\u00e9 Amaral Lemos se chamava Rua do Car\u00e1 (popular) e depois Rua Sergipe (oficial). Da alcunha original da rua, surgiu a proposta de lan\u00e7ar por ocasi\u00e3o dos 50 anos da escola (11\/03\/2020) a web Radio Car\u00e1, que n\u00e3o reunindo \u00e0s condi\u00e7\u00f5es t\u00e9cnicas e financeira, ser\u00e1 convertida em Projeto de Educomunica\u00e7\u00e3o GRUTA DI CAR\u00c1, que ter\u00e1 o caboco ClaudOmir Herzog como mediador.<\/p>\n<p>VII &#8211; Do PROEMI ao PROBEM<\/p>\n<p>Em 2019 foram levadas ao ar em fase experimental \u00e0s r\u00e1dios aulas, cobertas no est\u00edmulo ao uso das Novas TIC&#8217;s pela SEDUC\/SE, bem como extens\u00e3o do Campo de Integra\u00e7\u00e3o Curricular Cultura e M\u00eddia Digital (CIC\/CMD), do Programa Ensino M\u00e9dio Inovador (PEOEMI), que este ano foi substitu\u00eddo pelo Programa Novo Ensino Medio (PRONEM).<\/p>\n<p>VIII &#8211; Estudantes Conectados<\/p>\n<p>Antes de colocar em pr\u00e1tica estas a\u00e7\u00f5es foram feitos alguns levantamentos \u00e0 luz de bases cir\u00fargicas verificados que 80% dos estudantes dos 8\u00b0s anos do Ensino M\u00e9dio e 90% dos estudantes dos 1\u00b0, 2\u00b0 e 3\u00b0 anos do Ensino M\u00e9dio tem conex\u00e3o com a internet, acima da m\u00e9dia geral da popula\u00e7\u00e3o de Pirambu que \u00e9 de 70%, acima da media nacional que \u00e9 de 65%.<\/p>\n<p>IX &#8211; Horas complementares<\/p>\n<p>Considerando a situa\u00e7\u00e3o imposta pela pandemia do novo corona-v\u00edrus (Covid-19) e a<br \/>\nnecessidade do isolamento e dist\u00e2nciamento social; o Minist\u00e9rio da Educa\u00e7\u00e3o (MEC) desobrigou \u00e0s escolas de cumprir os 200 dias letivos, mas n\u00e3o abre m\u00e3o do m\u00ednimo das 800 horas anuais, sendo permitidas estas modalidades de aulas, desde que devidamente fundamentadas.<\/p>\n<p>X &#8211; O programa<\/p>\n<p>A edi\u00e7\u00e3o experimental (Introdu\u00e7\u00e3o) do programa de Educomunica\u00e7\u00e3o GRUTA DO CAR\u00c1 ou CAF\u00c9 DO CABOCO, voltado para todas \u00e0s turmas do Ensino M\u00e9dio, vai ao ar nesta sexta-feira, 17, das 19 \u00e0s 20 horas, pela web R\u00e1dio SERIGY, devendo os estudantes ter acesso ao conte\u00fado pelo instagram (https:\/\/www.instagram.com\/claudomirtavares\/) e responder \u00e0s atividades pelo WathsApp (https:\/\/wa.me\/557999736883)<br \/>\nou (claudomi21@gmail.com).<\/p>\n","protected":false},"excerpt":{"rendered":"<p>por Ant\u00f4nio Madeira Antecedentes As primeiras experi\u00eancias de aulas utilizando o recurso do r\u00e1dio na Escola de 1\u00b0 Grau Jos\u00e9 Amaral Lemos est\u00e3o datadas da d\u00e9cada de 1970, ministradas pelo professor Nataniel dos Santos, com 30 minutos de dura\u00e7\u00e3o levadas ao ar ap\u00f3s A Voz do Brasil. Antes e depois do programa Nat\u00e3 discutia em sala de aula os textos de livros do Movimento Brasileiro de Alfabetiza\u00e7\u00e3o. Esta modalidade de<\/p>\n","protected":false},"author":1,"featured_media":1041,"comment_status":"open","ping_status":"open","sticky":false,"template":"","format":"standard","meta":[],"categories":[18],"tags":[],"yoast_head":"<!-- This site is optimized with the Yoast SEO plugin v16.3 - https:\/\/yoast.com\/wordpress\/plugins\/seo\/ -->\n<title>CAF\u00c9 DO CABOCO: ClaudOmir Herzog levar\u00e1 a sala de aula para o r\u00e1dio - TRIBUNA DA PRAIA<\/title>\n<meta name=\"robots\" content=\"index, follow, max-snippet:-1, max-image-preview:large, max-video-preview:-1\" \/>\n<link rel=\"canonical\" href=\"https:\/\/tribunadapraia.com.br\/?p=1124\" \/>\n<meta property=\"og:locale\" content=\"pt_BR\" \/>\n<meta property=\"og:type\" content=\"article\" \/>\n<meta property=\"og:title\" content=\"CAF\u00c9 DO CABOCO: ClaudOmir Herzog levar\u00e1 a sala de aula para o r\u00e1dio - TRIBUNA DA PRAIA\" \/>\n<meta property=\"og:description\" content=\"por Ant\u00f4nio Madeira Antecedentes As primeiras experi\u00eancias de aulas utilizando o recurso do r\u00e1dio na Escola de 1\u00b0 Grau Jos\u00e9 Amaral Lemos est\u00e3o datadas da d\u00e9cada de 1970, ministradas pelo professor Nataniel dos Santos, com 30 minutos de dura\u00e7\u00e3o levadas ao ar ap\u00f3s A Voz do Brasil. Antes e depois do programa Nat\u00e3 discutia em sala de aula os textos de livros do Movimento Brasileiro de Alfabetiza\u00e7\u00e3o. Esta modalidade de\" \/>\n<meta property=\"og:url\" content=\"https:\/\/tribunadapraia.com.br\/?p=1124\" \/>\n<meta property=\"og:site_name\" content=\"TRIBUNA DA PRAIA\" \/>\n<meta property=\"article:publisher\" content=\"https:\/\/www.facebook.com\/tribunadapraiaonline\/\" \/>\n<meta property=\"article:published_time\" content=\"2020-04-11T23:45:11+00:00\" \/>\n<meta property=\"article:modified_time\" content=\"2020-04-11T23:52:59+00:00\" \/>\n<meta property=\"og:image\" content=\"https:\/\/tribunadapraia.com.br\/wp-content\/uploads\/2020\/04\/IMG-20200122-WA0030.jpg\" \/>\n\t<meta property=\"og:image:width\" content=\"262\" \/>\n\t<meta property=\"og:image:height\" content=\"310\" \/>\n<meta name=\"twitter:card\" content=\"summary_large_image\" \/>\n<meta name=\"twitter:creator\" content=\"@Claudomir21\" \/>\n<meta name=\"twitter:site\" content=\"@Claudomir21\" \/>\n<meta name=\"twitter:label1\" content=\"Est. tempo de leitura\">\n\t<meta name=\"twitter:data1\" content=\"4 minutos\">\n<script type=\"application\/ld+json\" class=\"yoast-schema-graph\">{\"@context\":\"https:\/\/schema.org\",\"@graph\":[{\"@type\":\"Organization\",\"@id\":\"https:\/\/tribunadapraia.com.br\/#organization\",\"name\":\"Tribuna da Praia\",\"url\":\"https:\/\/tribunadapraia.com.br\/\",\"sameAs\":[\"https:\/\/www.facebook.com\/tribunadapraiaonline\/\",\"https:\/\/www.instagram.com\/claudomirtavares\/\",\"https:\/\/www.youtube.com\/channel\/UCwQf80nxiMzCefAyjbp53Rw\",\"https:\/\/twitter.com\/Claudomir21\"],\"logo\":{\"@type\":\"ImageObject\",\"@id\":\"https:\/\/tribunadapraia.com.br\/#logo\",\"inLanguage\":\"pt-BR\",\"url\":\"https:\/\/tribunadapraia.com.br\/wp-content\/uploads\/2020\/02\/logo.png\",\"contentUrl\":\"https:\/\/tribunadapraia.com.br\/wp-content\/uploads\/2020\/02\/logo.png\",\"width\":501,\"height\":121,\"caption\":\"Tribuna da Praia\"},\"image\":{\"@id\":\"https:\/\/tribunadapraia.com.br\/#logo\"}},{\"@type\":\"WebSite\",\"@id\":\"https:\/\/tribunadapraia.com.br\/#website\",\"url\":\"https:\/\/tribunadapraia.com.br\/\",\"name\":\"TRIBUNA DA PRAIA\",\"description\":\"O 1\\u00ba jornal do interior de Sergipe na internet\",\"publisher\":{\"@id\":\"https:\/\/tribunadapraia.com.br\/#organization\"},\"potentialAction\":[{\"@type\":\"SearchAction\",\"target\":\"https:\/\/tribunadapraia.com.br\/?s={search_term_string}\",\"query-input\":\"required name=search_term_string\"}],\"inLanguage\":\"pt-BR\"},{\"@type\":\"ImageObject\",\"@id\":\"https:\/\/tribunadapraia.com.br\/?p=1124#primaryimage\",\"inLanguage\":\"pt-BR\",\"url\":\"https:\/\/tribunadapraia.com.br\/wp-content\/uploads\/2020\/04\/IMG-20200122-WA0030.jpg\",\"contentUrl\":\"https:\/\/tribunadapraia.com.br\/wp-content\/uploads\/2020\/04\/IMG-20200122-WA0030.jpg\",\"width\":262,\"height\":310},{\"@type\":\"WebPage\",\"@id\":\"https:\/\/tribunadapraia.com.br\/?p=1124#webpage\",\"url\":\"https:\/\/tribunadapraia.com.br\/?p=1124\",\"name\":\"CAF\\u00c9 DO CABOCO: ClaudOmir Herzog levar\\u00e1 a sala de aula para o r\\u00e1dio - TRIBUNA DA PRAIA\",\"isPartOf\":{\"@id\":\"https:\/\/tribunadapraia.com.br\/#website\"},\"primaryImageOfPage\":{\"@id\":\"https:\/\/tribunadapraia.com.br\/?p=1124#primaryimage\"},\"datePublished\":\"2020-04-11T23:45:11+00:00\",\"dateModified\":\"2020-04-11T23:52:59+00:00\",\"breadcrumb\":{\"@id\":\"https:\/\/tribunadapraia.com.br\/?p=1124#breadcrumb\"},\"inLanguage\":\"pt-BR\",\"potentialAction\":[{\"@type\":\"ReadAction\",\"target\":[\"https:\/\/tribunadapraia.com.br\/?p=1124\"]}]},{\"@type\":\"BreadcrumbList\",\"@id\":\"https:\/\/tribunadapraia.com.br\/?p=1124#breadcrumb\",\"itemListElement\":[{\"@type\":\"ListItem\",\"position\":1,\"item\":{\"@type\":\"WebPage\",\"@id\":\"https:\/\/tribunadapraia.com.br\/\",\"url\":\"https:\/\/tribunadapraia.com.br\/\",\"name\":\"In\\u00edcio\"}},{\"@type\":\"ListItem\",\"position\":2,\"item\":{\"@id\":\"https:\/\/tribunadapraia.com.br\/?p=1124#webpage\"}}]},{\"@type\":\"Article\",\"@id\":\"https:\/\/tribunadapraia.com.br\/?p=1124#article\",\"isPartOf\":{\"@id\":\"https:\/\/tribunadapraia.com.br\/?p=1124#webpage\"},\"author\":{\"@id\":\"https:\/\/tribunadapraia.com.br\/#\/schema\/person\/326b0a9f3163b479142c64eba4928de0\"},\"headline\":\"CAF\\u00c9 DO CABOCO: ClaudOmir Herzog levar\\u00e1 a sala de aula para o r\\u00e1dio\",\"datePublished\":\"2020-04-11T23:45:11+00:00\",\"dateModified\":\"2020-04-11T23:52:59+00:00\",\"mainEntityOfPage\":{\"@id\":\"https:\/\/tribunadapraia.com.br\/?p=1124#webpage\"},\"wordCount\":738,\"commentCount\":0,\"publisher\":{\"@id\":\"https:\/\/tribunadapraia.com.br\/#organization\"},\"image\":{\"@id\":\"https:\/\/tribunadapraia.com.br\/?p=1124#primaryimage\"},\"thumbnailUrl\":\"https:\/\/tribunadapraia.com.br\/wp-content\/uploads\/2020\/04\/IMG-20200122-WA0030.jpg\",\"articleSection\":[\"Not\\u00edcias\"],\"inLanguage\":\"pt-BR\",\"potentialAction\":[{\"@type\":\"CommentAction\",\"name\":\"Comment\",\"target\":[\"https:\/\/tribunadapraia.com.br\/?p=1124#respond\"]}]},{\"@type\":\"Person\",\"@id\":\"https:\/\/tribunadapraia.com.br\/#\/schema\/person\/326b0a9f3163b479142c64eba4928de0\",\"name\":\"tribunadapraia\",\"image\":{\"@type\":\"ImageObject\",\"@id\":\"https:\/\/tribunadapraia.com.br\/#personlogo\",\"inLanguage\":\"pt-BR\",\"url\":\"https:\/\/secure.gravatar.com\/avatar\/38b019c74762496076b7355024a0dad9?s=96&d=identicon&r=g\",\"contentUrl\":\"https:\/\/secure.gravatar.com\/avatar\/38b019c74762496076b7355024a0dad9?s=96&d=identicon&r=g\",\"caption\":\"tribunadapraia\"}}]}<\/script>\n<!-- \/ Yoast SEO plugin. -->","wps_subtitle":"","_links":{"self":[{"href":"https:\/\/tribunadapraia.com.br\/index.php?rest_route=\/wp\/v2\/posts\/1124"}],"collection":[{"href":"https:\/\/tribunadapraia.com.br\/index.php?rest_route=\/wp\/v2\/posts"}],"about":[{"href":"https:\/\/tribunadapraia.com.br\/index.php?rest_route=\/wp\/v2\/types\/post"}],"author":[{"embeddable":true,"href":"https:\/\/tribunadapraia.com.br\/index.php?rest_route=\/wp\/v2\/users\/1"}],"replies":[{"embeddable":true,"href":"https:\/\/tribunadapraia.com.br\/index.php?rest_route=%2Fwp%2Fv2%2Fcomments&post=1124"}],"version-history":[{"count":1,"href":"https:\/\/tribunadapraia.com.br\/index.php?rest_route=\/wp\/v2\/posts\/1124\/revisions"}],"predecessor-version":[{"id":1125,"href":"https:\/\/tribunadapraia.com.br\/index.php?rest_route=\/wp\/v2\/posts\/1124\/revisions\/1125"}],"wp:featuredmedia":[{"embeddable":true,"href":"https:\/\/tribunadapraia.com.br\/index.php?rest_route=\/wp\/v2\/media\/1041"}],"wp:attachment":[{"href":"https:\/\/tribunadapraia.com.br\/index.php?rest_route=%2Fwp%2Fv2%2Fmedia&parent=1124"}],"wp:term":[{"taxonomy":"category","embeddable":true,"href":"https:\/\/tribunadapraia.com.br\/index.php?rest_route=%2Fwp%2Fv2%2Fcategories&post=1124"},{"taxonomy":"post_tag","embeddable":true,"href":"https:\/\/tribunadapraia.com.br\/index.php?rest_route=%2Fwp%2Fv2%2Ftags&post=1124"}],"curies":[{"name":"wp","href":"https:\/\/api.w.org\/{rel}","templated":true}]}}