{"id":1110,"date":"2020-04-09T11:24:40","date_gmt":"2020-04-09T14:24:40","guid":{"rendered":"https:\/\/tribunadapraia.com.br\/?p=1110"},"modified":"2020-04-09T11:47:47","modified_gmt":"2020-04-09T14:47:47","slug":"1110","status":"publish","type":"post","link":"https:\/\/tribunadapraia.com.br\/?p=1110","title":{"rendered":"DEFENSORES: Sem passageiros para transport\u00e1-los, est\u00e3o entregando taxis em Barra dos Coqueiros"},"content":{"rendered":"<p>DEFENSORES: Sem passageiros para transport\u00e1-los, est\u00e3o entregando taxis em Barra dos Coqueiros<\/p>\n<p>Condutores de taxis bandeiras lota\u00e7\u00e3o em Barra dos Coqueiros que alugam os ve\u00edculos aos permission\u00e1rios, est\u00e3o devolvendo \u00e0s unidades impossibilitados de honrar pagamento de di\u00e1ria no valor de R$ 50,00 e pelo menos mais R$ 30,00 de combust\u00edvel. O motivo \u00e9 a diminui\u00e7\u00e3o do volume de passageiros em fun\u00e7\u00e3o do necess\u00e1rio e indispens\u00e1vel isolamento social, al\u00e9m da concorr\u00eancia com os condutores de aplicativos.<\/p>\n<p>\u25a0 461 ve\u00edculos &#8211; &#8220;Existem cadastrados na SMTT de Barra dos Coqueiros exatos 116 taxis lota\u00e7\u00e3o e 270 convencionais (bandeiras), totalizando 386, al\u00e9m de 50 ve\u00edculos que fazen o transporte escolar e 25 moto-taxistas, cujo servi\u00e7o \u00e9 regulamentado no municipio&#8221;, informou o superintendente Gilvan Mecenas<\/p>\n<p>\u25a0 Padronizados &#8211; Ainda de acordo com Gilvan, &#8220;assim como em Aracaju, os futuros ve\u00edculos que forem adquiridos pelos oermission\u00e1rios, ser\u00e3o padribizados na cor branca, permanecendo os atuais com \u00e0s mesmas caracter\u00edsticas&#8221;, completou.<\/p>\n<p>por ClaudOmir Herzog | foto: Arquivo<\/p>\n","protected":false},"excerpt":{"rendered":"<p>DEFENSORES: Sem passageiros para transport\u00e1-los, est\u00e3o entregando taxis em Barra dos Coqueiros Condutores de taxis bandeiras lota\u00e7\u00e3o em Barra dos Coqueiros que alugam os ve\u00edculos aos permission\u00e1rios, est\u00e3o devolvendo \u00e0s unidades impossibilitados de honrar pagamento de di\u00e1ria no valor de R$ 50,00 e pelo menos mais R$ 30,00 de combust\u00edvel. O motivo \u00e9 a diminui\u00e7\u00e3o do volume de passageiros em fun\u00e7\u00e3o do necess\u00e1rio e indispens\u00e1vel isolamento social, al\u00e9m da concorr\u00eancia<\/p>\n","protected":false},"author":3,"featured_media":1111,"comment_status":"open","ping_status":"open","sticky":false,"template":"","format":"standard","meta":[],"categories":[18],"tags":[],"yoast_head":"<!-- This site is optimized with the Yoast SEO plugin v16.3 - https:\/\/yoast.com\/wordpress\/plugins\/seo\/ -->\n<title>DEFENSORES: Sem passageiros para transport\u00e1-los, est\u00e3o entregando taxis em Barra dos Coqueiros - TRIBUNA DA PRAIA<\/title>\n<meta name=\"robots\" content=\"index, follow, max-snippet:-1, max-image-preview:large, max-video-preview:-1\" \/>\n<link rel=\"canonical\" href=\"https:\/\/tribunadapraia.com.br\/?p=1110\" \/>\n<meta property=\"og:locale\" content=\"pt_BR\" \/>\n<meta property=\"og:type\" content=\"article\" \/>\n<meta property=\"og:title\" content=\"DEFENSORES: Sem passageiros para transport\u00e1-los, est\u00e3o entregando taxis em Barra dos Coqueiros - TRIBUNA DA PRAIA\" \/>\n<meta property=\"og:description\" content=\"DEFENSORES: Sem passageiros para transport\u00e1-los, est\u00e3o entregando taxis em Barra dos Coqueiros Condutores de taxis bandeiras lota\u00e7\u00e3o em Barra dos Coqueiros que alugam os ve\u00edculos aos permission\u00e1rios, est\u00e3o devolvendo \u00e0s unidades impossibilitados de honrar pagamento de di\u00e1ria no valor de R$ 50,00 e pelo menos mais R$ 30,00 de combust\u00edvel. O motivo \u00e9 a diminui\u00e7\u00e3o do volume de passageiros em fun\u00e7\u00e3o do necess\u00e1rio e indispens\u00e1vel isolamento social, al\u00e9m da concorr\u00eancia\" \/>\n<meta property=\"og:url\" content=\"https:\/\/tribunadapraia.com.br\/?p=1110\" \/>\n<meta property=\"og:site_name\" content=\"TRIBUNA DA PRAIA\" \/>\n<meta property=\"article:publisher\" content=\"https:\/\/www.facebook.com\/tribunadapraiaonline\/\" \/>\n<meta property=\"article:published_time\" content=\"2020-04-09T14:24:40+00:00\" \/>\n<meta property=\"article:modified_time\" content=\"2020-04-09T14:47:47+00:00\" \/>\n<meta property=\"og:image\" content=\"https:\/\/tribunadapraia.com.br\/wp-content\/uploads\/2020\/04\/IMG-20200409-WA0024.jpg\" \/>\n\t<meta property=\"og:image:width\" content=\"700\" \/>\n\t<meta property=\"og:image:height\" content=\"525\" \/>\n<meta name=\"twitter:card\" content=\"summary_large_image\" \/>\n<meta name=\"twitter:creator\" content=\"@Claudomir21\" \/>\n<meta name=\"twitter:site\" content=\"@Claudomir21\" \/>\n<meta name=\"twitter:label1\" content=\"Est. tempo de leitura\">\n\t<meta name=\"twitter:data1\" content=\"1 minuto\">\n<script type=\"application\/ld+json\" class=\"yoast-schema-graph\">{\"@context\":\"https:\/\/schema.org\",\"@graph\":[{\"@type\":\"Organization\",\"@id\":\"https:\/\/tribunadapraia.com.br\/#organization\",\"name\":\"Tribuna da Praia\",\"url\":\"https:\/\/tribunadapraia.com.br\/\",\"sameAs\":[\"https:\/\/www.facebook.com\/tribunadapraiaonline\/\",\"https:\/\/www.instagram.com\/claudomirtavares\/\",\"https:\/\/www.youtube.com\/channel\/UCwQf80nxiMzCefAyjbp53Rw\",\"https:\/\/twitter.com\/Claudomir21\"],\"logo\":{\"@type\":\"ImageObject\",\"@id\":\"https:\/\/tribunadapraia.com.br\/#logo\",\"inLanguage\":\"pt-BR\",\"url\":\"https:\/\/tribunadapraia.com.br\/wp-content\/uploads\/2020\/02\/logo.png\",\"contentUrl\":\"https:\/\/tribunadapraia.com.br\/wp-content\/uploads\/2020\/02\/logo.png\",\"width\":501,\"height\":121,\"caption\":\"Tribuna da Praia\"},\"image\":{\"@id\":\"https:\/\/tribunadapraia.com.br\/#logo\"}},{\"@type\":\"WebSite\",\"@id\":\"https:\/\/tribunadapraia.com.br\/#website\",\"url\":\"https:\/\/tribunadapraia.com.br\/\",\"name\":\"TRIBUNA DA PRAIA\",\"description\":\"O 1\\u00ba jornal do interior de Sergipe na internet\",\"publisher\":{\"@id\":\"https:\/\/tribunadapraia.com.br\/#organization\"},\"potentialAction\":[{\"@type\":\"SearchAction\",\"target\":\"https:\/\/tribunadapraia.com.br\/?s={search_term_string}\",\"query-input\":\"required name=search_term_string\"}],\"inLanguage\":\"pt-BR\"},{\"@type\":\"ImageObject\",\"@id\":\"https:\/\/tribunadapraia.com.br\/?p=1110#primaryimage\",\"inLanguage\":\"pt-BR\",\"url\":\"https:\/\/tribunadapraia.com.br\/wp-content\/uploads\/2020\/04\/IMG-20200409-WA0024.jpg\",\"contentUrl\":\"https:\/\/tribunadapraia.com.br\/wp-content\/uploads\/2020\/04\/IMG-20200409-WA0024.jpg\",\"width\":700,\"height\":525},{\"@type\":\"WebPage\",\"@id\":\"https:\/\/tribunadapraia.com.br\/?p=1110#webpage\",\"url\":\"https:\/\/tribunadapraia.com.br\/?p=1110\",\"name\":\"DEFENSORES: Sem passageiros para transport\\u00e1-los, est\\u00e3o entregando taxis em Barra dos Coqueiros - TRIBUNA DA PRAIA\",\"isPartOf\":{\"@id\":\"https:\/\/tribunadapraia.com.br\/#website\"},\"primaryImageOfPage\":{\"@id\":\"https:\/\/tribunadapraia.com.br\/?p=1110#primaryimage\"},\"datePublished\":\"2020-04-09T14:24:40+00:00\",\"dateModified\":\"2020-04-09T14:47:47+00:00\",\"breadcrumb\":{\"@id\":\"https:\/\/tribunadapraia.com.br\/?p=1110#breadcrumb\"},\"inLanguage\":\"pt-BR\",\"potentialAction\":[{\"@type\":\"ReadAction\",\"target\":[\"https:\/\/tribunadapraia.com.br\/?p=1110\"]}]},{\"@type\":\"BreadcrumbList\",\"@id\":\"https:\/\/tribunadapraia.com.br\/?p=1110#breadcrumb\",\"itemListElement\":[{\"@type\":\"ListItem\",\"position\":1,\"item\":{\"@type\":\"WebPage\",\"@id\":\"https:\/\/tribunadapraia.com.br\/\",\"url\":\"https:\/\/tribunadapraia.com.br\/\",\"name\":\"In\\u00edcio\"}},{\"@type\":\"ListItem\",\"position\":2,\"item\":{\"@id\":\"https:\/\/tribunadapraia.com.br\/?p=1110#webpage\"}}]},{\"@type\":\"Article\",\"@id\":\"https:\/\/tribunadapraia.com.br\/?p=1110#article\",\"isPartOf\":{\"@id\":\"https:\/\/tribunadapraia.com.br\/?p=1110#webpage\"},\"author\":{\"@id\":\"https:\/\/tribunadapraia.com.br\/#\/schema\/person\/099fbbf59acc5895c0d7d52b4fc46c97\"},\"headline\":\"DEFENSORES: Sem passageiros para transport\\u00e1-los, est\\u00e3o entregando taxis em Barra dos Coqueiros\",\"datePublished\":\"2020-04-09T14:24:40+00:00\",\"dateModified\":\"2020-04-09T14:47:47+00:00\",\"mainEntityOfPage\":{\"@id\":\"https:\/\/tribunadapraia.com.br\/?p=1110#webpage\"},\"wordCount\":183,\"commentCount\":0,\"publisher\":{\"@id\":\"https:\/\/tribunadapraia.com.br\/#organization\"},\"image\":{\"@id\":\"https:\/\/tribunadapraia.com.br\/?p=1110#primaryimage\"},\"thumbnailUrl\":\"https:\/\/tribunadapraia.com.br\/wp-content\/uploads\/2020\/04\/IMG-20200409-WA0024.jpg\",\"articleSection\":[\"Not\\u00edcias\"],\"inLanguage\":\"pt-BR\",\"potentialAction\":[{\"@type\":\"CommentAction\",\"name\":\"Comment\",\"target\":[\"https:\/\/tribunadapraia.com.br\/?p=1110#respond\"]}]},{\"@type\":\"Person\",\"@id\":\"https:\/\/tribunadapraia.com.br\/#\/schema\/person\/099fbbf59acc5895c0d7d52b4fc46c97\",\"name\":\"Reda\\u00e7\\u00e3o\",\"image\":{\"@type\":\"ImageObject\",\"@id\":\"https:\/\/tribunadapraia.com.br\/#personlogo\",\"inLanguage\":\"pt-BR\",\"url\":\"https:\/\/secure.gravatar.com\/avatar\/91c8b91d2bfd7784eac5c3e055361f64?s=96&d=identicon&r=g\",\"contentUrl\":\"https:\/\/secure.gravatar.com\/avatar\/91c8b91d2bfd7784eac5c3e055361f64?s=96&d=identicon&r=g\",\"caption\":\"Reda\\u00e7\\u00e3o\"}}]}<\/script>\n<!-- \/ Yoast SEO plugin. -->","wps_subtitle":"","_links":{"self":[{"href":"https:\/\/tribunadapraia.com.br\/index.php?rest_route=\/wp\/v2\/posts\/1110"}],"collection":[{"href":"https:\/\/tribunadapraia.com.br\/index.php?rest_route=\/wp\/v2\/posts"}],"about":[{"href":"https:\/\/tribunadapraia.com.br\/index.php?rest_route=\/wp\/v2\/types\/post"}],"author":[{"embeddable":true,"href":"https:\/\/tribunadapraia.com.br\/index.php?rest_route=\/wp\/v2\/users\/3"}],"replies":[{"embeddable":true,"href":"https:\/\/tribunadapraia.com.br\/index.php?rest_route=%2Fwp%2Fv2%2Fcomments&post=1110"}],"version-history":[{"count":5,"href":"https:\/\/tribunadapraia.com.br\/index.php?rest_route=\/wp\/v2\/posts\/1110\/revisions"}],"predecessor-version":[{"id":1120,"href":"https:\/\/tribunadapraia.com.br\/index.php?rest_route=\/wp\/v2\/posts\/1110\/revisions\/1120"}],"wp:featuredmedia":[{"embeddable":true,"href":"https:\/\/tribunadapraia.com.br\/index.php?rest_route=\/wp\/v2\/media\/1111"}],"wp:attachment":[{"href":"https:\/\/tribunadapraia.com.br\/index.php?rest_route=%2Fwp%2Fv2%2Fmedia&parent=1110"}],"wp:term":[{"taxonomy":"category","embeddable":true,"href":"https:\/\/tribunadapraia.com.br\/index.php?rest_route=%2Fwp%2Fv2%2Fcategories&post=1110"},{"taxonomy":"post_tag","embeddable":true,"href":"https:\/\/tribunadapraia.com.br\/index.php?rest_route=%2Fwp%2Fv2%2Ftags&post=1110"}],"curies":[{"name":"wp","href":"https:\/\/api.w.org\/{rel}","templated":true}]}}