{"id":1107,"date":"2020-04-09T09:02:16","date_gmt":"2020-04-09T12:02:16","guid":{"rendered":"https:\/\/tribunadapraia.com.br\/?p=1107"},"modified":"2020-04-09T09:03:08","modified_gmt":"2020-04-09T12:03:08","slug":"relatorio-das-diarias-e-dos-projetos-da-camara-minicipal-de-cedro-de-sao-joao-sergipe-parte-3-9","status":"publish","type":"post","link":"https:\/\/tribunadapraia.com.br\/?p=1107","title":{"rendered":"RELAT\u00d3RIO DAS DI\u00c1RIAS E DOS PROJETOS DA C\u00c2MARA MINICIPAL DE CEDRO DE S\u00c3O JO\u00c3O\/ SERGIPE &#8211; Parte 3\/9"},"content":{"rendered":"<p>(1) Vereadora MARIA DO CARMO S\u00c1 fez uso de 23 di\u00e1ria, contabilizando um total de R$9.900,00<\/p>\n<p>\u25a0 De Janeiro de 2017 a Abril de 2020.<\/p>\n<p>VEREADORA MARIA DO CARMO S\u00c1 (DEM)<\/p>\n<p>\u25a0 Di\u00e1rias \u2013 Ano de refer\u00eancia 2017.<\/p>\n<p>R$ 1.200,00 &#8211; XXV SEMIN\u00c1RIO INTERESTADUAL DE AGENTES P\u00daBLICOS E POL\u00cdTICOS, A SER REALIZADO NO PER\u00cdODO DE 24 A 27 DE MAR\u00c7O DE 2017, EM PAULO AFONSO\/BA.<\/p>\n<p>R$ 2.100,00 &#8211; XXXIII SEMIN\u00c1RIO INTERESTADUAL DE AGENTES P\u00daBLICOS E POL\u00cdTICOS, A SER REALIZADO NO PER\u00cdODO DE 25 A 28 DE AGOSTO DE 2017, EM MACEI\u00d3\/AL.<\/p>\n<p>Total de di\u00e1rias da VEREADORA VEREADOR MARIA DO CARMO S\u00c1 no ano de 2017: R$ 3.300,00 (Tr\u00eas mil e trezentos reais).<\/p>\n<p>\u25a0 Projetos \u2013 Ano 2017.<\/p>\n<p>&#8211; N\u00e3o existem informa\u00e7\u00f5es sobre projetos dispon\u00edveis para o ano de 2017 no site da C\u00e2mara Municipal.<\/p>\n<p>\u25a0 Di\u00e1rias \u2013 Ano de refer\u00eancia 2018.<\/p>\n<p>R$ 2.100,00 &#8211; L SEMIN\u00c1RIO INTERESTADUAL DE AGENTES P\u00daBLICOS E POL\u00cdTICOS, A SER REALIZADO NO PER\u00cdODO DE 08 A 11 DE JUNHO DE 2018, EM ARAPIRACA\/AL.<\/p>\n<p>Total de di\u00e1rias da VEREADORA MARIA DO CARMO S\u00c1 no ano de 2018: R$ 2.100,00 (Dois mil e cem reais)!<\/p>\n<p>\u25a0 Projetos \u2013 Ano 2018.<\/p>\n<p>&#8211; N\u00e3o existem informa\u00e7\u00f5es sobre projetos dispon\u00edveis para o ano de 2018 no site da C\u00e2mara Municipal.<\/p>\n<p>\u25a0 Di\u00e1rias \u2013 Ano de refer\u00eancia 2019<\/p>\n<p>R$ 300,00 &#8211; II CONGRESSO BRASILEIRO DE VEREADORES DE 23 A 25 DE MAIO DE 2019 NA CIDADE DE ARACAJU\/SE.<\/p>\n<p>R$ 2.100,00 &#8211; VIII SEMIN\u00c1RIO NACIONAL DE GEST\u00c3O LEGISLATIVA, A SER REALIZADO NO PER\u00cdODO 23 A 26 DE AGOSTO DO CORRENTE ANO, NO MUNIC\u00cdPIO DE MACEIO-AL.<\/p>\n<p>R$ 2.100,00 &#8211; XIII SEMIN\u00c1RIO NACIONAL DE GEST\u00c3O LEGISLATIVA, A SER REALIZADO NO PER\u00cdODO 25 A 28 DE OUTUBRO DO CORRENTE ANO, NO MUNIC\u00cdPIO DE MACEI\u00d3-AL.<\/p>\n<p>Total de di\u00e1rias da VEREADORA MARIA DO CARMO S\u00c1 no ano de 2019: R$ 4.500, 00 (Quatro mil e quinhentos reais!).<\/p>\n<p>\u25a0 Projetos \u2013 Ano 2019.<\/p>\n<p>N\u00e3o consta no site da C\u00e2mara nenhum projeto espec\u00edfico apresentado pelo Vereadora Maria do Carmo S\u00e1 no ano de 2019.<\/p>\n<p>\u25a0 Di\u00e1rias \u2013 Ano de refer\u00eancia 2020.<\/p>\n<p>At\u00e9 o momento, n\u00e3o existe nenhuma di\u00e1ria registrada.<\/p>\n<p>\u25a0 Projetos \u2013 Ano 2020.<\/p>\n<p>N\u00e3o consta no site da C\u00e2mara nenhum projeto espec\u00edfico apresentado pelo Vereadora Maria do Carmo S\u00e1 no ano de 2020.<\/p>\n<p>De 01 de janeiro de 2017 at\u00e9 30 de mar\u00e7o de 2020, a Vereadora MARIA DO CARMO S\u00c1 fez uso de 23 di\u00e1ria, contabilizando um total de R$ 9.900,00 (Nove mil e novecentos reais). Isso d\u00e1 uma m\u00e9dia de R$ 430,43 por di\u00e1ria. Se dividirmos por m\u00eas tendo a data acima como refer\u00eancia, equivale a R$ 253,84 reais por m\u00eas de di\u00e1rias.<\/p>\n<p>(*) Enviado por um\/a leitor\/a cujo nome ser\u00e1 preservada. Dentro da nossa linha editorial, o conte\u00fado foi checado e devidamente confirmadas \u00e0s informa\u00e7\u00f5es.<\/p>\n","protected":false},"excerpt":{"rendered":"<p>(1) Vereadora MARIA DO CARMO S\u00c1 fez uso de 23 di\u00e1ria, contabilizando um total de R$9.900,00 \u25a0 De Janeiro de 2017 a Abril de 2020. VEREADORA MARIA DO CARMO S\u00c1 (DEM) \u25a0 Di\u00e1rias \u2013 Ano de refer\u00eancia 2017. R$ 1.200,00 &#8211; XXV SEMIN\u00c1RIO INTERESTADUAL DE AGENTES P\u00daBLICOS E POL\u00cdTICOS, A SER REALIZADO NO PER\u00cdODO DE 24 A 27 DE MAR\u00c7O DE 2017, EM PAULO AFONSO\/BA. R$ 2.100,00 &#8211; XXXIII SEMIN\u00c1RIO<\/p>\n","protected":false},"author":1,"featured_media":1108,"comment_status":"open","ping_status":"open","sticky":false,"template":"","format":"standard","meta":[],"categories":[18],"tags":[],"yoast_head":"<!-- This site is optimized with the Yoast SEO plugin v16.3 - https:\/\/yoast.com\/wordpress\/plugins\/seo\/ -->\n<title>RELAT\u00d3RIO DAS DI\u00c1RIAS E DOS PROJETOS DA C\u00c2MARA MINICIPAL DE CEDRO DE S\u00c3O JO\u00c3O\/ SERGIPE - Parte 3\/9 - TRIBUNA DA PRAIA<\/title>\n<meta name=\"robots\" content=\"index, follow, max-snippet:-1, max-image-preview:large, max-video-preview:-1\" \/>\n<link rel=\"canonical\" href=\"https:\/\/tribunadapraia.com.br\/?p=1107\" \/>\n<meta property=\"og:locale\" content=\"pt_BR\" \/>\n<meta property=\"og:type\" content=\"article\" \/>\n<meta property=\"og:title\" content=\"RELAT\u00d3RIO DAS DI\u00c1RIAS E DOS PROJETOS DA C\u00c2MARA MINICIPAL DE CEDRO DE S\u00c3O JO\u00c3O\/ SERGIPE - Parte 3\/9 - TRIBUNA DA PRAIA\" \/>\n<meta property=\"og:description\" content=\"(1) Vereadora MARIA DO CARMO S\u00c1 fez uso de 23 di\u00e1ria, contabilizando um total de R$9.900,00 \u25a0 De Janeiro de 2017 a Abril de 2020. VEREADORA MARIA DO CARMO S\u00c1 (DEM) \u25a0 Di\u00e1rias \u2013 Ano de refer\u00eancia 2017. R$ 1.200,00 &#8211; XXV SEMIN\u00c1RIO INTERESTADUAL DE AGENTES P\u00daBLICOS E POL\u00cdTICOS, A SER REALIZADO NO PER\u00cdODO DE 24 A 27 DE MAR\u00c7O DE 2017, EM PAULO AFONSO\/BA. R$ 2.100,00 &#8211; XXXIII SEMIN\u00c1RIO\" \/>\n<meta property=\"og:url\" content=\"https:\/\/tribunadapraia.com.br\/?p=1107\" \/>\n<meta property=\"og:site_name\" content=\"TRIBUNA DA PRAIA\" \/>\n<meta property=\"article:publisher\" content=\"https:\/\/www.facebook.com\/tribunadapraiaonline\/\" \/>\n<meta property=\"article:published_time\" content=\"2020-04-09T12:02:16+00:00\" \/>\n<meta property=\"article:modified_time\" content=\"2020-04-09T12:03:08+00:00\" \/>\n<meta property=\"og:image\" content=\"https:\/\/tribunadapraia.com.br\/wp-content\/uploads\/2020\/04\/IMG-20200409-WA0009.jpg\" \/>\n\t<meta property=\"og:image:width\" content=\"161\" \/>\n\t<meta property=\"og:image:height\" content=\"225\" \/>\n<meta name=\"twitter:card\" content=\"summary_large_image\" \/>\n<meta name=\"twitter:creator\" content=\"@Claudomir21\" \/>\n<meta name=\"twitter:site\" content=\"@Claudomir21\" \/>\n<meta name=\"twitter:label1\" content=\"Est. tempo de leitura\">\n\t<meta name=\"twitter:data1\" content=\"2 minutos\">\n<script type=\"application\/ld+json\" class=\"yoast-schema-graph\">{\"@context\":\"https:\/\/schema.org\",\"@graph\":[{\"@type\":\"Organization\",\"@id\":\"https:\/\/tribunadapraia.com.br\/#organization\",\"name\":\"Tribuna da Praia\",\"url\":\"https:\/\/tribunadapraia.com.br\/\",\"sameAs\":[\"https:\/\/www.facebook.com\/tribunadapraiaonline\/\",\"https:\/\/www.instagram.com\/claudomirtavares\/\",\"https:\/\/www.youtube.com\/channel\/UCwQf80nxiMzCefAyjbp53Rw\",\"https:\/\/twitter.com\/Claudomir21\"],\"logo\":{\"@type\":\"ImageObject\",\"@id\":\"https:\/\/tribunadapraia.com.br\/#logo\",\"inLanguage\":\"pt-BR\",\"url\":\"https:\/\/tribunadapraia.com.br\/wp-content\/uploads\/2020\/02\/logo.png\",\"contentUrl\":\"https:\/\/tribunadapraia.com.br\/wp-content\/uploads\/2020\/02\/logo.png\",\"width\":501,\"height\":121,\"caption\":\"Tribuna da Praia\"},\"image\":{\"@id\":\"https:\/\/tribunadapraia.com.br\/#logo\"}},{\"@type\":\"WebSite\",\"@id\":\"https:\/\/tribunadapraia.com.br\/#website\",\"url\":\"https:\/\/tribunadapraia.com.br\/\",\"name\":\"TRIBUNA DA PRAIA\",\"description\":\"O 1\\u00ba jornal do interior de Sergipe na internet\",\"publisher\":{\"@id\":\"https:\/\/tribunadapraia.com.br\/#organization\"},\"potentialAction\":[{\"@type\":\"SearchAction\",\"target\":\"https:\/\/tribunadapraia.com.br\/?s={search_term_string}\",\"query-input\":\"required name=search_term_string\"}],\"inLanguage\":\"pt-BR\"},{\"@type\":\"ImageObject\",\"@id\":\"https:\/\/tribunadapraia.com.br\/?p=1107#primaryimage\",\"inLanguage\":\"pt-BR\",\"url\":\"https:\/\/tribunadapraia.com.br\/wp-content\/uploads\/2020\/04\/IMG-20200409-WA0009.jpg\",\"contentUrl\":\"https:\/\/tribunadapraia.com.br\/wp-content\/uploads\/2020\/04\/IMG-20200409-WA0009.jpg\",\"width\":161,\"height\":225},{\"@type\":\"WebPage\",\"@id\":\"https:\/\/tribunadapraia.com.br\/?p=1107#webpage\",\"url\":\"https:\/\/tribunadapraia.com.br\/?p=1107\",\"name\":\"RELAT\\u00d3RIO DAS DI\\u00c1RIAS E DOS PROJETOS DA C\\u00c2MARA MINICIPAL DE CEDRO DE S\\u00c3O JO\\u00c3O\/ SERGIPE - Parte 3\/9 - TRIBUNA DA PRAIA\",\"isPartOf\":{\"@id\":\"https:\/\/tribunadapraia.com.br\/#website\"},\"primaryImageOfPage\":{\"@id\":\"https:\/\/tribunadapraia.com.br\/?p=1107#primaryimage\"},\"datePublished\":\"2020-04-09T12:02:16+00:00\",\"dateModified\":\"2020-04-09T12:03:08+00:00\",\"breadcrumb\":{\"@id\":\"https:\/\/tribunadapraia.com.br\/?p=1107#breadcrumb\"},\"inLanguage\":\"pt-BR\",\"potentialAction\":[{\"@type\":\"ReadAction\",\"target\":[\"https:\/\/tribunadapraia.com.br\/?p=1107\"]}]},{\"@type\":\"BreadcrumbList\",\"@id\":\"https:\/\/tribunadapraia.com.br\/?p=1107#breadcrumb\",\"itemListElement\":[{\"@type\":\"ListItem\",\"position\":1,\"item\":{\"@type\":\"WebPage\",\"@id\":\"https:\/\/tribunadapraia.com.br\/\",\"url\":\"https:\/\/tribunadapraia.com.br\/\",\"name\":\"In\\u00edcio\"}},{\"@type\":\"ListItem\",\"position\":2,\"item\":{\"@id\":\"https:\/\/tribunadapraia.com.br\/?p=1107#webpage\"}}]},{\"@type\":\"Article\",\"@id\":\"https:\/\/tribunadapraia.com.br\/?p=1107#article\",\"isPartOf\":{\"@id\":\"https:\/\/tribunadapraia.com.br\/?p=1107#webpage\"},\"author\":{\"@id\":\"https:\/\/tribunadapraia.com.br\/#\/schema\/person\/326b0a9f3163b479142c64eba4928de0\"},\"headline\":\"RELAT\\u00d3RIO DAS DI\\u00c1RIAS E DOS PROJETOS DA C\\u00c2MARA MINICIPAL DE CEDRO DE S\\u00c3O JO\\u00c3O\/ SERGIPE &#8211; Parte 3\/9\",\"datePublished\":\"2020-04-09T12:02:16+00:00\",\"dateModified\":\"2020-04-09T12:03:08+00:00\",\"mainEntityOfPage\":{\"@id\":\"https:\/\/tribunadapraia.com.br\/?p=1107#webpage\"},\"wordCount\":477,\"commentCount\":0,\"publisher\":{\"@id\":\"https:\/\/tribunadapraia.com.br\/#organization\"},\"image\":{\"@id\":\"https:\/\/tribunadapraia.com.br\/?p=1107#primaryimage\"},\"thumbnailUrl\":\"https:\/\/tribunadapraia.com.br\/wp-content\/uploads\/2020\/04\/IMG-20200409-WA0009.jpg\",\"articleSection\":[\"Not\\u00edcias\"],\"inLanguage\":\"pt-BR\",\"potentialAction\":[{\"@type\":\"CommentAction\",\"name\":\"Comment\",\"target\":[\"https:\/\/tribunadapraia.com.br\/?p=1107#respond\"]}]},{\"@type\":\"Person\",\"@id\":\"https:\/\/tribunadapraia.com.br\/#\/schema\/person\/326b0a9f3163b479142c64eba4928de0\",\"name\":\"tribunadapraia\",\"image\":{\"@type\":\"ImageObject\",\"@id\":\"https:\/\/tribunadapraia.com.br\/#personlogo\",\"inLanguage\":\"pt-BR\",\"url\":\"https:\/\/secure.gravatar.com\/avatar\/38b019c74762496076b7355024a0dad9?s=96&d=identicon&r=g\",\"contentUrl\":\"https:\/\/secure.gravatar.com\/avatar\/38b019c74762496076b7355024a0dad9?s=96&d=identicon&r=g\",\"caption\":\"tribunadapraia\"}}]}<\/script>\n<!-- \/ Yoast SEO plugin. -->","wps_subtitle":"","_links":{"self":[{"href":"https:\/\/tribunadapraia.com.br\/index.php?rest_route=\/wp\/v2\/posts\/1107"}],"collection":[{"href":"https:\/\/tribunadapraia.com.br\/index.php?rest_route=\/wp\/v2\/posts"}],"about":[{"href":"https:\/\/tribunadapraia.com.br\/index.php?rest_route=\/wp\/v2\/types\/post"}],"author":[{"embeddable":true,"href":"https:\/\/tribunadapraia.com.br\/index.php?rest_route=\/wp\/v2\/users\/1"}],"replies":[{"embeddable":true,"href":"https:\/\/tribunadapraia.com.br\/index.php?rest_route=%2Fwp%2Fv2%2Fcomments&post=1107"}],"version-history":[{"count":1,"href":"https:\/\/tribunadapraia.com.br\/index.php?rest_route=\/wp\/v2\/posts\/1107\/revisions"}],"predecessor-version":[{"id":1109,"href":"https:\/\/tribunadapraia.com.br\/index.php?rest_route=\/wp\/v2\/posts\/1107\/revisions\/1109"}],"wp:featuredmedia":[{"embeddable":true,"href":"https:\/\/tribunadapraia.com.br\/index.php?rest_route=\/wp\/v2\/media\/1108"}],"wp:attachment":[{"href":"https:\/\/tribunadapraia.com.br\/index.php?rest_route=%2Fwp%2Fv2%2Fmedia&parent=1107"}],"wp:term":[{"taxonomy":"category","embeddable":true,"href":"https:\/\/tribunadapraia.com.br\/index.php?rest_route=%2Fwp%2Fv2%2Fcategories&post=1107"},{"taxonomy":"post_tag","embeddable":true,"href":"https:\/\/tribunadapraia.com.br\/index.php?rest_route=%2Fwp%2Fv2%2Ftags&post=1107"}],"curies":[{"name":"wp","href":"https:\/\/api.w.org\/{rel}","templated":true}]}}