{"id":1090,"date":"2020-04-07T11:55:51","date_gmt":"2020-04-07T14:55:51","guid":{"rendered":"https:\/\/tribunadapraia.com.br\/?p=1090"},"modified":"2020-04-07T12:18:35","modified_gmt":"2020-04-07T15:18:35","slug":"relatorio-das-diarias-e-dos-projetos-da-camara-minicipal-de-cedro-de-sao-joao-sergipe-parte-1-9","status":"publish","type":"post","link":"https:\/\/tribunadapraia.com.br\/?p=1090","title":{"rendered":"RELAT\u00d3RIO DAS DI\u00c1RIAS E DOS PROJETOS DA C\u00c3l\u00c2MARA MINICIPAL DE CEDRO DE S\u00c3O JO\u00c3O\/SERGIPE &#8211; Parte 1\/9."},"content":{"rendered":"<p>(*) Vereador Nelson Santana fez uso de 30 di\u00e1rias, contabilizando um total de R$34.650,00 (trinta e quatro mil e seiscentos e cinquenta reais).<\/p>\n<p>De Janeiro de 2017 a Abril de 2020<\/p>\n<p>\u300bVEREADOR NELSON DA CRUZ SANTANA (PV &#8211; Partido Verde)<\/p>\n<p>\u25a0 Di\u00e1rias \u2013 Ano de refer\u00eancia 2017.<\/p>\n<p>R$ 150 &#8211; ENCONTRO DE LEGISLATIVOS MUNICIPAIS \u2013 16\/02\/2017 &#8211; ARACAJU\/SE.<\/p>\n<p>R$1.200,00 &#8211; XXV SEMIN\u00c1RIO INTERESTADUAL DE AGENTES P\u00daBLICOS E POL\u00cdTICOS, A SER REALIZADO NO PER\u00cdODO DE 24 A 27 DE MAR\u00c7O DE 2017, EM PAULO AFONSO\/BA.<\/p>\n<p>R$1.200,00 &#8211; XXVII SEMIN\u00c1RIO INTERESTADUAL DE AGENTES P\u00daBLICOS E POL\u00cdTICOS, A SER REALIZADO NO PER\u00cdODO DE 27 A 30 DE ABRIL DE 2017, EM CONDE\/BA.<\/p>\n<p>R$1.200,00 &#8211; XXXI SEMIN\u00c1RIO INTERESTADUAL DE AGENTES P\u00daBLICOS E POL\u00cdTICOS, A SER REALIZADO NO PER\u00cdODO DE 30 DE JUNHO A 03 DE JULHO DE 2017, EM ARAPIRACA\/AL.<\/p>\n<p>R$ 150,00 &#8211; II F\u00d3RUM GEST\u00c3O TRANSPARENTE, A SER REALIZADO NA CIDADE DE ARACAJU, NO DIA 31 DE JULHO DE 2017.<\/p>\n<p>R$ 1.400.00 &#8211; PARTICIPAR DE REUNI\u00d5ES EM BRAS\u00cdLIA NO DIA 22 e 23 de Agosto de 2017.<\/p>\n<p>R$ 2.100,00 &#8211; XXXV SEMIN\u00c1RIO INTERESTADUAL DE AGENTES P\u00daBLICOS E POL\u00cdTICOS, A SER REALIZADO NO PER\u00cdODO DE 22 A 25 DE SETEMBRO DE 2017, EM PAULO AFONSO\/BA.<\/p>\n<p>R$ 300,00 &#8211; XXXVI SEMIN\u00c1RIO INTERESTADUAL DE AGENTES P\u00daBLICOS E POL\u00cdTICOS, A SER REALIZADO NOS DIAS 07 E 08 DE OUTUBRO DE 2017, EM ARACAJU\/SE.<\/p>\n<p>R$ 2.100,00 &#8211; XL ENCONTRO BRASILEIRO DE AGENTES P\u00daBLICOS, A SER REALIZADO NO PER\u00cdODO DE 10 A 13 DE NOVEMBRO DE 2017, EM MACEI\u00d3\/AL.<\/p>\n<p>R$ 2.100,00 &#8211; XL SEMIN\u00c1RIO INTERESTADUAL DE AGENTES P\u00daBLICOS E POL\u00cdTICOS, A SER REALIZADO NO PER\u00cdODO DE 08 A 11 DE DEZEMBRO DE 2017, EM MACEI\u00d3\/AL.<\/p>\n<p>R$ 2.100,00 &#8211; XLII SEMIN\u00c1RIO INTERESTADUAL DE AGENTES P\u00daBLICOS E POL\u00cdTICOS, A SER REALIZADO NO PER\u00cdODO DE 27 A 30 DE DEZEMBRO DE 2017, EM MACEI\u00d3\/AL.<\/p>\n<p>Total de di\u00e1rias do VEREADOR NELSON SANTANA no ano de 2017: R$ 14.000, 00 (Quatorze mil reais)! Ou seja: R$ 1.166,66 por m\u00eas s\u00f3 de di\u00e1rias. Mais que um sal\u00e1rio m\u00ednimo por m\u00eas. Do total acima, R$ 12.300,00 foram exclusivamente cursos de capacita\u00e7\u00e3o nos Semin\u00e1rios Interestadual.<\/p>\n<p>\u25a0 Projetos do Vereador Nelson Santana \u2013 Ano 2017.<\/p>\n<p>&#8211; N\u00e3o existem informa\u00e7\u00f5es sobre projetos dispon\u00edveis para o ano de 2017 no site da C\u00e2mara Municipal.<\/p>\n<p>\u25a0 Di\u00e1rias \u2013 Ano de refer\u00eancia 2018.<\/p>\n<p>R$ 2.100,00 &#8211; 11\u00ba ENCONTRO BRASILEIRO DE AGENTES P\u00daBLICOS, A SER REALIZADO NO PER\u00cdODO DE 26 A 29 DE JANEIRO DE 2018, EM MACEI\u00d3\/AL.<\/p>\n<p>R$ 150,00 &#8211; DESPESAS COM 1 (UMA) DI\u00c1RIA PELO DESLOCAMENTO A ARACAJU\/SE, NO DIA 15 DE FEVEREIRO DE 2018, PARA TRATAR DE ASSUNTOS CONT\u00c1BEIS NA CAT CONSULTORIA.<\/p>\n<p>R$ 2.100,00 &#8211; XLV SEMIN\u00c1RIO INTERESTADUAL DE AGENTES P\u00daBLICOS E POL\u00cdTICOS, A SER REALIZADO NO PER\u00cdODO DE 23 A 26 DE FEVEREIRO DE 2018, EM MACEI\u00d3\/AL.<\/p>\n<p>R$ 2.100,00 &#8211; XLVII SEMIN\u00c1RIO INTERESTADUAL DE AGENTES P\u00daBLICOS E POL\u00cdTICOS, A SER REALIZADO NO PER\u00cdODO DE 06 A 09 DE ABRIL DE 2018, EM PAULO AFONSO\/BA.<\/p>\n<p>R$ 150,00 &#8211; DESPESAS COM 1 (UMA) DI\u00c1RIA PELO DESLOCAMENTO A ARACAJU\/SE, NO DIA 05 DE ABRIL DE 2018, PARA PROTOCOLAR DOCUMENTOS NO TRIBUNAL DE CONTAS DO ESTADO &#8211; TCE\/SE.<\/p>\n<p>R$150,00 &#8211; DESPESAS COM 1 (UMA) DI\u00c1RIA PELO DESLOCAMENTO A ARACAJU\/SE, NO DIA 12 DE ABRIL DE 2018, PARA LEVAR IMPRESSORA DESTA CASA LEGISLATIVA PARA MANUTEN\u00c7\u00c3O.<\/p>\n<p>R$ 150,00 &#8211; DESPESAS COM 1 (UMA) DI\u00c1RIA PELO DESLOCAMENTO A ARACAJU\/SE, NO DIA 30 DE ABRIL DE 2018, PARA LEVAR DOCUMENTOS NA CAT CONSULTORIA E FAZER PESQUISA DE PRE\u00c7OS PARA AQUISI\u00c7\u00c3O DE MATERIAIS PARA MANUTEN\u00c7\u00c3O DESTA CASA LEGISLATIVA.<\/p>\n<p>R$ 150,00 &#8211; DESPESAS COM 1 (UMA) DI\u00c1RIA PELO DESLOCAMENTO A ARACAJU\/SE, NO DIA 05 DE JUNHO DE 2018, PARA LEVAR IMPRESSORA DESTA CASA LEGISLATIVA PARA MANUTEN\u00c7\u00c3O E FAZER PESQUISA DE PRE\u00c7OS PARA AQUISI\u00c7\u00c3O DE MATERIAIS PARA MANUTEN\u00c7\u00c3O DESTA CASA LEGISLATIVA.<\/p>\n<p>R$ 2.100,00 &#8211; L SEMIN\u00c1RIO INTERESTADUAL DE AGENTES P\u00daBLICOS E POL\u00cdTICOS, A SER REALIZADO NO PER\u00cdODO DE 08 A 11 DE JUNHO DE 2018, EM ARAPIRACA\/AL.<\/p>\n<p>R$ 150,00 &#8211; DESPESAS COM 1 (UMA) DI\u00c1RIA PELO DESLOCAMENTO A ARACAJU\/SE, NO DIA 15 DE JUNHO DE 2018, PARA PROTOCOLAR DOCUMENTOS DESTA CASA LEGISLATIVA NO TRIBUNAL DE CONTAS DO ESTADO DE SERGIPE.<\/p>\n<p>R$150,00 &#8211; DESPESAS COM 1 (UMA) DI\u00c1RIA PELO DESLOCAMENTO A ARACAJU\/SE, NO DIA 13 DE JULHO DE 2018, PARA PARTICIPAR DE ENCONTRO SOBRE TRANSPAR\u00caNCIA P\u00daBLICA NA \u00c1GAPE SISTEMAS ONDE NA OPORTUNIDADE FOI APRESENTADO \u00c0S ALTERA\u00c7\u00d5ES DA NORMATIVA 02\/2018 EM ALUS\u00c3O \u00c0 RESOLU\u00c7\u00c3O 311\/2018 DO TCE\/SE.<\/p>\n<p>R$ 2.100,00 &#8211; LIV SEMIN\u00c1RIO INTERESTADUAL DE AGENTES P\u00daBLICOS E POL\u00cdTICOS, A SER REALIZADO NO PER\u00cdODO DE 03 A 06 DE AGOSTO DE 2018, EM PAULO AFONSO\/BA.<\/p>\n<p>R$ 150,00 &#8211; DESPESAS COM 1 (UMA) DI\u00c1RIA PELO DESLOCAMENTO A ARACAJU\/SE, NO DIA 20 DE AGOSTO DE 2018, PARA COMPRAR EQUIPAMENTOS PARA MANUTEN\u00c7\u00c3O DESTA CASA LEGISLATIVA.<\/p>\n<p>R$150,00 &#8211; DESPESAS COM 1 (UMA) DI\u00c1RIA PELO DESLOCAMENTO A ARACAJU\/SE, NO DIA 25 DE SETEMBRO DE 2018, PARA PARTICIPAR DO II CAF\u00c9 COM GESTORES, REALIZADO NO AQU\u00c1RIOS PRAIA HOTEL &#8211; ORLA DE ATALAIA, PARA TRATAR DAS MUDAN\u00c7AS TRAZIDAS PELA IMPLANTA\u00c7\u00c3O DO PROCESSO ELETR\u00d4NICO NO \u00c2MBITO DO TCE\/SE.<\/p>\n<p>Total de di\u00e1rias do VEREADOR NELSON SANTANA no ano de 2018: R$ 11.850, 00 (Onze mil oitocentos e cinquenta reais)! Ou seja: R$ 987,5 por m\u00eas s\u00f3 de di\u00e1ria. Mais que um sal\u00e1rio m\u00ednimo por m\u00eas. Do total acima, R$ 8.400,00 foram exclusivamente cursos de capacita\u00e7\u00e3o nos Semin\u00e1rios Interestadual.<\/p>\n<p>\u25a0 Projetos do Vereador Nelson Santana \u2013 Ano 2018<\/p>\n<p>&#8211; N\u00e3o existem informa\u00e7\u00f5es sobre projetos dispon\u00edveis para o ano de 2018 no site da C\u00e2mara Municipal.<\/p>\n<p>\u25a0 Di\u00e1rias \u2013 Ano de refer\u00eancia 2019<\/p>\n<p>R$ 2.100,00 &#8211; XXII MARCHA A BRAS\u00cdLIA EM DEFESA DOS MUNIC\u00cdPIOS, A SER REALIZADO NO PER\u00cdODO 08 A 11 DE ABRIL DO CORRENTE ANO, NO MUNIC\u00cdPIO DE BRAS\u00cdLIA-DF.<\/p>\n<p>R$400,00 &#8211; XII MARCHA A BRAS\u00cdLIA EM DEFESA DOS MUNIC\u00cdPIOS REALIZADA PELA CONFEDERA\u00c7\u00c3O NACIONAL DOS MUNIC\u00cdPIOS, SENDO QUE A MESMO FORA REALIZADA COM RECURSOS PROPRIOS NO ATO DO EVENTO PELO MEMBRO DESTA CASA LEGISLATIVA, DEVIDO A N\u00c3O DISPONIBILIDADE DO SITE DA CNM.<\/p>\n<p>R$ 2.100,00 &#8211; LXVII SEMIN\u00c1RIO INTERESTADUAL DE AGENTES P\u00daBLICOS E POL\u00cdTICOS, A SER REALIZADO NO PER\u00cdODO 20 A 23 DE JUNHO DO CORRENTE ANO, NO MUNIC\u00cdPIO DE PAULO AFONSO-BA.<\/p>\n<p>R$ 2.100,00 &#8211; VIII SEMIN\u00c1RIO NACIONAL DE GEST\u00c3O LEGISLATIVA, A SER REALIZADO NO PER\u00cdODO 23 A 26 DE AGOSTO DO CORRENTE ANO, NO MUNIC\u00cdPIO DE MACEIO-AL.<\/p>\n<p>R$ 2.100,00 &#8211; CONGRESSO INTERESTADUAL DE AGENTES P\u00daBLICOS, A SER REALIZADO NO PER\u00cdODO 22 A 25 DE NOVEMBRO DO CORRENTE ANO, NO MUNIC\u00cdPIO DE PETROLINA-PE.<\/p>\n<p>Total de di\u00e1rias do VEREADOR NELSON SANTANA no ano de 2019: R$ 8.800, 00 (Oito mil e oitocentos reais)! Ou seja: R$733 por m\u00eas s\u00f3 de di\u00e1ria.<\/p>\n<p>\u25a0 Projetos do Vereador Nelson Santana\u2013 Ano 2019.<\/p>\n<p>&#8211; N\u00e3o consta no site da C\u00e2mara nenhum projeto espec\u00edfico apresentado pelo Vereador Nelson Santana no ano de 2019.<\/p>\n<p>\u25a0 Di\u00e1rias \u2013 Ano de refer\u00eancia 2020.<\/p>\n<p>At\u00e9 o momento, n\u00e3o existe nenhuma di\u00e1ria registrada.<\/p>\n<p>Projetos \u2013 Ano 2020<\/p>\n<p>&#8216; N\u00e3o consta no site da C\u00e2mara nenhum projeto espec\u00edfico apresentado pelo Vereador Nelson Santana no ano de 2020.<\/p>\n<p>De 01 de janeiro de 2017 at\u00e9 30 de mar\u00e7o de 2020, o Vereador Nelson Santana fez uso de 30 di\u00e1rias, contabilizando um total de R$ 34.650,00 (trinta e quatro mil e seiscentos e cinquenta reais). Isso d\u00e1 uma m\u00e9dia de R$ 1.155,00 por di\u00e1ria , se dividirmos por m\u00eas tendo a data acima como refer\u00eancia, equivale a R$880 reais por m\u00eas de di\u00e1rias gasto apenas por um \u00fanico Vereador.<\/p>\n<p>Tamb\u00e9m nesse mesmo per\u00edodo N\u00c3O CONSTA SEQUER UM \u00daNICO PROJETO CRIADO PELO VEREADOR NELSON SANTANA (Partido Verde).<\/p>\n<p>Algumas indaga\u00e7\u00f5es:<\/p>\n<p>A) Qual foi a Empresa organizadora de tantos &#8220;Semin\u00e1rios&#8221;? Ser\u00e1 que \u00e9 a Cap Treinamentos e Congressos LTDA \u2013 CNPJ 22.003.208\/0001-05, empresa que est\u00e1 com o cadastro \u201cBAIXADO\u201d na Receita Federal, o que significa que \u201cuma empresa deixa de apresentar suas declara\u00e7\u00f5es cont\u00e1beis junto \u00e0 Receita Federal, por mais de cinco anos seguidos. Quando isto ocorre, o CNPJ da empresa \u00e9 baixado, ou inativado, devendo ser regularizada a situa\u00e7\u00e3o caso se queira reabrir o neg\u00f3cio.\u201d Voc\u00ea pode conferia a informa\u00e7\u00e3o pelo site: https:\/\/cnpjs.rocks\/cnpj\/22003208000105\/cap-treinamentos-e-congressos-ltda.html<\/p>\n<p>B) Depois de tantos cursos de forma\u00e7\u00e3o, o Vereador Nelson n\u00e3o obteve nenhuma inspira\u00e7\u00e3o para criar algum Projeto p\u00fablico para o munic\u00edpio de Cedro ou ent\u00e3o sanar alguns problemas do munic\u00edpio tais como: o Matadouro fechado, a vergonhosa arquitetura do cemit\u00e9rio paroquial, a cria\u00e7\u00e3o de um cemit\u00e9rio municipal, uma quadra poliesportiva para o Povoado Po\u00e7o dos Bois? Ou o Vereador precisaria de mais furos de capacita\u00e7\u00e3o?<\/p>\n<p>C) Qual a necessidade real de tantas di\u00e1rias e de tantos gastos com o dinheiro p\u00fablico em um munic\u00edpio que faz parte do Estado mais pobre do Brasil e que, pelo IBGE, em 2017, 48,8% da popula\u00e7\u00e3o de Cedro vivia com meio sal\u00e1rio m\u00ednimo?<\/p>\n<p>Cedrenses, o intuito das informa\u00e7\u00f5es aqui apresentadas n\u00e3o \u00e9 acusar ningu\u00e9m, nem difamar e nem insinuar que algu\u00e9m esteja incorrendo fora da lei. Trata-se apenas de nos mantermos informados e esclarecidos sobre a atua\u00e7\u00e3o do Poder Legislativo Municipal. Todas as informa\u00e7\u00f5es aqui presentes foram retiradas do site oficial da c\u00e2mara Municipal de Cedro de S\u00e3o Jo\u00e3o.<\/p>\n<p>A cada semana, ou em menor tempo, ser\u00e1 apresentado um relat\u00f3rio igual a este sobre os demais Vereadores e ap\u00f3s sobre o Executivo Municipal.<\/p>\n<p>Aqui est\u00e1 apenas algumas informa\u00e7\u00f5es. Outras mais &#8220;complexas&#8221; tamb\u00e9m ser\u00e3o divulgadas!<\/p>\n<p>(*) Enviado por um\/a leitor\/a cujo nome ser\u00e1 preservada. Dentro da nossa linha editorial, o conte\u00fado foi checado e devidamente confirmadas \u00e0s informa\u00e7\u00f5es..<\/p>\n","protected":false},"excerpt":{"rendered":"<p>(*) Vereador Nelson Santana fez uso de 30 di\u00e1rias, contabilizando um total de R$34.650,00 (trinta e quatro mil e seiscentos e cinquenta reais). De Janeiro de 2017 a Abril de 2020 \u300bVEREADOR NELSON DA CRUZ SANTANA (PV &#8211; Partido Verde) \u25a0 Di\u00e1rias \u2013 Ano de refer\u00eancia 2017. R$ 150 &#8211; ENCONTRO DE LEGISLATIVOS MUNICIPAIS \u2013 16\/02\/2017 &#8211; ARACAJU\/SE. R$1.200,00 &#8211; XXV SEMIN\u00c1RIO INTERESTADUAL DE AGENTES P\u00daBLICOS E POL\u00cdTICOS, A SER<\/p>\n","protected":false},"author":1,"featured_media":1088,"comment_status":"open","ping_status":"open","sticky":false,"template":"","format":"standard","meta":[],"categories":[18],"tags":[],"yoast_head":"<!-- This site is optimized with the Yoast SEO plugin v16.3 - https:\/\/yoast.com\/wordpress\/plugins\/seo\/ -->\n<title>RELAT\u00d3RIO DAS DI\u00c1RIAS E DOS PROJETOS DA C\u00c3l\u00c2MARA MINICIPAL DE CEDRO DE S\u00c3O JO\u00c3O\/SERGIPE - Parte 1\/9. - TRIBUNA DA PRAIA<\/title>\n<meta name=\"robots\" content=\"index, follow, max-snippet:-1, max-image-preview:large, max-video-preview:-1\" \/>\n<link rel=\"canonical\" href=\"https:\/\/tribunadapraia.com.br\/?p=1090\" \/>\n<meta property=\"og:locale\" content=\"pt_BR\" \/>\n<meta property=\"og:type\" content=\"article\" \/>\n<meta property=\"og:title\" content=\"RELAT\u00d3RIO DAS DI\u00c1RIAS E DOS PROJETOS DA C\u00c3l\u00c2MARA MINICIPAL DE CEDRO DE S\u00c3O JO\u00c3O\/SERGIPE - Parte 1\/9. - TRIBUNA DA PRAIA\" \/>\n<meta property=\"og:description\" content=\"(*) Vereador Nelson Santana fez uso de 30 di\u00e1rias, contabilizando um total de R$34.650,00 (trinta e quatro mil e seiscentos e cinquenta reais). De Janeiro de 2017 a Abril de 2020 \u300bVEREADOR NELSON DA CRUZ SANTANA (PV &#8211; Partido Verde) \u25a0 Di\u00e1rias \u2013 Ano de refer\u00eancia 2017. R$ 150 &#8211; ENCONTRO DE LEGISLATIVOS MUNICIPAIS \u2013 16\/02\/2017 &#8211; ARACAJU\/SE. R$1.200,00 &#8211; XXV SEMIN\u00c1RIO INTERESTADUAL DE AGENTES P\u00daBLICOS E POL\u00cdTICOS, A SER\" \/>\n<meta property=\"og:url\" content=\"https:\/\/tribunadapraia.com.br\/?p=1090\" \/>\n<meta property=\"og:site_name\" content=\"TRIBUNA DA PRAIA\" \/>\n<meta property=\"article:publisher\" content=\"https:\/\/www.facebook.com\/tribunadapraiaonline\/\" \/>\n<meta property=\"article:published_time\" content=\"2020-04-07T14:55:51+00:00\" \/>\n<meta property=\"article:modified_time\" content=\"2020-04-07T15:18:35+00:00\" \/>\n<meta property=\"og:image\" content=\"https:\/\/tribunadapraia.com.br\/wp-content\/uploads\/2020\/04\/IMG-20200407-WA0052.jpg\" \/>\n\t<meta property=\"og:image:width\" content=\"161\" \/>\n\t<meta property=\"og:image:height\" content=\"225\" \/>\n<meta name=\"twitter:card\" content=\"summary_large_image\" \/>\n<meta name=\"twitter:creator\" content=\"@Claudomir21\" \/>\n<meta name=\"twitter:site\" content=\"@Claudomir21\" \/>\n<meta name=\"twitter:label1\" content=\"Est. tempo de leitura\">\n\t<meta name=\"twitter:data1\" content=\"8 minutos\">\n<script type=\"application\/ld+json\" class=\"yoast-schema-graph\">{\"@context\":\"https:\/\/schema.org\",\"@graph\":[{\"@type\":\"Organization\",\"@id\":\"https:\/\/tribunadapraia.com.br\/#organization\",\"name\":\"Tribuna da Praia\",\"url\":\"https:\/\/tribunadapraia.com.br\/\",\"sameAs\":[\"https:\/\/www.facebook.com\/tribunadapraiaonline\/\",\"https:\/\/www.instagram.com\/claudomirtavares\/\",\"https:\/\/www.youtube.com\/channel\/UCwQf80nxiMzCefAyjbp53Rw\",\"https:\/\/twitter.com\/Claudomir21\"],\"logo\":{\"@type\":\"ImageObject\",\"@id\":\"https:\/\/tribunadapraia.com.br\/#logo\",\"inLanguage\":\"pt-BR\",\"url\":\"https:\/\/tribunadapraia.com.br\/wp-content\/uploads\/2020\/02\/logo.png\",\"contentUrl\":\"https:\/\/tribunadapraia.com.br\/wp-content\/uploads\/2020\/02\/logo.png\",\"width\":501,\"height\":121,\"caption\":\"Tribuna da Praia\"},\"image\":{\"@id\":\"https:\/\/tribunadapraia.com.br\/#logo\"}},{\"@type\":\"WebSite\",\"@id\":\"https:\/\/tribunadapraia.com.br\/#website\",\"url\":\"https:\/\/tribunadapraia.com.br\/\",\"name\":\"TRIBUNA DA PRAIA\",\"description\":\"O 1\\u00ba jornal do interior de Sergipe na internet\",\"publisher\":{\"@id\":\"https:\/\/tribunadapraia.com.br\/#organization\"},\"potentialAction\":[{\"@type\":\"SearchAction\",\"target\":\"https:\/\/tribunadapraia.com.br\/?s={search_term_string}\",\"query-input\":\"required name=search_term_string\"}],\"inLanguage\":\"pt-BR\"},{\"@type\":\"ImageObject\",\"@id\":\"https:\/\/tribunadapraia.com.br\/?p=1090#primaryimage\",\"inLanguage\":\"pt-BR\",\"url\":\"https:\/\/tribunadapraia.com.br\/wp-content\/uploads\/2020\/04\/IMG-20200407-WA0052.jpg\",\"contentUrl\":\"https:\/\/tribunadapraia.com.br\/wp-content\/uploads\/2020\/04\/IMG-20200407-WA0052.jpg\",\"width\":161,\"height\":225},{\"@type\":\"WebPage\",\"@id\":\"https:\/\/tribunadapraia.com.br\/?p=1090#webpage\",\"url\":\"https:\/\/tribunadapraia.com.br\/?p=1090\",\"name\":\"RELAT\\u00d3RIO DAS DI\\u00c1RIAS E DOS PROJETOS DA C\\u00c3l\\u00c2MARA MINICIPAL DE CEDRO DE S\\u00c3O JO\\u00c3O\/SERGIPE - Parte 1\/9. - TRIBUNA DA PRAIA\",\"isPartOf\":{\"@id\":\"https:\/\/tribunadapraia.com.br\/#website\"},\"primaryImageOfPage\":{\"@id\":\"https:\/\/tribunadapraia.com.br\/?p=1090#primaryimage\"},\"datePublished\":\"2020-04-07T14:55:51+00:00\",\"dateModified\":\"2020-04-07T15:18:35+00:00\",\"breadcrumb\":{\"@id\":\"https:\/\/tribunadapraia.com.br\/?p=1090#breadcrumb\"},\"inLanguage\":\"pt-BR\",\"potentialAction\":[{\"@type\":\"ReadAction\",\"target\":[\"https:\/\/tribunadapraia.com.br\/?p=1090\"]}]},{\"@type\":\"BreadcrumbList\",\"@id\":\"https:\/\/tribunadapraia.com.br\/?p=1090#breadcrumb\",\"itemListElement\":[{\"@type\":\"ListItem\",\"position\":1,\"item\":{\"@type\":\"WebPage\",\"@id\":\"https:\/\/tribunadapraia.com.br\/\",\"url\":\"https:\/\/tribunadapraia.com.br\/\",\"name\":\"In\\u00edcio\"}},{\"@type\":\"ListItem\",\"position\":2,\"item\":{\"@id\":\"https:\/\/tribunadapraia.com.br\/?p=1090#webpage\"}}]},{\"@type\":\"Article\",\"@id\":\"https:\/\/tribunadapraia.com.br\/?p=1090#article\",\"isPartOf\":{\"@id\":\"https:\/\/tribunadapraia.com.br\/?p=1090#webpage\"},\"author\":{\"@id\":\"https:\/\/tribunadapraia.com.br\/#\/schema\/person\/326b0a9f3163b479142c64eba4928de0\"},\"headline\":\"RELAT\\u00d3RIO DAS DI\\u00c1RIAS E DOS PROJETOS DA C\\u00c3l\\u00c2MARA MINICIPAL DE CEDRO DE S\\u00c3O JO\\u00c3O\/SERGIPE &#8211; Parte 1\/9.\",\"datePublished\":\"2020-04-07T14:55:51+00:00\",\"dateModified\":\"2020-04-07T15:18:35+00:00\",\"mainEntityOfPage\":{\"@id\":\"https:\/\/tribunadapraia.com.br\/?p=1090#webpage\"},\"wordCount\":1634,\"commentCount\":1,\"publisher\":{\"@id\":\"https:\/\/tribunadapraia.com.br\/#organization\"},\"image\":{\"@id\":\"https:\/\/tribunadapraia.com.br\/?p=1090#primaryimage\"},\"thumbnailUrl\":\"https:\/\/tribunadapraia.com.br\/wp-content\/uploads\/2020\/04\/IMG-20200407-WA0052.jpg\",\"articleSection\":[\"Not\\u00edcias\"],\"inLanguage\":\"pt-BR\",\"potentialAction\":[{\"@type\":\"CommentAction\",\"name\":\"Comment\",\"target\":[\"https:\/\/tribunadapraia.com.br\/?p=1090#respond\"]}]},{\"@type\":\"Person\",\"@id\":\"https:\/\/tribunadapraia.com.br\/#\/schema\/person\/326b0a9f3163b479142c64eba4928de0\",\"name\":\"tribunadapraia\",\"image\":{\"@type\":\"ImageObject\",\"@id\":\"https:\/\/tribunadapraia.com.br\/#personlogo\",\"inLanguage\":\"pt-BR\",\"url\":\"https:\/\/secure.gravatar.com\/avatar\/38b019c74762496076b7355024a0dad9?s=96&d=identicon&r=g\",\"contentUrl\":\"https:\/\/secure.gravatar.com\/avatar\/38b019c74762496076b7355024a0dad9?s=96&d=identicon&r=g\",\"caption\":\"tribunadapraia\"}}]}<\/script>\n<!-- \/ Yoast SEO plugin. -->","wps_subtitle":"","_links":{"self":[{"href":"https:\/\/tribunadapraia.com.br\/index.php?rest_route=\/wp\/v2\/posts\/1090"}],"collection":[{"href":"https:\/\/tribunadapraia.com.br\/index.php?rest_route=\/wp\/v2\/posts"}],"about":[{"href":"https:\/\/tribunadapraia.com.br\/index.php?rest_route=\/wp\/v2\/types\/post"}],"author":[{"embeddable":true,"href":"https:\/\/tribunadapraia.com.br\/index.php?rest_route=\/wp\/v2\/users\/1"}],"replies":[{"embeddable":true,"href":"https:\/\/tribunadapraia.com.br\/index.php?rest_route=%2Fwp%2Fv2%2Fcomments&post=1090"}],"version-history":[{"count":2,"href":"https:\/\/tribunadapraia.com.br\/index.php?rest_route=\/wp\/v2\/posts\/1090\/revisions"}],"predecessor-version":[{"id":1092,"href":"https:\/\/tribunadapraia.com.br\/index.php?rest_route=\/wp\/v2\/posts\/1090\/revisions\/1092"}],"wp:featuredmedia":[{"embeddable":true,"href":"https:\/\/tribunadapraia.com.br\/index.php?rest_route=\/wp\/v2\/media\/1088"}],"wp:attachment":[{"href":"https:\/\/tribunadapraia.com.br\/index.php?rest_route=%2Fwp%2Fv2%2Fmedia&parent=1090"}],"wp:term":[{"taxonomy":"category","embeddable":true,"href":"https:\/\/tribunadapraia.com.br\/index.php?rest_route=%2Fwp%2Fv2%2Fcategories&post=1090"},{"taxonomy":"post_tag","embeddable":true,"href":"https:\/\/tribunadapraia.com.br\/index.php?rest_route=%2Fwp%2Fv2%2Ftags&post=1090"}],"curies":[{"name":"wp","href":"https:\/\/api.w.org\/{rel}","templated":true}]}}