{"id":1071,"date":"2020-04-07T00:44:28","date_gmt":"2020-04-07T03:44:28","guid":{"rendered":"https:\/\/tribunadapraia.com.br\/?p=1071"},"modified":"2020-04-07T00:44:28","modified_gmt":"2020-04-07T03:44:28","slug":"time-definido-mdb-de-niltinho-fechou-chapa-com-14-pre-candidatos-as-a-vereadores-as","status":"publish","type":"post","link":"https:\/\/tribunadapraia.com.br\/?p=1071","title":{"rendered":"TIME DEFINIDO: MDB de Niltinho fechou chapa com 14 pr\u00e9-candidatos\/as a vereadores\/as"},"content":{"rendered":"<p>O MDB do pr\u00e9-candidato a prefeito Jos\u00e9 Nilton de Souza Filho (Niltinho) j\u00e1 t\u00eam chapa completa para disputar \u00e0s elei\u00e7\u00f5es municipais, tendo o m\u00e9dico Jos\u00e9 Luiz Sandes como pr\u00e9-candidato a vice-prefeito e 14 pr\u00e9-candidatos e pr\u00e9-candidatas a vereadores e vereadoras.<\/p>\n<p>Fortalecido, o MDB por ele presidido aguarda a confirma\u00e7\u00e3o das novas filia\u00e7\u00f5es no Sistema FiliaWeb do TSE e sem defec\u00e7\u00f5es, partir para a pr\u00f3xima etapa antes das conven\u00e7\u00f5es partid\u00e1rias, tamb\u00e9m conhecida como consolida\u00e7\u00e3o do projeto e amplia\u00e7\u00e3o do leque de aliados.<\/p>\n<p>por Claudomir Herzog<\/p>\n","protected":false},"excerpt":{"rendered":"<p>O MDB do pr\u00e9-candidato a prefeito Jos\u00e9 Nilton de Souza Filho (Niltinho) j\u00e1 t\u00eam chapa completa para disputar \u00e0s elei\u00e7\u00f5es municipais, tendo o m\u00e9dico Jos\u00e9 Luiz Sandes como pr\u00e9-candidato a vice-prefeito e 14 pr\u00e9-candidatos e pr\u00e9-candidatas a vereadores e vereadoras. Fortalecido, o MDB por ele presidido aguarda a confirma\u00e7\u00e3o das novas filia\u00e7\u00f5es no Sistema FiliaWeb do TSE e sem defec\u00e7\u00f5es, partir para a pr\u00f3xima etapa antes das conven\u00e7\u00f5es partid\u00e1rias, tamb\u00e9m<\/p>\n","protected":false},"author":3,"featured_media":1072,"comment_status":"open","ping_status":"open","sticky":false,"template":"","format":"standard","meta":[],"categories":[18],"tags":[],"yoast_head":"<!-- This site is optimized with the Yoast SEO plugin v16.3 - https:\/\/yoast.com\/wordpress\/plugins\/seo\/ -->\n<title>TIME DEFINIDO: MDB de Niltinho fechou chapa com 14 pr\u00e9-candidatos\/as a vereadores\/as - TRIBUNA DA PRAIA<\/title>\n<meta name=\"robots\" content=\"index, follow, max-snippet:-1, max-image-preview:large, max-video-preview:-1\" \/>\n<link rel=\"canonical\" href=\"https:\/\/tribunadapraia.com.br\/?p=1071\" \/>\n<meta property=\"og:locale\" content=\"pt_BR\" \/>\n<meta property=\"og:type\" content=\"article\" \/>\n<meta property=\"og:title\" content=\"TIME DEFINIDO: MDB de Niltinho fechou chapa com 14 pr\u00e9-candidatos\/as a vereadores\/as - TRIBUNA DA PRAIA\" \/>\n<meta property=\"og:description\" content=\"O MDB do pr\u00e9-candidato a prefeito Jos\u00e9 Nilton de Souza Filho (Niltinho) j\u00e1 t\u00eam chapa completa para disputar \u00e0s elei\u00e7\u00f5es municipais, tendo o m\u00e9dico Jos\u00e9 Luiz Sandes como pr\u00e9-candidato a vice-prefeito e 14 pr\u00e9-candidatos e pr\u00e9-candidatas a vereadores e vereadoras. Fortalecido, o MDB por ele presidido aguarda a confirma\u00e7\u00e3o das novas filia\u00e7\u00f5es no Sistema FiliaWeb do TSE e sem defec\u00e7\u00f5es, partir para a pr\u00f3xima etapa antes das conven\u00e7\u00f5es partid\u00e1rias, tamb\u00e9m\" \/>\n<meta property=\"og:url\" content=\"https:\/\/tribunadapraia.com.br\/?p=1071\" \/>\n<meta property=\"og:site_name\" content=\"TRIBUNA DA PRAIA\" \/>\n<meta property=\"article:publisher\" content=\"https:\/\/www.facebook.com\/tribunadapraiaonline\/\" \/>\n<meta property=\"article:published_time\" content=\"2020-04-07T03:44:28+00:00\" \/>\n<meta property=\"og:image\" content=\"https:\/\/tribunadapraia.com.br\/wp-content\/uploads\/2020\/04\/IMG-20200407-WA0011.jpg\" \/>\n\t<meta property=\"og:image:width\" content=\"540\" \/>\n\t<meta property=\"og:image:height\" content=\"533\" \/>\n<meta name=\"twitter:card\" content=\"summary_large_image\" \/>\n<meta name=\"twitter:creator\" content=\"@Claudomir21\" \/>\n<meta name=\"twitter:site\" content=\"@Claudomir21\" \/>\n<script type=\"application\/ld+json\" class=\"yoast-schema-graph\">{\"@context\":\"https:\/\/schema.org\",\"@graph\":[{\"@type\":\"Organization\",\"@id\":\"https:\/\/tribunadapraia.com.br\/#organization\",\"name\":\"Tribuna da Praia\",\"url\":\"https:\/\/tribunadapraia.com.br\/\",\"sameAs\":[\"https:\/\/www.facebook.com\/tribunadapraiaonline\/\",\"https:\/\/www.instagram.com\/claudomirtavares\/\",\"https:\/\/www.youtube.com\/channel\/UCwQf80nxiMzCefAyjbp53Rw\",\"https:\/\/twitter.com\/Claudomir21\"],\"logo\":{\"@type\":\"ImageObject\",\"@id\":\"https:\/\/tribunadapraia.com.br\/#logo\",\"inLanguage\":\"pt-BR\",\"url\":\"https:\/\/tribunadapraia.com.br\/wp-content\/uploads\/2020\/02\/logo.png\",\"contentUrl\":\"https:\/\/tribunadapraia.com.br\/wp-content\/uploads\/2020\/02\/logo.png\",\"width\":501,\"height\":121,\"caption\":\"Tribuna da Praia\"},\"image\":{\"@id\":\"https:\/\/tribunadapraia.com.br\/#logo\"}},{\"@type\":\"WebSite\",\"@id\":\"https:\/\/tribunadapraia.com.br\/#website\",\"url\":\"https:\/\/tribunadapraia.com.br\/\",\"name\":\"TRIBUNA DA PRAIA\",\"description\":\"O 1\\u00ba jornal do interior de Sergipe na internet\",\"publisher\":{\"@id\":\"https:\/\/tribunadapraia.com.br\/#organization\"},\"potentialAction\":[{\"@type\":\"SearchAction\",\"target\":\"https:\/\/tribunadapraia.com.br\/?s={search_term_string}\",\"query-input\":\"required name=search_term_string\"}],\"inLanguage\":\"pt-BR\"},{\"@type\":\"ImageObject\",\"@id\":\"https:\/\/tribunadapraia.com.br\/?p=1071#primaryimage\",\"inLanguage\":\"pt-BR\",\"url\":\"https:\/\/tribunadapraia.com.br\/wp-content\/uploads\/2020\/04\/IMG-20200407-WA0011.jpg\",\"contentUrl\":\"https:\/\/tribunadapraia.com.br\/wp-content\/uploads\/2020\/04\/IMG-20200407-WA0011.jpg\",\"width\":540,\"height\":533},{\"@type\":\"WebPage\",\"@id\":\"https:\/\/tribunadapraia.com.br\/?p=1071#webpage\",\"url\":\"https:\/\/tribunadapraia.com.br\/?p=1071\",\"name\":\"TIME DEFINIDO: MDB de Niltinho fechou chapa com 14 pr\\u00e9-candidatos\/as a vereadores\/as - TRIBUNA DA PRAIA\",\"isPartOf\":{\"@id\":\"https:\/\/tribunadapraia.com.br\/#website\"},\"primaryImageOfPage\":{\"@id\":\"https:\/\/tribunadapraia.com.br\/?p=1071#primaryimage\"},\"datePublished\":\"2020-04-07T03:44:28+00:00\",\"dateModified\":\"2020-04-07T03:44:28+00:00\",\"breadcrumb\":{\"@id\":\"https:\/\/tribunadapraia.com.br\/?p=1071#breadcrumb\"},\"inLanguage\":\"pt-BR\",\"potentialAction\":[{\"@type\":\"ReadAction\",\"target\":[\"https:\/\/tribunadapraia.com.br\/?p=1071\"]}]},{\"@type\":\"BreadcrumbList\",\"@id\":\"https:\/\/tribunadapraia.com.br\/?p=1071#breadcrumb\",\"itemListElement\":[{\"@type\":\"ListItem\",\"position\":1,\"item\":{\"@type\":\"WebPage\",\"@id\":\"https:\/\/tribunadapraia.com.br\/\",\"url\":\"https:\/\/tribunadapraia.com.br\/\",\"name\":\"In\\u00edcio\"}},{\"@type\":\"ListItem\",\"position\":2,\"item\":{\"@id\":\"https:\/\/tribunadapraia.com.br\/?p=1071#webpage\"}}]},{\"@type\":\"Article\",\"@id\":\"https:\/\/tribunadapraia.com.br\/?p=1071#article\",\"isPartOf\":{\"@id\":\"https:\/\/tribunadapraia.com.br\/?p=1071#webpage\"},\"author\":{\"@id\":\"https:\/\/tribunadapraia.com.br\/#\/schema\/person\/099fbbf59acc5895c0d7d52b4fc46c97\"},\"headline\":\"TIME DEFINIDO: MDB de Niltinho fechou chapa com 14 pr\\u00e9-candidatos\/as a vereadores\/as\",\"datePublished\":\"2020-04-07T03:44:28+00:00\",\"dateModified\":\"2020-04-07T03:44:28+00:00\",\"mainEntityOfPage\":{\"@id\":\"https:\/\/tribunadapraia.com.br\/?p=1071#webpage\"},\"wordCount\":113,\"commentCount\":0,\"publisher\":{\"@id\":\"https:\/\/tribunadapraia.com.br\/#organization\"},\"image\":{\"@id\":\"https:\/\/tribunadapraia.com.br\/?p=1071#primaryimage\"},\"thumbnailUrl\":\"https:\/\/tribunadapraia.com.br\/wp-content\/uploads\/2020\/04\/IMG-20200407-WA0011.jpg\",\"articleSection\":[\"Not\\u00edcias\"],\"inLanguage\":\"pt-BR\",\"potentialAction\":[{\"@type\":\"CommentAction\",\"name\":\"Comment\",\"target\":[\"https:\/\/tribunadapraia.com.br\/?p=1071#respond\"]}]},{\"@type\":\"Person\",\"@id\":\"https:\/\/tribunadapraia.com.br\/#\/schema\/person\/099fbbf59acc5895c0d7d52b4fc46c97\",\"name\":\"Reda\\u00e7\\u00e3o\",\"image\":{\"@type\":\"ImageObject\",\"@id\":\"https:\/\/tribunadapraia.com.br\/#personlogo\",\"inLanguage\":\"pt-BR\",\"url\":\"https:\/\/secure.gravatar.com\/avatar\/91c8b91d2bfd7784eac5c3e055361f64?s=96&d=identicon&r=g\",\"contentUrl\":\"https:\/\/secure.gravatar.com\/avatar\/91c8b91d2bfd7784eac5c3e055361f64?s=96&d=identicon&r=g\",\"caption\":\"Reda\\u00e7\\u00e3o\"}}]}<\/script>\n<!-- \/ Yoast SEO plugin. -->","wps_subtitle":"","_links":{"self":[{"href":"https:\/\/tribunadapraia.com.br\/index.php?rest_route=\/wp\/v2\/posts\/1071"}],"collection":[{"href":"https:\/\/tribunadapraia.com.br\/index.php?rest_route=\/wp\/v2\/posts"}],"about":[{"href":"https:\/\/tribunadapraia.com.br\/index.php?rest_route=\/wp\/v2\/types\/post"}],"author":[{"embeddable":true,"href":"https:\/\/tribunadapraia.com.br\/index.php?rest_route=\/wp\/v2\/users\/3"}],"replies":[{"embeddable":true,"href":"https:\/\/tribunadapraia.com.br\/index.php?rest_route=%2Fwp%2Fv2%2Fcomments&post=1071"}],"version-history":[{"count":1,"href":"https:\/\/tribunadapraia.com.br\/index.php?rest_route=\/wp\/v2\/posts\/1071\/revisions"}],"predecessor-version":[{"id":1073,"href":"https:\/\/tribunadapraia.com.br\/index.php?rest_route=\/wp\/v2\/posts\/1071\/revisions\/1073"}],"wp:featuredmedia":[{"embeddable":true,"href":"https:\/\/tribunadapraia.com.br\/index.php?rest_route=\/wp\/v2\/media\/1072"}],"wp:attachment":[{"href":"https:\/\/tribunadapraia.com.br\/index.php?rest_route=%2Fwp%2Fv2%2Fmedia&parent=1071"}],"wp:term":[{"taxonomy":"category","embeddable":true,"href":"https:\/\/tribunadapraia.com.br\/index.php?rest_route=%2Fwp%2Fv2%2Fcategories&post=1071"},{"taxonomy":"post_tag","embeddable":true,"href":"https:\/\/tribunadapraia.com.br\/index.php?rest_route=%2Fwp%2Fv2%2Ftags&post=1071"}],"curies":[{"name":"wp","href":"https:\/\/api.w.org\/{rel}","templated":true}]}}