{"id":1040,"date":"2020-04-06T13:37:34","date_gmt":"2020-04-06T16:37:34","guid":{"rendered":"https:\/\/tribunadapraia.com.br\/?p=1040"},"modified":"2020-04-06T21:30:21","modified_gmt":"2020-04-07T00:30:21","slug":"eleicoes-2020-definidas-as-filiacoes-partidarias-em-pirambu-nove-partidos-disputarao-mesmo-numero-de-cadeiras-na-camara-de-vereadores","status":"publish","type":"post","link":"https:\/\/tribunadapraia.com.br\/?p=1040","title":{"rendered":"ELEI\u00c7\u00d5ES 2020: Definidas \u00e0s filia\u00e7\u00f5es partid\u00e1rias em Pirambu &#8211; nove partidos disputar\u00e3o mesmo n\u00famero de cadeiras na C\u00e2mara de Vereadores"},"content":{"rendered":"<p>Encerrada \u00e0s 23h59min do \u00faltimo s\u00e1bado, 04, o prazo para que os partidos pol\u00edticos pudessem cadastrar novos filiados, habilitando-os para disputar \u00e0s indica\u00e7\u00f5es nas conven\u00e7\u00f5es eleitorais e assim possam disputar \u00e0s elei\u00e7\u00f5es municipais para prefeito, vice-prefeito e vereadores.<\/p>\n<p>Enquanto aguardamos a valida\u00e7\u00e3o dos nomes pelo Tribunal Superior Eleiroral (TSE) e dispobibiliza\u00e7\u00e3o dos nomes no Sistema FikiaWeb, seus nomes est\u00e3o na condi\u00e7\u00e3o de pr\u00e9-candidatos a prefeito, aaaver: Cl\u00e1udio da Concei\u00e7\u00e3o (PSOL\/PCB), Cl\u00e9bio Gones (PSD), Elenilson D\u00e9da (PT), Guilherme Melo (PL\/PSC\/DEM), Nilton Filho (MDB) e S\u00edlvia Cruz (PSB), havendo ainda uma possibilidade remota de juntar os cacos da oposi\u00e7\u00e3o fornada pelo PSD, PT, MDB e PSB, uma tarefa cada vez mais dif\u00edcil (n\u00e3o impossivel) de acontecer &#8211; temos at\u00e9 julho para assistir o desenrrolar dos acontecimentos.<\/p>\n<p>Considerando o diagn\u00f3stico com base no peso eleitoral dos nomes que cada partido conseguiu manter ou filiar, da para chegar ao progn\u00f3stico de quantos vereadores cada partido eleger\u00e1 dentro do coeficiente ou sobre de votos:<\/p>\n<p>PL &#8211; 2 (coeficiente e m\u00e9dia).<br \/>\nPSC &#8211; 2 (coeficiente e m\u00e9dia).<br \/>\nDEM &#8211; 1 (coeficiente)<br \/>\nPSD 1 (coeficiente)<br \/>\nMDB &#8211; 1 (m\u00e9dia)<br \/>\nPSB &#8211; 1 (coeficiente ou m\u00e9dia)<br \/>\nPT, PSL ou PSOL &#8211; 1 (m\u00e9dia)<\/p>\n<p>A luz da legisla\u00e7\u00e3o passada, a base aliada do prefeito \u00c9lio Martins (PSC) e do seu nome para suced\u00ea-lo, Guilhetme Melo (PL), n\u00e3o elegeria 6 nomes, mas mantera com as regras atuais 5 das cadeiras, devendo um\/a parlamentar do PSC ficar de fora.<\/p>\n<p>A oposi\u00e7\u00e3o ampliara a bancada de 3 para 4 vereadores, pois os partidos (e n\u00e3o mais a coliga\u00e7\u00e3o) que n\u00e3o alcan\u00e7arem o coeficiente eleitoral, ter\u00e1 a chance de eleger pela m\u00e9dia da maior sobra.<\/p>\n<p>O PSB dever\u00e1 eleger um vereador, mas depois da &#8220;zignal&#8217; dada por S\u00edlvia Cruz e Vado de Gago, a debandada ser\u00e1 inevit\u00e1vel, pois os nomes que o partido apresentaram estariam dispostos a &#8220;carregar o piano&#8221; e assistir Badinho tocar.<\/p>\n<p>O PSD, MDB e PSL n\u00e3o teriam dificuldades de conter insatisfa\u00e7\u00f5es, pois n\u00e3o ter\u00e3o entre os concorrentes, a n\u00e3o ser que Clebio Gomes tenha que ser acomodado como candidato a reelei\u00e7\u00e3o, o que neste momento n\u00e3o passa pelos seus planos.<\/p>\n<p>De qualquer forma, qualquer que seja a avalia\u00e7\u00e3o, ela reflete o espelho do presente, logo opini\u00f5es contr\u00e1rias ser\u00e3o respeitadas.<\/p>\n<p>por ClaudOmir Herzog<\/p>\n","protected":false},"excerpt":{"rendered":"<p>Encerrada \u00e0s 23h59min do \u00faltimo s\u00e1bado, 04, o prazo para que os partidos pol\u00edticos pudessem cadastrar novos filiados, habilitando-os para disputar \u00e0s indica\u00e7\u00f5es nas conven\u00e7\u00f5es eleitorais e assim possam disputar \u00e0s elei\u00e7\u00f5es municipais para prefeito, vice-prefeito e vereadores. Enquanto aguardamos a valida\u00e7\u00e3o dos nomes pelo Tribunal Superior Eleiroral (TSE) e dispobibiliza\u00e7\u00e3o dos nomes no Sistema FikiaWeb, seus nomes est\u00e3o na condi\u00e7\u00e3o de pr\u00e9-candidatos a prefeito, aaaver: Cl\u00e1udio da Concei\u00e7\u00e3o (PSOL\/PCB),<\/p>\n","protected":false},"author":3,"featured_media":782,"comment_status":"open","ping_status":"open","sticky":false,"template":"","format":"standard","meta":[],"categories":[18],"tags":[],"yoast_head":"<!-- This site is optimized with the Yoast SEO plugin v16.3 - https:\/\/yoast.com\/wordpress\/plugins\/seo\/ -->\n<title>ELEI\u00c7\u00d5ES 2020: Definidas \u00e0s filia\u00e7\u00f5es partid\u00e1rias em Pirambu - nove partidos disputar\u00e3o mesmo n\u00famero de cadeiras na C\u00e2mara de Vereadores - TRIBUNA DA PRAIA<\/title>\n<meta name=\"robots\" content=\"index, follow, max-snippet:-1, max-image-preview:large, max-video-preview:-1\" \/>\n<link rel=\"canonical\" href=\"https:\/\/tribunadapraia.com.br\/?p=1040\" \/>\n<meta property=\"og:locale\" content=\"pt_BR\" \/>\n<meta property=\"og:type\" content=\"article\" \/>\n<meta property=\"og:title\" content=\"ELEI\u00c7\u00d5ES 2020: Definidas \u00e0s filia\u00e7\u00f5es partid\u00e1rias em Pirambu - nove partidos disputar\u00e3o mesmo n\u00famero de cadeiras na C\u00e2mara de Vereadores - TRIBUNA DA PRAIA\" \/>\n<meta property=\"og:description\" content=\"Encerrada \u00e0s 23h59min do \u00faltimo s\u00e1bado, 04, o prazo para que os partidos pol\u00edticos pudessem cadastrar novos filiados, habilitando-os para disputar \u00e0s indica\u00e7\u00f5es nas conven\u00e7\u00f5es eleitorais e assim possam disputar \u00e0s elei\u00e7\u00f5es municipais para prefeito, vice-prefeito e vereadores. Enquanto aguardamos a valida\u00e7\u00e3o dos nomes pelo Tribunal Superior Eleiroral (TSE) e dispobibiliza\u00e7\u00e3o dos nomes no Sistema FikiaWeb, seus nomes est\u00e3o na condi\u00e7\u00e3o de pr\u00e9-candidatos a prefeito, aaaver: Cl\u00e1udio da Concei\u00e7\u00e3o (PSOL\/PCB),\" \/>\n<meta property=\"og:url\" content=\"https:\/\/tribunadapraia.com.br\/?p=1040\" \/>\n<meta property=\"og:site_name\" content=\"TRIBUNA DA PRAIA\" \/>\n<meta property=\"article:publisher\" content=\"https:\/\/www.facebook.com\/tribunadapraiaonline\/\" \/>\n<meta property=\"article:published_time\" content=\"2020-04-06T16:37:34+00:00\" \/>\n<meta property=\"article:modified_time\" content=\"2020-04-07T00:30:21+00:00\" \/>\n<meta property=\"og:image\" content=\"https:\/\/tribunadapraia.com.br\/wp-content\/uploads\/2020\/03\/IMG-20200322-WA0094.jpg\" \/>\n\t<meta property=\"og:image:width\" content=\"806\" \/>\n\t<meta property=\"og:image:height\" content=\"444\" \/>\n<meta name=\"twitter:card\" content=\"summary_large_image\" \/>\n<meta name=\"twitter:creator\" content=\"@Claudomir21\" \/>\n<meta name=\"twitter:site\" content=\"@Claudomir21\" \/>\n<meta name=\"twitter:label1\" content=\"Est. tempo de leitura\">\n\t<meta name=\"twitter:data1\" content=\"2 minutos\">\n<script type=\"application\/ld+json\" class=\"yoast-schema-graph\">{\"@context\":\"https:\/\/schema.org\",\"@graph\":[{\"@type\":\"Organization\",\"@id\":\"https:\/\/tribunadapraia.com.br\/#organization\",\"name\":\"Tribuna da Praia\",\"url\":\"https:\/\/tribunadapraia.com.br\/\",\"sameAs\":[\"https:\/\/www.facebook.com\/tribunadapraiaonline\/\",\"https:\/\/www.instagram.com\/claudomirtavares\/\",\"https:\/\/www.youtube.com\/channel\/UCwQf80nxiMzCefAyjbp53Rw\",\"https:\/\/twitter.com\/Claudomir21\"],\"logo\":{\"@type\":\"ImageObject\",\"@id\":\"https:\/\/tribunadapraia.com.br\/#logo\",\"inLanguage\":\"pt-BR\",\"url\":\"https:\/\/tribunadapraia.com.br\/wp-content\/uploads\/2020\/02\/logo.png\",\"contentUrl\":\"https:\/\/tribunadapraia.com.br\/wp-content\/uploads\/2020\/02\/logo.png\",\"width\":501,\"height\":121,\"caption\":\"Tribuna da Praia\"},\"image\":{\"@id\":\"https:\/\/tribunadapraia.com.br\/#logo\"}},{\"@type\":\"WebSite\",\"@id\":\"https:\/\/tribunadapraia.com.br\/#website\",\"url\":\"https:\/\/tribunadapraia.com.br\/\",\"name\":\"TRIBUNA DA PRAIA\",\"description\":\"O 1\\u00ba jornal do interior de Sergipe na internet\",\"publisher\":{\"@id\":\"https:\/\/tribunadapraia.com.br\/#organization\"},\"potentialAction\":[{\"@type\":\"SearchAction\",\"target\":\"https:\/\/tribunadapraia.com.br\/?s={search_term_string}\",\"query-input\":\"required name=search_term_string\"}],\"inLanguage\":\"pt-BR\"},{\"@type\":\"ImageObject\",\"@id\":\"https:\/\/tribunadapraia.com.br\/?p=1040#primaryimage\",\"inLanguage\":\"pt-BR\",\"url\":\"https:\/\/tribunadapraia.com.br\/wp-content\/uploads\/2020\/03\/IMG-20200322-WA0094.jpg\",\"contentUrl\":\"https:\/\/tribunadapraia.com.br\/wp-content\/uploads\/2020\/03\/IMG-20200322-WA0094.jpg\",\"width\":806,\"height\":444},{\"@type\":\"WebPage\",\"@id\":\"https:\/\/tribunadapraia.com.br\/?p=1040#webpage\",\"url\":\"https:\/\/tribunadapraia.com.br\/?p=1040\",\"name\":\"ELEI\\u00c7\\u00d5ES 2020: Definidas \\u00e0s filia\\u00e7\\u00f5es partid\\u00e1rias em Pirambu - nove partidos disputar\\u00e3o mesmo n\\u00famero de cadeiras na C\\u00e2mara de Vereadores - TRIBUNA DA PRAIA\",\"isPartOf\":{\"@id\":\"https:\/\/tribunadapraia.com.br\/#website\"},\"primaryImageOfPage\":{\"@id\":\"https:\/\/tribunadapraia.com.br\/?p=1040#primaryimage\"},\"datePublished\":\"2020-04-06T16:37:34+00:00\",\"dateModified\":\"2020-04-07T00:30:21+00:00\",\"breadcrumb\":{\"@id\":\"https:\/\/tribunadapraia.com.br\/?p=1040#breadcrumb\"},\"inLanguage\":\"pt-BR\",\"potentialAction\":[{\"@type\":\"ReadAction\",\"target\":[\"https:\/\/tribunadapraia.com.br\/?p=1040\"]}]},{\"@type\":\"BreadcrumbList\",\"@id\":\"https:\/\/tribunadapraia.com.br\/?p=1040#breadcrumb\",\"itemListElement\":[{\"@type\":\"ListItem\",\"position\":1,\"item\":{\"@type\":\"WebPage\",\"@id\":\"https:\/\/tribunadapraia.com.br\/\",\"url\":\"https:\/\/tribunadapraia.com.br\/\",\"name\":\"In\\u00edcio\"}},{\"@type\":\"ListItem\",\"position\":2,\"item\":{\"@id\":\"https:\/\/tribunadapraia.com.br\/?p=1040#webpage\"}}]},{\"@type\":\"Article\",\"@id\":\"https:\/\/tribunadapraia.com.br\/?p=1040#article\",\"isPartOf\":{\"@id\":\"https:\/\/tribunadapraia.com.br\/?p=1040#webpage\"},\"author\":{\"@id\":\"https:\/\/tribunadapraia.com.br\/#\/schema\/person\/099fbbf59acc5895c0d7d52b4fc46c97\"},\"headline\":\"ELEI\\u00c7\\u00d5ES 2020: Definidas \\u00e0s filia\\u00e7\\u00f5es partid\\u00e1rias em Pirambu &#8211; nove partidos disputar\\u00e3o mesmo n\\u00famero de cadeiras na C\\u00e2mara de Vereadores\",\"datePublished\":\"2020-04-06T16:37:34+00:00\",\"dateModified\":\"2020-04-07T00:30:21+00:00\",\"mainEntityOfPage\":{\"@id\":\"https:\/\/tribunadapraia.com.br\/?p=1040#webpage\"},\"wordCount\":438,\"commentCount\":0,\"publisher\":{\"@id\":\"https:\/\/tribunadapraia.com.br\/#organization\"},\"image\":{\"@id\":\"https:\/\/tribunadapraia.com.br\/?p=1040#primaryimage\"},\"thumbnailUrl\":\"https:\/\/tribunadapraia.com.br\/wp-content\/uploads\/2020\/03\/IMG-20200322-WA0094.jpg\",\"articleSection\":[\"Not\\u00edcias\"],\"inLanguage\":\"pt-BR\",\"potentialAction\":[{\"@type\":\"CommentAction\",\"name\":\"Comment\",\"target\":[\"https:\/\/tribunadapraia.com.br\/?p=1040#respond\"]}]},{\"@type\":\"Person\",\"@id\":\"https:\/\/tribunadapraia.com.br\/#\/schema\/person\/099fbbf59acc5895c0d7d52b4fc46c97\",\"name\":\"Reda\\u00e7\\u00e3o\",\"image\":{\"@type\":\"ImageObject\",\"@id\":\"https:\/\/tribunadapraia.com.br\/#personlogo\",\"inLanguage\":\"pt-BR\",\"url\":\"https:\/\/secure.gravatar.com\/avatar\/91c8b91d2bfd7784eac5c3e055361f64?s=96&d=identicon&r=g\",\"contentUrl\":\"https:\/\/secure.gravatar.com\/avatar\/91c8b91d2bfd7784eac5c3e055361f64?s=96&d=identicon&r=g\",\"caption\":\"Reda\\u00e7\\u00e3o\"}}]}<\/script>\n<!-- \/ Yoast SEO plugin. -->","wps_subtitle":"","_links":{"self":[{"href":"https:\/\/tribunadapraia.com.br\/index.php?rest_route=\/wp\/v2\/posts\/1040"}],"collection":[{"href":"https:\/\/tribunadapraia.com.br\/index.php?rest_route=\/wp\/v2\/posts"}],"about":[{"href":"https:\/\/tribunadapraia.com.br\/index.php?rest_route=\/wp\/v2\/types\/post"}],"author":[{"embeddable":true,"href":"https:\/\/tribunadapraia.com.br\/index.php?rest_route=\/wp\/v2\/users\/3"}],"replies":[{"embeddable":true,"href":"https:\/\/tribunadapraia.com.br\/index.php?rest_route=%2Fwp%2Fv2%2Fcomments&post=1040"}],"version-history":[{"count":3,"href":"https:\/\/tribunadapraia.com.br\/index.php?rest_route=\/wp\/v2\/posts\/1040\/revisions"}],"predecessor-version":[{"id":1044,"href":"https:\/\/tribunadapraia.com.br\/index.php?rest_route=\/wp\/v2\/posts\/1040\/revisions\/1044"}],"wp:featuredmedia":[{"embeddable":true,"href":"https:\/\/tribunadapraia.com.br\/index.php?rest_route=\/wp\/v2\/media\/782"}],"wp:attachment":[{"href":"https:\/\/tribunadapraia.com.br\/index.php?rest_route=%2Fwp%2Fv2%2Fmedia&parent=1040"}],"wp:term":[{"taxonomy":"category","embeddable":true,"href":"https:\/\/tribunadapraia.com.br\/index.php?rest_route=%2Fwp%2Fv2%2Fcategories&post=1040"},{"taxonomy":"post_tag","embeddable":true,"href":"https:\/\/tribunadapraia.com.br\/index.php?rest_route=%2Fwp%2Fv2%2Ftags&post=1040"}],"curies":[{"name":"wp","href":"https:\/\/api.w.org\/{rel}","templated":true}]}}