{"id":1028,"date":"2020-04-04T12:20:16","date_gmt":"2020-04-04T15:20:16","guid":{"rendered":"https:\/\/tribunadapraia.com.br\/?p=1028"},"modified":"2020-04-04T12:20:16","modified_gmt":"2020-04-04T15:20:16","slug":"jr-dantas-propria-como-realmente-e-ecoando-as-informacoes-da-princesinha-do-sao-francisco","status":"publish","type":"post","link":"https:\/\/tribunadapraia.com.br\/?p=1028","title":{"rendered":"\u00a0JR DANTAS: Propri\u00e1 como realmente \u00e9 &#8211; ecoando \u00e0s informa\u00e7\u00f5es da Princesinha do S\u00e3o Francisco"},"content":{"rendered":"<p>Conheci o ent\u00e3o adolescente J\u00fanior Dantas, de id\u00e9ias e convic\u00e7\u00f5es progressistas quando este ingressou no Ensino M\u00e9dio no Colegio Estadual Joana de Freitas Barbosa (Polivalenrte) e depois acompanhamos suas pegadas acad\u00e9micas no Curso de Educa\u00e7\u00e3o F\u00edsica da Universidade Federal de Sergipe, \u00e9poca n\u00e3o t\u00e3o distante que o fez se embrenhar pelos caminhos da comunica\u00e7\u00e3o, co-administrando uma das mais acessadas (e de maior credibilidade) p\u00e1ginas no Baixo S\u00e3o Franciaco sergipano e alagoano, nos instrumentando com informa\u00e7\u00f5es objetivas, em tempo real quase que simult\u00e2neas ao acontecimento, o que lhe credenciou a condi\u00e7\u00e3o de uma das mais confi\u00e1veis fontes de sites, blogs, radios, jornais e tvs de nosso estado.<\/p>\n<p>Com servi\u00e7os prestados a comunica\u00e7\u00e3o pol\u00edtica, do servi\u00e7o p\u00fablico com relevantes retorno a sociedade propriamente, seu foco e pauta principal, J\u00fanior Dantas receba aqui os cumprimentos e o reconhecimento de todos e todas que fazem a Rede Popular de Comunica\u00e7\u00e3o Alternativa de Sergipe, pois como nos sugeriu Jo\u00e3o Guimar\u00e3es Rosa, &#8220;mestre n\u00e3o \u00e9 quem sempre ensina, mas quem sempre aprende&#8221; e voc\u00ea tem nos ensinado com seu exemplo e capacidade inesgot\u00e1vel de aprender e ensinar novas li\u00e7\u00f5es.<\/p>\n<p>por ClaudOnir Herzog<\/p>\n","protected":false},"excerpt":{"rendered":"<p>Conheci o ent\u00e3o adolescente J\u00fanior Dantas, de id\u00e9ias e convic\u00e7\u00f5es progressistas quando este ingressou no Ensino M\u00e9dio no Colegio Estadual Joana de Freitas Barbosa (Polivalenrte) e depois acompanhamos suas pegadas acad\u00e9micas no Curso de Educa\u00e7\u00e3o F\u00edsica da Universidade Federal de Sergipe, \u00e9poca n\u00e3o t\u00e3o distante que o fez se embrenhar pelos caminhos da comunica\u00e7\u00e3o, co-administrando uma das mais acessadas (e de maior credibilidade) p\u00e1ginas no Baixo S\u00e3o Franciaco sergipano e<\/p>\n","protected":false},"author":3,"featured_media":1029,"comment_status":"open","ping_status":"open","sticky":false,"template":"","format":"standard","meta":[],"categories":[18],"tags":[],"yoast_head":"<!-- This site is optimized with the Yoast SEO plugin v16.3 - https:\/\/yoast.com\/wordpress\/plugins\/seo\/ -->\n<title>\u00a0JR DANTAS: Propri\u00e1 como realmente \u00e9 - ecoando \u00e0s informa\u00e7\u00f5es da Princesinha do S\u00e3o Francisco - TRIBUNA DA PRAIA<\/title>\n<meta name=\"robots\" content=\"index, follow, max-snippet:-1, max-image-preview:large, max-video-preview:-1\" \/>\n<link rel=\"canonical\" href=\"https:\/\/tribunadapraia.com.br\/?p=1028\" \/>\n<meta property=\"og:locale\" content=\"pt_BR\" \/>\n<meta property=\"og:type\" content=\"article\" \/>\n<meta property=\"og:title\" content=\"\u00a0JR DANTAS: Propri\u00e1 como realmente \u00e9 - ecoando \u00e0s informa\u00e7\u00f5es da Princesinha do S\u00e3o Francisco - TRIBUNA DA PRAIA\" \/>\n<meta property=\"og:description\" content=\"Conheci o ent\u00e3o adolescente J\u00fanior Dantas, de id\u00e9ias e convic\u00e7\u00f5es progressistas quando este ingressou no Ensino M\u00e9dio no Colegio Estadual Joana de Freitas Barbosa (Polivalenrte) e depois acompanhamos suas pegadas acad\u00e9micas no Curso de Educa\u00e7\u00e3o F\u00edsica da Universidade Federal de Sergipe, \u00e9poca n\u00e3o t\u00e3o distante que o fez se embrenhar pelos caminhos da comunica\u00e7\u00e3o, co-administrando uma das mais acessadas (e de maior credibilidade) p\u00e1ginas no Baixo S\u00e3o Franciaco sergipano e\" \/>\n<meta property=\"og:url\" content=\"https:\/\/tribunadapraia.com.br\/?p=1028\" \/>\n<meta property=\"og:site_name\" content=\"TRIBUNA DA PRAIA\" \/>\n<meta property=\"article:publisher\" content=\"https:\/\/www.facebook.com\/tribunadapraiaonline\/\" \/>\n<meta property=\"article:published_time\" content=\"2020-04-04T15:20:16+00:00\" \/>\n<meta property=\"og:image\" content=\"https:\/\/tribunadapraia.com.br\/wp-content\/uploads\/2020\/04\/IMG-20200404-WA0088.jpg\" \/>\n\t<meta property=\"og:image:width\" content=\"480\" \/>\n\t<meta property=\"og:image:height\" content=\"430\" \/>\n<meta name=\"twitter:card\" content=\"summary_large_image\" \/>\n<meta name=\"twitter:creator\" content=\"@Claudomir21\" \/>\n<meta name=\"twitter:site\" content=\"@Claudomir21\" \/>\n<meta name=\"twitter:label1\" content=\"Est. tempo de leitura\">\n\t<meta name=\"twitter:data1\" content=\"1 minuto\">\n<script type=\"application\/ld+json\" class=\"yoast-schema-graph\">{\"@context\":\"https:\/\/schema.org\",\"@graph\":[{\"@type\":\"Organization\",\"@id\":\"https:\/\/tribunadapraia.com.br\/#organization\",\"name\":\"Tribuna da Praia\",\"url\":\"https:\/\/tribunadapraia.com.br\/\",\"sameAs\":[\"https:\/\/www.facebook.com\/tribunadapraiaonline\/\",\"https:\/\/www.instagram.com\/claudomirtavares\/\",\"https:\/\/www.youtube.com\/channel\/UCwQf80nxiMzCefAyjbp53Rw\",\"https:\/\/twitter.com\/Claudomir21\"],\"logo\":{\"@type\":\"ImageObject\",\"@id\":\"https:\/\/tribunadapraia.com.br\/#logo\",\"inLanguage\":\"pt-BR\",\"url\":\"https:\/\/tribunadapraia.com.br\/wp-content\/uploads\/2020\/02\/logo.png\",\"contentUrl\":\"https:\/\/tribunadapraia.com.br\/wp-content\/uploads\/2020\/02\/logo.png\",\"width\":501,\"height\":121,\"caption\":\"Tribuna da Praia\"},\"image\":{\"@id\":\"https:\/\/tribunadapraia.com.br\/#logo\"}},{\"@type\":\"WebSite\",\"@id\":\"https:\/\/tribunadapraia.com.br\/#website\",\"url\":\"https:\/\/tribunadapraia.com.br\/\",\"name\":\"TRIBUNA DA PRAIA\",\"description\":\"O 1\\u00ba jornal do interior de Sergipe na internet\",\"publisher\":{\"@id\":\"https:\/\/tribunadapraia.com.br\/#organization\"},\"potentialAction\":[{\"@type\":\"SearchAction\",\"target\":\"https:\/\/tribunadapraia.com.br\/?s={search_term_string}\",\"query-input\":\"required name=search_term_string\"}],\"inLanguage\":\"pt-BR\"},{\"@type\":\"ImageObject\",\"@id\":\"https:\/\/tribunadapraia.com.br\/?p=1028#primaryimage\",\"inLanguage\":\"pt-BR\",\"url\":\"https:\/\/tribunadapraia.com.br\/wp-content\/uploads\/2020\/04\/IMG-20200404-WA0088.jpg\",\"contentUrl\":\"https:\/\/tribunadapraia.com.br\/wp-content\/uploads\/2020\/04\/IMG-20200404-WA0088.jpg\",\"width\":480,\"height\":430},{\"@type\":\"WebPage\",\"@id\":\"https:\/\/tribunadapraia.com.br\/?p=1028#webpage\",\"url\":\"https:\/\/tribunadapraia.com.br\/?p=1028\",\"name\":\"\\u00a0JR DANTAS: Propri\\u00e1 como realmente \\u00e9 - ecoando \\u00e0s informa\\u00e7\\u00f5es da Princesinha do S\\u00e3o Francisco - TRIBUNA DA PRAIA\",\"isPartOf\":{\"@id\":\"https:\/\/tribunadapraia.com.br\/#website\"},\"primaryImageOfPage\":{\"@id\":\"https:\/\/tribunadapraia.com.br\/?p=1028#primaryimage\"},\"datePublished\":\"2020-04-04T15:20:16+00:00\",\"dateModified\":\"2020-04-04T15:20:16+00:00\",\"breadcrumb\":{\"@id\":\"https:\/\/tribunadapraia.com.br\/?p=1028#breadcrumb\"},\"inLanguage\":\"pt-BR\",\"potentialAction\":[{\"@type\":\"ReadAction\",\"target\":[\"https:\/\/tribunadapraia.com.br\/?p=1028\"]}]},{\"@type\":\"BreadcrumbList\",\"@id\":\"https:\/\/tribunadapraia.com.br\/?p=1028#breadcrumb\",\"itemListElement\":[{\"@type\":\"ListItem\",\"position\":1,\"item\":{\"@type\":\"WebPage\",\"@id\":\"https:\/\/tribunadapraia.com.br\/\",\"url\":\"https:\/\/tribunadapraia.com.br\/\",\"name\":\"In\\u00edcio\"}},{\"@type\":\"ListItem\",\"position\":2,\"item\":{\"@id\":\"https:\/\/tribunadapraia.com.br\/?p=1028#webpage\"}}]},{\"@type\":\"Article\",\"@id\":\"https:\/\/tribunadapraia.com.br\/?p=1028#article\",\"isPartOf\":{\"@id\":\"https:\/\/tribunadapraia.com.br\/?p=1028#webpage\"},\"author\":{\"@id\":\"https:\/\/tribunadapraia.com.br\/#\/schema\/person\/099fbbf59acc5895c0d7d52b4fc46c97\"},\"headline\":\"\\u00a0JR DANTAS: Propri\\u00e1 como realmente \\u00e9 &#8211; ecoando \\u00e0s informa\\u00e7\\u00f5es da Princesinha do S\\u00e3o Francisco\",\"datePublished\":\"2020-04-04T15:20:16+00:00\",\"dateModified\":\"2020-04-04T15:20:16+00:00\",\"mainEntityOfPage\":{\"@id\":\"https:\/\/tribunadapraia.com.br\/?p=1028#webpage\"},\"wordCount\":230,\"commentCount\":0,\"publisher\":{\"@id\":\"https:\/\/tribunadapraia.com.br\/#organization\"},\"image\":{\"@id\":\"https:\/\/tribunadapraia.com.br\/?p=1028#primaryimage\"},\"thumbnailUrl\":\"https:\/\/tribunadapraia.com.br\/wp-content\/uploads\/2020\/04\/IMG-20200404-WA0088.jpg\",\"articleSection\":[\"Not\\u00edcias\"],\"inLanguage\":\"pt-BR\",\"potentialAction\":[{\"@type\":\"CommentAction\",\"name\":\"Comment\",\"target\":[\"https:\/\/tribunadapraia.com.br\/?p=1028#respond\"]}]},{\"@type\":\"Person\",\"@id\":\"https:\/\/tribunadapraia.com.br\/#\/schema\/person\/099fbbf59acc5895c0d7d52b4fc46c97\",\"name\":\"Reda\\u00e7\\u00e3o\",\"image\":{\"@type\":\"ImageObject\",\"@id\":\"https:\/\/tribunadapraia.com.br\/#personlogo\",\"inLanguage\":\"pt-BR\",\"url\":\"https:\/\/secure.gravatar.com\/avatar\/91c8b91d2bfd7784eac5c3e055361f64?s=96&d=identicon&r=g\",\"contentUrl\":\"https:\/\/secure.gravatar.com\/avatar\/91c8b91d2bfd7784eac5c3e055361f64?s=96&d=identicon&r=g\",\"caption\":\"Reda\\u00e7\\u00e3o\"}}]}<\/script>\n<!-- \/ Yoast SEO plugin. -->","wps_subtitle":"","_links":{"self":[{"href":"https:\/\/tribunadapraia.com.br\/index.php?rest_route=\/wp\/v2\/posts\/1028"}],"collection":[{"href":"https:\/\/tribunadapraia.com.br\/index.php?rest_route=\/wp\/v2\/posts"}],"about":[{"href":"https:\/\/tribunadapraia.com.br\/index.php?rest_route=\/wp\/v2\/types\/post"}],"author":[{"embeddable":true,"href":"https:\/\/tribunadapraia.com.br\/index.php?rest_route=\/wp\/v2\/users\/3"}],"replies":[{"embeddable":true,"href":"https:\/\/tribunadapraia.com.br\/index.php?rest_route=%2Fwp%2Fv2%2Fcomments&post=1028"}],"version-history":[{"count":1,"href":"https:\/\/tribunadapraia.com.br\/index.php?rest_route=\/wp\/v2\/posts\/1028\/revisions"}],"predecessor-version":[{"id":1030,"href":"https:\/\/tribunadapraia.com.br\/index.php?rest_route=\/wp\/v2\/posts\/1028\/revisions\/1030"}],"wp:featuredmedia":[{"embeddable":true,"href":"https:\/\/tribunadapraia.com.br\/index.php?rest_route=\/wp\/v2\/media\/1029"}],"wp:attachment":[{"href":"https:\/\/tribunadapraia.com.br\/index.php?rest_route=%2Fwp%2Fv2%2Fmedia&parent=1028"}],"wp:term":[{"taxonomy":"category","embeddable":true,"href":"https:\/\/tribunadapraia.com.br\/index.php?rest_route=%2Fwp%2Fv2%2Fcategories&post=1028"},{"taxonomy":"post_tag","embeddable":true,"href":"https:\/\/tribunadapraia.com.br\/index.php?rest_route=%2Fwp%2Fv2%2Ftags&post=1028"}],"curies":[{"name":"wp","href":"https:\/\/api.w.org\/{rel}","templated":true}]}}