{"id":1025,"date":"2020-04-05T00:01:54","date_gmt":"2020-04-05T03:01:54","guid":{"rendered":"https:\/\/tribunadapraia.com.br\/?p=1025"},"modified":"2020-04-05T19:34:43","modified_gmt":"2020-04-05T22:34:43","slug":"fique-de-olho-em-pirambu-eles-so-pensam-naquilo-e-seguem-a-receita-da-velha-politica-e-preciso-sair-da-caverna-ou-continuar-nas-trevas-da-escuridao","status":"publish","type":"post","link":"https:\/\/tribunadapraia.com.br\/?p=1025","title":{"rendered":"FIQUE DE OLHO: Em Pirambu, eles s\u00f3 pensam naquilo e seguem a receita da velha pol\u00edtica &#8211; \u00e9 preciso sair da caverna (ou continuar nas trevas da escurid\u00e3o)"},"content":{"rendered":"<p>por ClaudOmir Herzog<\/p>\n<p>Dispostos a chegar a Prefeitura de Pirambu e fazer exatamente igual ao que fazem seus irm\u00e3os de DNA pol\u00edtico que est\u00e3o no comando do munic\u00edpio, a &#8220;oposi\u00e7\u00e3o&#8221; (sic) de direita &#8211; o outro lado da moeda &#8211; est\u00e1 disposta a jogar todas as cartas, menos apresentar a sociedade pirambuense uma nova forma de se fazer pol\u00edtica e de gest\u00e3o p\u00fablica &#8211; se \u00e9 que eles sabem o que \u00e9 isso (e se sabem, operam em dire\u00e7\u00e3o oposta, diferente de contra-m\u00e3o).<\/p>\n<p>\u25a0 A velha pol\u00edtica<\/p>\n<p>As v\u00e1rias pe\u00e7as que integram este grupo &#8220;dialogam&#8221; sobre a velha pol\u00edtica em mesas de bares, mas n\u00e3o os vemos defendendo os trabalhadores, a exemplo doa servidores p\u00fablicos massacrados, perseguidos e literalmente pisoteados pela atual e \u00faltimas gest\u00f5es &#8211; pois sabem que ao chegar l\u00e1 manter\u00e3o o modus operandi (loteamento de cargos e explora\u00e7\u00e3o de servi\u00e7os, farra de comissionados, entre outras aberra\u00e7\u00f5es), muito menos propostas para demandas econ\u00f4micas como a pesca e o com\u00e9rcio local, muito menos enfrentar o deficit habitacional.<\/p>\n<p>\u25a0 Sem propostas<\/p>\n<p>Nenhuma men\u00e7\u00e3o a pol\u00edticas p\u00fablicas para a juventude, o esporte e as quest\u00f5es de infraestrutura &#8211; saneamento b\u00e1sico, meio ambiente, causas p\u00e9treas como sa\u00fade, educa\u00e7\u00e3o e seguran\u00e7a, al\u00e9m de inclus\u00e3o social e diminui\u00e7\u00e3o dos baixos indicadores socio-econ\u00f4micos. Est\u00e3o de olho em &#8220;gerir&#8221; (ou ingerir) os vultosos recursos dos royalties (que s\u00e3o finitos) sem sequer sinalizar onde estes seriam aplicados &#8211; mas eles sabem (e n\u00f3s tamb\u00e9m).<\/p>\n<p>\u25a0 \u00c9 prwciso reagir<\/p>\n<p>Por sua vez, a sociedade pirambuense precisa exercer imediatamente o poder popular, n\u00e3o se intimidar, assumindo o protagonismo e o sentimento de pertencimento e n\u00e3o se deixando seduzir (com o canto da sereia) por quem promove a &#8220;dan\u00e7a das cadeiras&#8221; como se mudan\u00e7a fosse apenas substituir &#8220;jogadores&#8221; em um mesmo time, que insiste em fazer gols contra &#8211; dentro e fora do campo.<\/p>\n<p>\u25a0 O mito da caverna<\/p>\n<p>H\u00e1 vida fora do caos e precisamos sim nos livrar das aves de rapina que tem se revezado no poder desde 1983, como se n\u00e3o pud\u00e9ssemos sair dessa caverna que tem se revelado mais voraz que o anunciado na alegoria de Plat\u00e3o.<\/p>\n<p>\u25a0 As faces da mesma moeda<\/p>\n<p>H\u00e1 valores mais elementares que as simples faces de uma mesma moeda (cara e coroa), da pol\u00edtica de Olimp\u00edadas (as elei\u00e7\u00f5es municipais ocorrem em anos de Jogos Ol\u00edmpicos &#8211; excepcionalmente adiados em decorr\u00eancia da pandemia do novo coronav\u00edrus &#8211; e \u00e0s estaduais\/nacional em \u00e9poca de Copa do Mundo) &#8211; \u00e9 s\u00f3 sair da caverna (ou continuar nas trevas da escurid\u00e3o da velha pol\u00edtica do sujo e do mal lavado).<\/p>\n<p>&#8220;BERTOLT BRECHT<br \/>\nBertolt Brecht<br \/>\nNasceu a 10 Fevereiro 1898<br \/>\n(Augsburgo, Alemanha)<br \/>\nMorreu em 14 Agosto 1956<br \/>\n(Berlim Leste)<br \/>\nEugen Berthold Friedrich Brecht foi um destacado dramaturgo, poeta e encenador alem\u00e3o do s\u00e9culo XX.<br \/>\n443 10 14<br \/>\nNADA \u00c9 IMPOSS\u00cdVEL DE MUDAR<br \/>\nDesconfiai do mais trivial, na apar\u00eancia singelo.<br \/>\nE examinai, sobretudo, o que parece habitual.<br \/>\nSuplicamos expressamente: n\u00e3o aceiteis o que \u00e9 de h\u00e1bito como coisa natural, pois em tempo de desordem sangrenta, de confus\u00e3o organizada, de arbitrariedade consciente, de humanidade desumanizada, nada deve parecer natural nada deve parecer imposs\u00edvel de mudar.&#8221;<\/p>\n<p>(Bertolt Brecht, 1898\/1956)<br \/>\n_____<br \/>\nClaudOmir Herzog (51) e peofessor e comunicador popular, coordenador da EPCA Sergipe &#8211; claudomur21@gmail.com.br<\/p>\n","protected":false},"excerpt":{"rendered":"<p>por ClaudOmir Herzog Dispostos a chegar a Prefeitura de Pirambu e fazer exatamente igual ao que fazem seus irm\u00e3os de DNA pol\u00edtico que est\u00e3o no comando do munic\u00edpio, a &#8220;oposi\u00e7\u00e3o&#8221; (sic) de direita &#8211; o outro lado da moeda &#8211; est\u00e1 disposta a jogar todas as cartas, menos apresentar a sociedade pirambuense uma nova forma de se fazer pol\u00edtica e de gest\u00e3o p\u00fablica &#8211; se \u00e9 que eles sabem o<\/p>\n","protected":false},"author":3,"featured_media":1026,"comment_status":"open","ping_status":"open","sticky":false,"template":"","format":"standard","meta":[],"categories":[18],"tags":[],"yoast_head":"<!-- This site is optimized with the Yoast SEO plugin v16.3 - https:\/\/yoast.com\/wordpress\/plugins\/seo\/ -->\n<title>FIQUE DE OLHO: Em Pirambu, eles s\u00f3 pensam naquilo e seguem a receita da velha pol\u00edtica - \u00e9 preciso sair da caverna (ou continuar nas trevas da escurid\u00e3o) - TRIBUNA DA PRAIA<\/title>\n<meta name=\"robots\" content=\"index, follow, max-snippet:-1, max-image-preview:large, max-video-preview:-1\" \/>\n<link rel=\"canonical\" href=\"https:\/\/tribunadapraia.com.br\/?p=1025\" \/>\n<meta property=\"og:locale\" content=\"pt_BR\" \/>\n<meta property=\"og:type\" content=\"article\" \/>\n<meta property=\"og:title\" content=\"FIQUE DE OLHO: Em Pirambu, eles s\u00f3 pensam naquilo e seguem a receita da velha pol\u00edtica - \u00e9 preciso sair da caverna (ou continuar nas trevas da escurid\u00e3o) - TRIBUNA DA PRAIA\" \/>\n<meta property=\"og:description\" content=\"por ClaudOmir Herzog Dispostos a chegar a Prefeitura de Pirambu e fazer exatamente igual ao que fazem seus irm\u00e3os de DNA pol\u00edtico que est\u00e3o no comando do munic\u00edpio, a &#8220;oposi\u00e7\u00e3o&#8221; (sic) de direita &#8211; o outro lado da moeda &#8211; est\u00e1 disposta a jogar todas as cartas, menos apresentar a sociedade pirambuense uma nova forma de se fazer pol\u00edtica e de gest\u00e3o p\u00fablica &#8211; se \u00e9 que eles sabem o\" \/>\n<meta property=\"og:url\" content=\"https:\/\/tribunadapraia.com.br\/?p=1025\" \/>\n<meta property=\"og:site_name\" content=\"TRIBUNA DA PRAIA\" \/>\n<meta property=\"article:publisher\" content=\"https:\/\/www.facebook.com\/tribunadapraiaonline\/\" \/>\n<meta property=\"article:published_time\" content=\"2020-04-05T03:01:54+00:00\" \/>\n<meta property=\"article:modified_time\" content=\"2020-04-05T22:34:43+00:00\" \/>\n<meta property=\"og:image\" content=\"https:\/\/tribunadapraia.com.br\/wp-content\/uploads\/2020\/04\/IMG-20200404-WA0077.jpg\" \/>\n\t<meta property=\"og:image:width\" content=\"200\" \/>\n\t<meta property=\"og:image:height\" content=\"195\" \/>\n<meta name=\"twitter:card\" content=\"summary_large_image\" \/>\n<meta name=\"twitter:creator\" content=\"@Claudomir21\" \/>\n<meta name=\"twitter:site\" content=\"@Claudomir21\" \/>\n<meta name=\"twitter:label1\" content=\"Est. tempo de leitura\">\n\t<meta name=\"twitter:data1\" content=\"3 minutos\">\n<script type=\"application\/ld+json\" class=\"yoast-schema-graph\">{\"@context\":\"https:\/\/schema.org\",\"@graph\":[{\"@type\":\"Organization\",\"@id\":\"https:\/\/tribunadapraia.com.br\/#organization\",\"name\":\"Tribuna da Praia\",\"url\":\"https:\/\/tribunadapraia.com.br\/\",\"sameAs\":[\"https:\/\/www.facebook.com\/tribunadapraiaonline\/\",\"https:\/\/www.instagram.com\/claudomirtavares\/\",\"https:\/\/www.youtube.com\/channel\/UCwQf80nxiMzCefAyjbp53Rw\",\"https:\/\/twitter.com\/Claudomir21\"],\"logo\":{\"@type\":\"ImageObject\",\"@id\":\"https:\/\/tribunadapraia.com.br\/#logo\",\"inLanguage\":\"pt-BR\",\"url\":\"https:\/\/tribunadapraia.com.br\/wp-content\/uploads\/2020\/02\/logo.png\",\"contentUrl\":\"https:\/\/tribunadapraia.com.br\/wp-content\/uploads\/2020\/02\/logo.png\",\"width\":501,\"height\":121,\"caption\":\"Tribuna da Praia\"},\"image\":{\"@id\":\"https:\/\/tribunadapraia.com.br\/#logo\"}},{\"@type\":\"WebSite\",\"@id\":\"https:\/\/tribunadapraia.com.br\/#website\",\"url\":\"https:\/\/tribunadapraia.com.br\/\",\"name\":\"TRIBUNA DA PRAIA\",\"description\":\"O 1\\u00ba jornal do interior de Sergipe na internet\",\"publisher\":{\"@id\":\"https:\/\/tribunadapraia.com.br\/#organization\"},\"potentialAction\":[{\"@type\":\"SearchAction\",\"target\":\"https:\/\/tribunadapraia.com.br\/?s={search_term_string}\",\"query-input\":\"required name=search_term_string\"}],\"inLanguage\":\"pt-BR\"},{\"@type\":\"ImageObject\",\"@id\":\"https:\/\/tribunadapraia.com.br\/?p=1025#primaryimage\",\"inLanguage\":\"pt-BR\",\"url\":\"https:\/\/tribunadapraia.com.br\/wp-content\/uploads\/2020\/04\/IMG-20200404-WA0077.jpg\",\"contentUrl\":\"https:\/\/tribunadapraia.com.br\/wp-content\/uploads\/2020\/04\/IMG-20200404-WA0077.jpg\",\"width\":200,\"height\":195},{\"@type\":\"WebPage\",\"@id\":\"https:\/\/tribunadapraia.com.br\/?p=1025#webpage\",\"url\":\"https:\/\/tribunadapraia.com.br\/?p=1025\",\"name\":\"FIQUE DE OLHO: Em Pirambu, eles s\\u00f3 pensam naquilo e seguem a receita da velha pol\\u00edtica - \\u00e9 preciso sair da caverna (ou continuar nas trevas da escurid\\u00e3o) - TRIBUNA DA PRAIA\",\"isPartOf\":{\"@id\":\"https:\/\/tribunadapraia.com.br\/#website\"},\"primaryImageOfPage\":{\"@id\":\"https:\/\/tribunadapraia.com.br\/?p=1025#primaryimage\"},\"datePublished\":\"2020-04-05T03:01:54+00:00\",\"dateModified\":\"2020-04-05T22:34:43+00:00\",\"breadcrumb\":{\"@id\":\"https:\/\/tribunadapraia.com.br\/?p=1025#breadcrumb\"},\"inLanguage\":\"pt-BR\",\"potentialAction\":[{\"@type\":\"ReadAction\",\"target\":[\"https:\/\/tribunadapraia.com.br\/?p=1025\"]}]},{\"@type\":\"BreadcrumbList\",\"@id\":\"https:\/\/tribunadapraia.com.br\/?p=1025#breadcrumb\",\"itemListElement\":[{\"@type\":\"ListItem\",\"position\":1,\"item\":{\"@type\":\"WebPage\",\"@id\":\"https:\/\/tribunadapraia.com.br\/\",\"url\":\"https:\/\/tribunadapraia.com.br\/\",\"name\":\"In\\u00edcio\"}},{\"@type\":\"ListItem\",\"position\":2,\"item\":{\"@id\":\"https:\/\/tribunadapraia.com.br\/?p=1025#webpage\"}}]},{\"@type\":\"Article\",\"@id\":\"https:\/\/tribunadapraia.com.br\/?p=1025#article\",\"isPartOf\":{\"@id\":\"https:\/\/tribunadapraia.com.br\/?p=1025#webpage\"},\"author\":{\"@id\":\"https:\/\/tribunadapraia.com.br\/#\/schema\/person\/099fbbf59acc5895c0d7d52b4fc46c97\"},\"headline\":\"FIQUE DE OLHO: Em Pirambu, eles s\\u00f3 pensam naquilo e seguem a receita da velha pol\\u00edtica &#8211; \\u00e9 preciso sair da caverna (ou continuar nas trevas da escurid\\u00e3o)\",\"datePublished\":\"2020-04-05T03:01:54+00:00\",\"dateModified\":\"2020-04-05T22:34:43+00:00\",\"mainEntityOfPage\":{\"@id\":\"https:\/\/tribunadapraia.com.br\/?p=1025#webpage\"},\"wordCount\":610,\"commentCount\":0,\"publisher\":{\"@id\":\"https:\/\/tribunadapraia.com.br\/#organization\"},\"image\":{\"@id\":\"https:\/\/tribunadapraia.com.br\/?p=1025#primaryimage\"},\"thumbnailUrl\":\"https:\/\/tribunadapraia.com.br\/wp-content\/uploads\/2020\/04\/IMG-20200404-WA0077.jpg\",\"articleSection\":[\"Not\\u00edcias\"],\"inLanguage\":\"pt-BR\",\"potentialAction\":[{\"@type\":\"CommentAction\",\"name\":\"Comment\",\"target\":[\"https:\/\/tribunadapraia.com.br\/?p=1025#respond\"]}]},{\"@type\":\"Person\",\"@id\":\"https:\/\/tribunadapraia.com.br\/#\/schema\/person\/099fbbf59acc5895c0d7d52b4fc46c97\",\"name\":\"Reda\\u00e7\\u00e3o\",\"image\":{\"@type\":\"ImageObject\",\"@id\":\"https:\/\/tribunadapraia.com.br\/#personlogo\",\"inLanguage\":\"pt-BR\",\"url\":\"https:\/\/secure.gravatar.com\/avatar\/91c8b91d2bfd7784eac5c3e055361f64?s=96&d=identicon&r=g\",\"contentUrl\":\"https:\/\/secure.gravatar.com\/avatar\/91c8b91d2bfd7784eac5c3e055361f64?s=96&d=identicon&r=g\",\"caption\":\"Reda\\u00e7\\u00e3o\"}}]}<\/script>\n<!-- \/ Yoast SEO plugin. -->","wps_subtitle":"","_links":{"self":[{"href":"https:\/\/tribunadapraia.com.br\/index.php?rest_route=\/wp\/v2\/posts\/1025"}],"collection":[{"href":"https:\/\/tribunadapraia.com.br\/index.php?rest_route=\/wp\/v2\/posts"}],"about":[{"href":"https:\/\/tribunadapraia.com.br\/index.php?rest_route=\/wp\/v2\/types\/post"}],"author":[{"embeddable":true,"href":"https:\/\/tribunadapraia.com.br\/index.php?rest_route=\/wp\/v2\/users\/3"}],"replies":[{"embeddable":true,"href":"https:\/\/tribunadapraia.com.br\/index.php?rest_route=%2Fwp%2Fv2%2Fcomments&post=1025"}],"version-history":[{"count":1,"href":"https:\/\/tribunadapraia.com.br\/index.php?rest_route=\/wp\/v2\/posts\/1025\/revisions"}],"predecessor-version":[{"id":1027,"href":"https:\/\/tribunadapraia.com.br\/index.php?rest_route=\/wp\/v2\/posts\/1025\/revisions\/1027"}],"wp:featuredmedia":[{"embeddable":true,"href":"https:\/\/tribunadapraia.com.br\/index.php?rest_route=\/wp\/v2\/media\/1026"}],"wp:attachment":[{"href":"https:\/\/tribunadapraia.com.br\/index.php?rest_route=%2Fwp%2Fv2%2Fmedia&parent=1025"}],"wp:term":[{"taxonomy":"category","embeddable":true,"href":"https:\/\/tribunadapraia.com.br\/index.php?rest_route=%2Fwp%2Fv2%2Fcategories&post=1025"},{"taxonomy":"post_tag","embeddable":true,"href":"https:\/\/tribunadapraia.com.br\/index.php?rest_route=%2Fwp%2Fv2%2Ftags&post=1025"}],"curies":[{"name":"wp","href":"https:\/\/api.w.org\/{rel}","templated":true}]}}