{"id":1022,"date":"2020-04-03T19:35:42","date_gmt":"2020-04-03T22:35:42","guid":{"rendered":"https:\/\/tribunadapraia.com.br\/?p=1022"},"modified":"2020-04-03T19:36:26","modified_gmt":"2020-04-03T22:36:26","slug":"carta-ao-povo-de-japaratuba","status":"publish","type":"post","link":"https:\/\/tribunadapraia.com.br\/?p=1022","title":{"rendered":"Carta ao Povo de Japaratuba"},"content":{"rendered":"<p>1Nos \u00faltimos dias, muito se falaram das mudan\u00e7as que houve no mundo pol\u00edtico aqui em Japaratuba.<\/p>\n<p>Algumas lideran\u00e7as pol\u00edticas, que sempre foram de oposi\u00e7\u00e3o ao grupo dos Moura, juntaram-se. Fato que deixou a sociedade Japaratubense completamente revoltada.<\/p>\n<p>Queremos tamb\u00e9m informar que tivemos convites, ofertas e promessas vantajosas, para que pud\u00e9ssemos sair da oposi\u00e7\u00e3o e juntar-se \u00e0 Prefeita Lara Moura e Andr\u00e9 Moura.<\/p>\n<p>Mas dissemos N\u00c3O!<\/p>\n<p>Portanto, abaixo, apresentamos os motivos:<\/p>\n<p>1. N\u00e3o aceitamos nada e nenhuma oferta, porque optamos em fazer pol\u00edtica na defesa da oposi\u00e7\u00e3o, valorizando e refor\u00e7ando o legado do Grande l\u00edder Padre Geraldo.<\/p>\n<p>2. N\u00e3o aceitamos, porque os valores e princ\u00edpios que defendemos est\u00e3o al\u00e9m do pragmatismo eleitoreiro de se preocupar com o pr\u00f3prio umbigo.<\/p>\n<p>3. N\u00e3o aceitamos, porque a pr\u00e1tica da velha pol\u00edtica de se vender \u00e9 a principal causa do desrespeito aos pol\u00edticos.<\/p>\n<p>4. N\u00e3o aceitamos, porque quem teve &#8211; e tem &#8211; o Padre Geraldo como refer\u00eancia pol\u00edtica, n\u00e3o pode fraquejar mediante as tenta\u00e7\u00f5es de elei\u00e7\u00f5es.<\/p>\n<p>5. N\u00e3o aceitamos, porque acreditamos numa forma e pr\u00e1tica diferente de fazer pol\u00edtica da atual administra\u00e7\u00e3o<\/p>\n<p>Meus amigos e companheiros de luta pol\u00edtica, fui vereador durante muito tempo, hoje, est\u00e1 o meu filho, Albert Moura. Apostamos que voc\u00eas nunca ter\u00e3o o desprazer e vergonha da confian\u00e7a depositada em n\u00f3s.<\/p>\n<p>Portanto, para tranquilizar e acabar com especula\u00e7\u00f5es que envolvem o nosso posicionamento pol\u00edtico, aqui queremos reafirmar que estamos fortes no grupo de oposi\u00e7\u00e3o.<\/p>\n<p>Somos do grupo do Padre Geraldo!<\/p>\n<p>Tamb\u00e9m, afirmamos que se o Ver. Albert crescer na pol\u00edtica e chegar a ser prefeito do nosso munic\u00edpio no futuro, ser\u00e1 com o apoio do nosso grupo pol\u00edtico.Pois n\u00e3o temos voca\u00e7\u00e3o para trai\u00e7\u00e3o.<\/p>\n<p>Assim, vamos, no atual momento, com os companheiros Rui Brand\u00e3o e Sizi.<\/p>\n<p>A Luta continua!<\/p>\n<p>Atenciosamente,<\/p>\n<p>Albertino Neg\u00e3o<\/p>\n<p>E<\/p>\n<p>Albert Moura<\/p>\n","protected":false},"excerpt":{"rendered":"<p>1Nos \u00faltimos dias, muito se falaram das mudan\u00e7as que houve no mundo pol\u00edtico aqui em Japaratuba. Algumas lideran\u00e7as pol\u00edticas, que sempre foram de oposi\u00e7\u00e3o ao grupo dos Moura, juntaram-se. Fato que deixou a sociedade Japaratubense completamente revoltada. Queremos tamb\u00e9m informar que tivemos convites, ofertas e promessas vantajosas, para que pud\u00e9ssemos sair da oposi\u00e7\u00e3o e juntar-se \u00e0 Prefeita Lara Moura e Andr\u00e9 Moura. Mas dissemos N\u00c3O! Portanto, abaixo, apresentamos os motivos:<\/p>\n","protected":false},"author":1,"featured_media":1023,"comment_status":"open","ping_status":"open","sticky":false,"template":"","format":"standard","meta":[],"categories":[18],"tags":[],"yoast_head":"<!-- This site is optimized with the Yoast SEO plugin v16.3 - https:\/\/yoast.com\/wordpress\/plugins\/seo\/ -->\n<title>Carta ao Povo de Japaratuba - TRIBUNA DA PRAIA<\/title>\n<meta name=\"robots\" content=\"index, follow, max-snippet:-1, max-image-preview:large, max-video-preview:-1\" \/>\n<link rel=\"canonical\" href=\"https:\/\/tribunadapraia.com.br\/?p=1022\" \/>\n<meta property=\"og:locale\" content=\"pt_BR\" \/>\n<meta property=\"og:type\" content=\"article\" \/>\n<meta property=\"og:title\" content=\"Carta ao Povo de Japaratuba - TRIBUNA DA PRAIA\" \/>\n<meta property=\"og:description\" content=\"1Nos \u00faltimos dias, muito se falaram das mudan\u00e7as que houve no mundo pol\u00edtico aqui em Japaratuba. Algumas lideran\u00e7as pol\u00edticas, que sempre foram de oposi\u00e7\u00e3o ao grupo dos Moura, juntaram-se. Fato que deixou a sociedade Japaratubense completamente revoltada. Queremos tamb\u00e9m informar que tivemos convites, ofertas e promessas vantajosas, para que pud\u00e9ssemos sair da oposi\u00e7\u00e3o e juntar-se \u00e0 Prefeita Lara Moura e Andr\u00e9 Moura. Mas dissemos N\u00c3O! Portanto, abaixo, apresentamos os motivos:\" \/>\n<meta property=\"og:url\" content=\"https:\/\/tribunadapraia.com.br\/?p=1022\" \/>\n<meta property=\"og:site_name\" content=\"TRIBUNA DA PRAIA\" \/>\n<meta property=\"article:publisher\" content=\"https:\/\/www.facebook.com\/tribunadapraiaonline\/\" \/>\n<meta property=\"article:published_time\" content=\"2020-04-03T22:35:42+00:00\" \/>\n<meta property=\"article:modified_time\" content=\"2020-04-03T22:36:26+00:00\" \/>\n<meta property=\"og:image\" content=\"https:\/\/tribunadapraia.com.br\/wp-content\/uploads\/2020\/04\/IMG-20200403-WA0089.jpg\" \/>\n\t<meta property=\"og:image:width\" content=\"259\" \/>\n\t<meta property=\"og:image:height\" content=\"194\" \/>\n<meta name=\"twitter:card\" content=\"summary_large_image\" \/>\n<meta name=\"twitter:creator\" content=\"@Claudomir21\" \/>\n<meta name=\"twitter:site\" content=\"@Claudomir21\" \/>\n<meta name=\"twitter:label1\" content=\"Est. tempo de leitura\">\n\t<meta name=\"twitter:data1\" content=\"2 minutos\">\n<script type=\"application\/ld+json\" class=\"yoast-schema-graph\">{\"@context\":\"https:\/\/schema.org\",\"@graph\":[{\"@type\":\"Organization\",\"@id\":\"https:\/\/tribunadapraia.com.br\/#organization\",\"name\":\"Tribuna da Praia\",\"url\":\"https:\/\/tribunadapraia.com.br\/\",\"sameAs\":[\"https:\/\/www.facebook.com\/tribunadapraiaonline\/\",\"https:\/\/www.instagram.com\/claudomirtavares\/\",\"https:\/\/www.youtube.com\/channel\/UCwQf80nxiMzCefAyjbp53Rw\",\"https:\/\/twitter.com\/Claudomir21\"],\"logo\":{\"@type\":\"ImageObject\",\"@id\":\"https:\/\/tribunadapraia.com.br\/#logo\",\"inLanguage\":\"pt-BR\",\"url\":\"https:\/\/tribunadapraia.com.br\/wp-content\/uploads\/2020\/02\/logo.png\",\"contentUrl\":\"https:\/\/tribunadapraia.com.br\/wp-content\/uploads\/2020\/02\/logo.png\",\"width\":501,\"height\":121,\"caption\":\"Tribuna da Praia\"},\"image\":{\"@id\":\"https:\/\/tribunadapraia.com.br\/#logo\"}},{\"@type\":\"WebSite\",\"@id\":\"https:\/\/tribunadapraia.com.br\/#website\",\"url\":\"https:\/\/tribunadapraia.com.br\/\",\"name\":\"TRIBUNA DA PRAIA\",\"description\":\"O 1\\u00ba jornal do interior de Sergipe na internet\",\"publisher\":{\"@id\":\"https:\/\/tribunadapraia.com.br\/#organization\"},\"potentialAction\":[{\"@type\":\"SearchAction\",\"target\":\"https:\/\/tribunadapraia.com.br\/?s={search_term_string}\",\"query-input\":\"required name=search_term_string\"}],\"inLanguage\":\"pt-BR\"},{\"@type\":\"ImageObject\",\"@id\":\"https:\/\/tribunadapraia.com.br\/?p=1022#primaryimage\",\"inLanguage\":\"pt-BR\",\"url\":\"https:\/\/tribunadapraia.com.br\/wp-content\/uploads\/2020\/04\/IMG-20200403-WA0089.jpg\",\"contentUrl\":\"https:\/\/tribunadapraia.com.br\/wp-content\/uploads\/2020\/04\/IMG-20200403-WA0089.jpg\",\"width\":259,\"height\":194},{\"@type\":\"WebPage\",\"@id\":\"https:\/\/tribunadapraia.com.br\/?p=1022#webpage\",\"url\":\"https:\/\/tribunadapraia.com.br\/?p=1022\",\"name\":\"Carta ao Povo de Japaratuba - TRIBUNA DA PRAIA\",\"isPartOf\":{\"@id\":\"https:\/\/tribunadapraia.com.br\/#website\"},\"primaryImageOfPage\":{\"@id\":\"https:\/\/tribunadapraia.com.br\/?p=1022#primaryimage\"},\"datePublished\":\"2020-04-03T22:35:42+00:00\",\"dateModified\":\"2020-04-03T22:36:26+00:00\",\"breadcrumb\":{\"@id\":\"https:\/\/tribunadapraia.com.br\/?p=1022#breadcrumb\"},\"inLanguage\":\"pt-BR\",\"potentialAction\":[{\"@type\":\"ReadAction\",\"target\":[\"https:\/\/tribunadapraia.com.br\/?p=1022\"]}]},{\"@type\":\"BreadcrumbList\",\"@id\":\"https:\/\/tribunadapraia.com.br\/?p=1022#breadcrumb\",\"itemListElement\":[{\"@type\":\"ListItem\",\"position\":1,\"item\":{\"@type\":\"WebPage\",\"@id\":\"https:\/\/tribunadapraia.com.br\/\",\"url\":\"https:\/\/tribunadapraia.com.br\/\",\"name\":\"In\\u00edcio\"}},{\"@type\":\"ListItem\",\"position\":2,\"item\":{\"@id\":\"https:\/\/tribunadapraia.com.br\/?p=1022#webpage\"}}]},{\"@type\":\"Article\",\"@id\":\"https:\/\/tribunadapraia.com.br\/?p=1022#article\",\"isPartOf\":{\"@id\":\"https:\/\/tribunadapraia.com.br\/?p=1022#webpage\"},\"author\":{\"@id\":\"https:\/\/tribunadapraia.com.br\/#\/schema\/person\/326b0a9f3163b479142c64eba4928de0\"},\"headline\":\"Carta ao Povo de Japaratuba\",\"datePublished\":\"2020-04-03T22:35:42+00:00\",\"dateModified\":\"2020-04-03T22:36:26+00:00\",\"mainEntityOfPage\":{\"@id\":\"https:\/\/tribunadapraia.com.br\/?p=1022#webpage\"},\"wordCount\":343,\"commentCount\":1,\"publisher\":{\"@id\":\"https:\/\/tribunadapraia.com.br\/#organization\"},\"image\":{\"@id\":\"https:\/\/tribunadapraia.com.br\/?p=1022#primaryimage\"},\"thumbnailUrl\":\"https:\/\/tribunadapraia.com.br\/wp-content\/uploads\/2020\/04\/IMG-20200403-WA0089.jpg\",\"articleSection\":[\"Not\\u00edcias\"],\"inLanguage\":\"pt-BR\",\"potentialAction\":[{\"@type\":\"CommentAction\",\"name\":\"Comment\",\"target\":[\"https:\/\/tribunadapraia.com.br\/?p=1022#respond\"]}]},{\"@type\":\"Person\",\"@id\":\"https:\/\/tribunadapraia.com.br\/#\/schema\/person\/326b0a9f3163b479142c64eba4928de0\",\"name\":\"tribunadapraia\",\"image\":{\"@type\":\"ImageObject\",\"@id\":\"https:\/\/tribunadapraia.com.br\/#personlogo\",\"inLanguage\":\"pt-BR\",\"url\":\"https:\/\/secure.gravatar.com\/avatar\/38b019c74762496076b7355024a0dad9?s=96&d=identicon&r=g\",\"contentUrl\":\"https:\/\/secure.gravatar.com\/avatar\/38b019c74762496076b7355024a0dad9?s=96&d=identicon&r=g\",\"caption\":\"tribunadapraia\"}}]}<\/script>\n<!-- \/ Yoast SEO plugin. -->","wps_subtitle":"","_links":{"self":[{"href":"https:\/\/tribunadapraia.com.br\/index.php?rest_route=\/wp\/v2\/posts\/1022"}],"collection":[{"href":"https:\/\/tribunadapraia.com.br\/index.php?rest_route=\/wp\/v2\/posts"}],"about":[{"href":"https:\/\/tribunadapraia.com.br\/index.php?rest_route=\/wp\/v2\/types\/post"}],"author":[{"embeddable":true,"href":"https:\/\/tribunadapraia.com.br\/index.php?rest_route=\/wp\/v2\/users\/1"}],"replies":[{"embeddable":true,"href":"https:\/\/tribunadapraia.com.br\/index.php?rest_route=%2Fwp%2Fv2%2Fcomments&post=1022"}],"version-history":[{"count":1,"href":"https:\/\/tribunadapraia.com.br\/index.php?rest_route=\/wp\/v2\/posts\/1022\/revisions"}],"predecessor-version":[{"id":1024,"href":"https:\/\/tribunadapraia.com.br\/index.php?rest_route=\/wp\/v2\/posts\/1022\/revisions\/1024"}],"wp:featuredmedia":[{"embeddable":true,"href":"https:\/\/tribunadapraia.com.br\/index.php?rest_route=\/wp\/v2\/media\/1023"}],"wp:attachment":[{"href":"https:\/\/tribunadapraia.com.br\/index.php?rest_route=%2Fwp%2Fv2%2Fmedia&parent=1022"}],"wp:term":[{"taxonomy":"category","embeddable":true,"href":"https:\/\/tribunadapraia.com.br\/index.php?rest_route=%2Fwp%2Fv2%2Fcategories&post=1022"},{"taxonomy":"post_tag","embeddable":true,"href":"https:\/\/tribunadapraia.com.br\/index.php?rest_route=%2Fwp%2Fv2%2Ftags&post=1022"}],"curies":[{"name":"wp","href":"https:\/\/api.w.org\/{rel}","templated":true}]}}