{"id":1019,"date":"2020-04-03T11:35:18","date_gmt":"2020-04-03T14:35:18","guid":{"rendered":"https:\/\/tribunadapraia.com.br\/?p=1019"},"modified":"2020-04-03T11:35:54","modified_gmt":"2020-04-03T14:35:54","slug":"voce-abrasa-eu","status":"publish","type":"post","link":"https:\/\/tribunadapraia.com.br\/?p=1019","title":{"rendered":"VOC\u00ca ABRASA EU"},"content":{"rendered":"<p>Compartilho com voc\u00eas, para leitura, um pouco dos meus devaneios noturnos. ( Jos\u00e9 Ailton Santos)<\/p>\n<p>Voc\u00ea s\u00f3 conhece de mim<br \/>\no que minhas vestes n\u00e3o encobrem<br \/>\n&#8211; n\u00e3o me tens mais desnuda &#8211;<br \/>\no que te mostro define a fronteira.<\/p>\n<p>Aprendi o carteado,<br \/>\nhoje dou as cartas,<br \/>\nsou jogador de p\u00f4quer,<br \/>\nfa\u00e7o cara de Monalisa.<\/p>\n<p>Aprendi a me fechar por dentro:<br \/>\nas pernas,<br \/>\nas portas,<br \/>\na intimidade.<\/p>\n<p>S\u00f3 sirvo a um deus,<br \/>\n[\u00e0queles] que sabem<br \/>\nabrasar minh&#8217;alma.<\/p>\n<p>Por isso,<br \/>\nn\u00e3o gaste seu sofisticado latim,<br \/>\nsou fiel e vou \u00e0 missa,<br \/>\n[puro convencionalismo]<br \/>\nsei falar, mas n\u00e3o ou\u00e7o bem.<\/p>\n<p>Cansei de jogar,<br \/>\ncansei de correr,<br \/>\ncansei de me enojar,<br \/>\ncansei de me esconder,<br \/>\ncansei de me render [a ti],<br \/>\ncansei de enlodar minh&#8217;alma,<br \/>\nenquanto limpava o corpo.<\/p>\n<p>Cresci,<br \/>\namadureci,<br \/>\ntornei-me adulta.<\/p>\n<p>As flores [d&#8217;antes] cintilantes, murcharam,<br \/>\npoupe a \u00e1gua e esfor\u00e7o<br \/>\n&#8230;<br \/>\nPode partir!<br \/>\nEst\u00e1 dispensado!<br \/>\n[de coroa na m\u00e3o e abatido]<br \/>\nAfastou-se de mim.<\/p>\n<p>E quando o vejo partir:<br \/>\ndesfa\u00e7o-me,<br \/>\nevaporo-me,<br \/>\nliquidifico-me,<br \/>\ndesmancho-me.<\/p>\n<p>Quando te vejo,<br \/>\ndar as costas a mim,<br \/>\nvejo-me em estado de plenitude.<br \/>\nTiro o v\u00e9u e percebo, que n\u00e3o sou montanha,<br \/>\nsou plan\u00edcie, sou vale&#8230; ef\u00eamero ,<br \/>\nsou a parte mais fr\u00e1gil.<\/p>\n<p>Apresso-me:<br \/>\ntoco sutilmente seu ombro<br \/>\ne ao voltar-se a mim,<br \/>\ndou-te [novamente] a chave:<br \/>\ndas pernas,<br \/>\ndas portas,<br \/>\nda intimidade.<\/p>\n<p>Conven\u00e7o-me,<br \/>\ndefinitivamente,<br \/>\n&#8220;\u00e9s meu infinito c\u00e9u azul&#8221;.<\/p>\n<p>Jos\u00e9 Ailton Santos | Pan\u00f3ptico (https:\/\/olharpanoptico.blogspot.com)<\/p>\n","protected":false},"excerpt":{"rendered":"<p>Compartilho com voc\u00eas, para leitura, um pouco dos meus devaneios noturnos. ( Jos\u00e9 Ailton Santos) Voc\u00ea s\u00f3 conhece de mim o que minhas vestes n\u00e3o encobrem &#8211; n\u00e3o me tens mais desnuda &#8211; o que te mostro define a fronteira. Aprendi o carteado, hoje dou as cartas, sou jogador de p\u00f4quer, fa\u00e7o cara de Monalisa. Aprendi a me fechar por dentro: as pernas, as portas, a intimidade. S\u00f3 sirvo a<\/p>\n","protected":false},"author":1,"featured_media":1020,"comment_status":"open","ping_status":"open","sticky":false,"template":"","format":"standard","meta":[],"categories":[18],"tags":[],"yoast_head":"<!-- This site is optimized with the Yoast SEO plugin v16.3 - https:\/\/yoast.com\/wordpress\/plugins\/seo\/ -->\n<title>VOC\u00ca ABRASA EU - TRIBUNA DA PRAIA<\/title>\n<meta name=\"robots\" content=\"index, follow, max-snippet:-1, max-image-preview:large, max-video-preview:-1\" \/>\n<link rel=\"canonical\" href=\"https:\/\/tribunadapraia.com.br\/?p=1019\" \/>\n<meta property=\"og:locale\" content=\"pt_BR\" \/>\n<meta property=\"og:type\" content=\"article\" \/>\n<meta property=\"og:title\" content=\"VOC\u00ca ABRASA EU - TRIBUNA DA PRAIA\" \/>\n<meta property=\"og:description\" content=\"Compartilho com voc\u00eas, para leitura, um pouco dos meus devaneios noturnos. ( Jos\u00e9 Ailton Santos) Voc\u00ea s\u00f3 conhece de mim o que minhas vestes n\u00e3o encobrem &#8211; n\u00e3o me tens mais desnuda &#8211; o que te mostro define a fronteira. Aprendi o carteado, hoje dou as cartas, sou jogador de p\u00f4quer, fa\u00e7o cara de Monalisa. Aprendi a me fechar por dentro: as pernas, as portas, a intimidade. S\u00f3 sirvo a\" \/>\n<meta property=\"og:url\" content=\"https:\/\/tribunadapraia.com.br\/?p=1019\" \/>\n<meta property=\"og:site_name\" content=\"TRIBUNA DA PRAIA\" \/>\n<meta property=\"article:publisher\" content=\"https:\/\/www.facebook.com\/tribunadapraiaonline\/\" \/>\n<meta property=\"article:published_time\" content=\"2020-04-03T14:35:18+00:00\" \/>\n<meta property=\"article:modified_time\" content=\"2020-04-03T14:35:54+00:00\" \/>\n<meta property=\"og:image\" content=\"https:\/\/tribunadapraia.com.br\/wp-content\/uploads\/2020\/04\/IMG-20200403-WA0030.jpg\" \/>\n\t<meta property=\"og:image:width\" content=\"1500\" \/>\n\t<meta property=\"og:image:height\" content=\"911\" \/>\n<meta name=\"twitter:card\" content=\"summary_large_image\" \/>\n<meta name=\"twitter:creator\" content=\"@Claudomir21\" \/>\n<meta name=\"twitter:site\" content=\"@Claudomir21\" \/>\n<meta name=\"twitter:label1\" content=\"Est. tempo de leitura\">\n\t<meta name=\"twitter:data1\" content=\"1 minuto\">\n<script type=\"application\/ld+json\" class=\"yoast-schema-graph\">{\"@context\":\"https:\/\/schema.org\",\"@graph\":[{\"@type\":\"Organization\",\"@id\":\"https:\/\/tribunadapraia.com.br\/#organization\",\"name\":\"Tribuna da Praia\",\"url\":\"https:\/\/tribunadapraia.com.br\/\",\"sameAs\":[\"https:\/\/www.facebook.com\/tribunadapraiaonline\/\",\"https:\/\/www.instagram.com\/claudomirtavares\/\",\"https:\/\/www.youtube.com\/channel\/UCwQf80nxiMzCefAyjbp53Rw\",\"https:\/\/twitter.com\/Claudomir21\"],\"logo\":{\"@type\":\"ImageObject\",\"@id\":\"https:\/\/tribunadapraia.com.br\/#logo\",\"inLanguage\":\"pt-BR\",\"url\":\"https:\/\/tribunadapraia.com.br\/wp-content\/uploads\/2020\/02\/logo.png\",\"contentUrl\":\"https:\/\/tribunadapraia.com.br\/wp-content\/uploads\/2020\/02\/logo.png\",\"width\":501,\"height\":121,\"caption\":\"Tribuna da Praia\"},\"image\":{\"@id\":\"https:\/\/tribunadapraia.com.br\/#logo\"}},{\"@type\":\"WebSite\",\"@id\":\"https:\/\/tribunadapraia.com.br\/#website\",\"url\":\"https:\/\/tribunadapraia.com.br\/\",\"name\":\"TRIBUNA DA PRAIA\",\"description\":\"O 1\\u00ba jornal do interior de Sergipe na internet\",\"publisher\":{\"@id\":\"https:\/\/tribunadapraia.com.br\/#organization\"},\"potentialAction\":[{\"@type\":\"SearchAction\",\"target\":\"https:\/\/tribunadapraia.com.br\/?s={search_term_string}\",\"query-input\":\"required name=search_term_string\"}],\"inLanguage\":\"pt-BR\"},{\"@type\":\"ImageObject\",\"@id\":\"https:\/\/tribunadapraia.com.br\/?p=1019#primaryimage\",\"inLanguage\":\"pt-BR\",\"url\":\"https:\/\/tribunadapraia.com.br\/wp-content\/uploads\/2020\/04\/IMG-20200403-WA0030.jpg\",\"contentUrl\":\"https:\/\/tribunadapraia.com.br\/wp-content\/uploads\/2020\/04\/IMG-20200403-WA0030.jpg\",\"width\":1500,\"height\":911},{\"@type\":\"WebPage\",\"@id\":\"https:\/\/tribunadapraia.com.br\/?p=1019#webpage\",\"url\":\"https:\/\/tribunadapraia.com.br\/?p=1019\",\"name\":\"VOC\\u00ca ABRASA EU - TRIBUNA DA PRAIA\",\"isPartOf\":{\"@id\":\"https:\/\/tribunadapraia.com.br\/#website\"},\"primaryImageOfPage\":{\"@id\":\"https:\/\/tribunadapraia.com.br\/?p=1019#primaryimage\"},\"datePublished\":\"2020-04-03T14:35:18+00:00\",\"dateModified\":\"2020-04-03T14:35:54+00:00\",\"breadcrumb\":{\"@id\":\"https:\/\/tribunadapraia.com.br\/?p=1019#breadcrumb\"},\"inLanguage\":\"pt-BR\",\"potentialAction\":[{\"@type\":\"ReadAction\",\"target\":[\"https:\/\/tribunadapraia.com.br\/?p=1019\"]}]},{\"@type\":\"BreadcrumbList\",\"@id\":\"https:\/\/tribunadapraia.com.br\/?p=1019#breadcrumb\",\"itemListElement\":[{\"@type\":\"ListItem\",\"position\":1,\"item\":{\"@type\":\"WebPage\",\"@id\":\"https:\/\/tribunadapraia.com.br\/\",\"url\":\"https:\/\/tribunadapraia.com.br\/\",\"name\":\"In\\u00edcio\"}},{\"@type\":\"ListItem\",\"position\":2,\"item\":{\"@id\":\"https:\/\/tribunadapraia.com.br\/?p=1019#webpage\"}}]},{\"@type\":\"Article\",\"@id\":\"https:\/\/tribunadapraia.com.br\/?p=1019#article\",\"isPartOf\":{\"@id\":\"https:\/\/tribunadapraia.com.br\/?p=1019#webpage\"},\"author\":{\"@id\":\"https:\/\/tribunadapraia.com.br\/#\/schema\/person\/326b0a9f3163b479142c64eba4928de0\"},\"headline\":\"VOC\\u00ca ABRASA EU\",\"datePublished\":\"2020-04-03T14:35:18+00:00\",\"dateModified\":\"2020-04-03T14:35:54+00:00\",\"mainEntityOfPage\":{\"@id\":\"https:\/\/tribunadapraia.com.br\/?p=1019#webpage\"},\"wordCount\":249,\"commentCount\":0,\"publisher\":{\"@id\":\"https:\/\/tribunadapraia.com.br\/#organization\"},\"image\":{\"@id\":\"https:\/\/tribunadapraia.com.br\/?p=1019#primaryimage\"},\"thumbnailUrl\":\"https:\/\/tribunadapraia.com.br\/wp-content\/uploads\/2020\/04\/IMG-20200403-WA0030.jpg\",\"articleSection\":[\"Not\\u00edcias\"],\"inLanguage\":\"pt-BR\",\"potentialAction\":[{\"@type\":\"CommentAction\",\"name\":\"Comment\",\"target\":[\"https:\/\/tribunadapraia.com.br\/?p=1019#respond\"]}]},{\"@type\":\"Person\",\"@id\":\"https:\/\/tribunadapraia.com.br\/#\/schema\/person\/326b0a9f3163b479142c64eba4928de0\",\"name\":\"tribunadapraia\",\"image\":{\"@type\":\"ImageObject\",\"@id\":\"https:\/\/tribunadapraia.com.br\/#personlogo\",\"inLanguage\":\"pt-BR\",\"url\":\"https:\/\/secure.gravatar.com\/avatar\/38b019c74762496076b7355024a0dad9?s=96&d=identicon&r=g\",\"contentUrl\":\"https:\/\/secure.gravatar.com\/avatar\/38b019c74762496076b7355024a0dad9?s=96&d=identicon&r=g\",\"caption\":\"tribunadapraia\"}}]}<\/script>\n<!-- \/ Yoast SEO plugin. -->","wps_subtitle":"","_links":{"self":[{"href":"https:\/\/tribunadapraia.com.br\/index.php?rest_route=\/wp\/v2\/posts\/1019"}],"collection":[{"href":"https:\/\/tribunadapraia.com.br\/index.php?rest_route=\/wp\/v2\/posts"}],"about":[{"href":"https:\/\/tribunadapraia.com.br\/index.php?rest_route=\/wp\/v2\/types\/post"}],"author":[{"embeddable":true,"href":"https:\/\/tribunadapraia.com.br\/index.php?rest_route=\/wp\/v2\/users\/1"}],"replies":[{"embeddable":true,"href":"https:\/\/tribunadapraia.com.br\/index.php?rest_route=%2Fwp%2Fv2%2Fcomments&post=1019"}],"version-history":[{"count":1,"href":"https:\/\/tribunadapraia.com.br\/index.php?rest_route=\/wp\/v2\/posts\/1019\/revisions"}],"predecessor-version":[{"id":1021,"href":"https:\/\/tribunadapraia.com.br\/index.php?rest_route=\/wp\/v2\/posts\/1019\/revisions\/1021"}],"wp:featuredmedia":[{"embeddable":true,"href":"https:\/\/tribunadapraia.com.br\/index.php?rest_route=\/wp\/v2\/media\/1020"}],"wp:attachment":[{"href":"https:\/\/tribunadapraia.com.br\/index.php?rest_route=%2Fwp%2Fv2%2Fmedia&parent=1019"}],"wp:term":[{"taxonomy":"category","embeddable":true,"href":"https:\/\/tribunadapraia.com.br\/index.php?rest_route=%2Fwp%2Fv2%2Fcategories&post=1019"},{"taxonomy":"post_tag","embeddable":true,"href":"https:\/\/tribunadapraia.com.br\/index.php?rest_route=%2Fwp%2Fv2%2Ftags&post=1019"}],"curies":[{"name":"wp","href":"https:\/\/api.w.org\/{rel}","templated":true}]}}