{"id":1011,"date":"2020-04-02T14:48:06","date_gmt":"2020-04-02T17:48:06","guid":{"rendered":"https:\/\/tribunadapraia.com.br\/?p=1011"},"modified":"2020-04-02T14:49:00","modified_gmt":"2020-04-02T17:49:00","slug":"mentirosos-militares-divulgam-fake-news-sobre-golpe-de-64-covid-19-serve-de-justificativa-para-transformar-hungria-em-ditadura","status":"publish","type":"post","link":"https:\/\/tribunadapraia.com.br\/?p=1011","title":{"rendered":"Mentirosos, militares divulgam fake news sobre golpe de 64 Covid-19 serve de justificativa para transformar Hungria em ditadura"},"content":{"rendered":"<p>1NNEDY ALENCAR<br \/>\nWashington<\/p>\n<p>O ministro da Defesa, Fernando Azevedo, mentiu ao divulgar nota dizendo que o golpe de 1964 \u201c\u00e9 um marco para a democracia brasileira\u201d. A nota tamb\u00e9m foi assinada pelos comandantes das tr\u00eas for\u00e7as.<\/p>\n<p>\u00c9 fake news dizer para as atuais gera\u00e7\u00f5es que um golpe que fechou o Congresso, cassou mandatos, matou gente e a democracia tenha sido um marco justamente na defesa da democracia. \u00c9 uma tentativa canhestra de reescrever a Hist\u00f3ria.<\/p>\n<p>Trata-se de um crime contra a mem\u00f3ria do Brasil e das v\u00edtimas da ditadura. Serve \u00e0 divis\u00e3o do pa\u00eds, deseduca o povo e infla conflitos.<\/p>\n<p>Para piorar, o tamb\u00e9m general da reserva Eduardo Villas B\u00f4as, ex-comandante do Ex\u00e9rcito, publicou em rede social mais uma manifesta\u00e7\u00e3o golpista. Villas B\u00f4as falou que \u201ca\u00e7\u00f5es extremadas podem acarretar consequ\u00eancias imprevis\u00edveis\u201d, referindo-se ao desgoverno Bolsonaro e ao covid-19. \u201cPode-se discordar do presidente, mas a postura revela coragem e perseveran\u00e7a nas pr\u00f3prias convic\u00e7\u00f5es\u201d, escreveu.<\/p>\n<p>Apesar de n\u00e3o surpreender, a fala \u00e9 abjeta. N\u00e3o se trata de ter coragem tampouco de perseverar \u201cnas pr\u00f3prias convic\u00e7\u00f5es\u201d, mas de se comportar de forma irrespons\u00e1vel colocando em risco a sa\u00fade dos brasileiros. Bolsonaro tem causado dano \u00e0 sa\u00fade p\u00fablica.<\/p>\n<p>Twitter, Facebook e Google apagaram posts do presidente da Rep\u00fablica, dada a sua falta de seriedade no que publica na internet. Quem merece reprimenda \u00e9 Bolsonaro. Quem toma atitudes contra a sa\u00fade p\u00fablica \u00e9 Bolsonaro.<\/p>\n<p>Com frequ\u00eancia, h\u00e1 relatos na imprensa brasileira sobre as alas ideol\u00f3gica e militar do governo, como se a segunda tivesse bom senso. Piada.<\/p>\n<p>As manifesta\u00e7\u00f5es do ministro da Defesa e do ex-comandante do Ex\u00e9rcito s\u00e3o puro terraplanismo pol\u00edtico-militar. Esses generais s\u00e3o iguais a Bolsonaro e n\u00e3o ficam devendo nada para figuras da sombra como Olavo de Carvalho.<\/p>\n<p>Nas redes sociais, o vice-presidente Hamilton Mour\u00e3o tamb\u00e9m mentiu a respeito de 64. Que papel\u00e3o. Embrulha o est\u00f4mago ver isso em 2020.<\/p>\n<p>Efeito corona<\/p>\n<p>Na Hungria, o coronav\u00edrus serviu de pretexto para a aprova\u00e7\u00e3o de uma lei no Parlamento que \u00e9 um golpe institucional, transformando o primeiro-ministro, Viktor Orban, num ditador.<\/p>\n<p>A Hungria, que j\u00e1 era uma democracia fr\u00e1gil e acossada pelo autoritarismo de Orban, tem agora Parlamento fechado, elei\u00e7\u00f5es canceladas e primeiro-ministro que governa por decreto. \u00c9 mais ou menos o que aconteceu no golpe de 64 no Brasil.<\/p>\n<p>H\u00e1 press\u00e3o ainda maior sobre o que restou de imprensa independente na Hungria. O coronav\u00edrus cai como uma luva para candidatos a ditador mundo afora, inclusive no Brasil. Na Europa, nasceu uma ditadura.<\/p>\n<p>Tempos duros<\/p>\n<p>Nos EUA, a certeza \u00e9 que abril ser\u00e1 pior do que mar\u00e7o em n\u00famero de casos e mortes por covid-19. Ontem, segunda-feira, foi o dia mais mortal, com mais de 500 mortes contabilizadas. Na manh\u00e3 desta ter\u00e7a, os Estados Unidos contavam mais de 160 mil casos e mais de 3 mil mortes.<\/p>\n<p>O presidente Donald Trump afirma que foram feitos um milh\u00e3o de testes. Trump diz que \u00e9 o pa\u00eds que mais testa. Em n\u00fameros absolutos, sim. Em n\u00fameros relativos, ainda est\u00e1 atr\u00e1s da Coreia do Sul e da It\u00e1lia em testes per capita.<\/p>\n<p>Trump disse que as recomenda\u00e7\u00f5es de isolamento social prorrogadas at\u00e9 o fim de abril podem salvar 1 milh\u00e3o de vidas. \u00c9 uma tentativa de tirar press\u00e3o dos hospitais, sobretudo no Estado de Nova York, que est\u00e1 perto do colapso no atendimento.<\/p>\n<p>O presidente americano foi convencido pelos cientistas de que estava dando corda ao falso dilema de escolher entre a economia e a sa\u00fade p\u00fablica. Sem salvar a sa\u00fade a p\u00fablica, seria pior para a economia. N\u00e3o haveria economia com uma tentativa de reativ\u00e1-la antes da hora. O resultado poderia ser pior.<\/p>\n<p>Trump fez uma corre\u00e7\u00e3o de rumos no discurso e nas atitudes. Rendeu-se \u00e0 realidade. Basta comparar com o que ele dizia at\u00e9 15 dias, 10 dias atr\u00e1s. Agora, a briga dele \u00e9 com os governadores. Quer terceirizar responsabilidades, mas ouviu os cientistas, o que \u00e9 bom, pois ajuda a parar de errar tanto como ele vinha errando ao subestimar o coronav\u00edrus.<\/p>\n<p>Mais um aperto<\/p>\n<p>No Distrito de Col\u00fambia, a prefeita de Washington, Muriel Bowser, decretou ontem ordem para os cidad\u00e3os ficarem em casa a partir da meia-noite de hoje. Ela segue orienta\u00e7\u00f5es de maior restri\u00e7\u00e3o de isolamento social j\u00e1 decretadas em Maryland e Virginia, que fazem parte da Grande Washington, a regi\u00e3o metropolitana.<\/p>\n<p>S\u00f3 ser\u00e1 permitido sair para atividades essenciais, como comprar comida e rem\u00e9dio, e algumas exce\u00e7\u00f5es, exerc\u00edcios f\u00edsicos e levar o cachorro para passear. As regras valer\u00e3o por um m\u00eas.<\/p>\n","protected":false},"excerpt":{"rendered":"<p>1NNEDY ALENCAR Washington O ministro da Defesa, Fernando Azevedo, mentiu ao divulgar nota dizendo que o golpe de 1964 \u201c\u00e9 um marco para a democracia brasileira\u201d. A nota tamb\u00e9m foi assinada pelos comandantes das tr\u00eas for\u00e7as. \u00c9 fake news dizer para as atuais gera\u00e7\u00f5es que um golpe que fechou o Congresso, cassou mandatos, matou gente e a democracia tenha sido um marco justamente na defesa da democracia. \u00c9 uma tentativa<\/p>\n","protected":false},"author":1,"featured_media":937,"comment_status":"open","ping_status":"open","sticky":false,"template":"","format":"standard","meta":[],"categories":[18],"tags":[],"yoast_head":"<!-- This site is optimized with the Yoast SEO plugin v16.3 - https:\/\/yoast.com\/wordpress\/plugins\/seo\/ -->\n<title>Mentirosos, militares divulgam fake news sobre golpe de 64 Covid-19 serve de justificativa para transformar Hungria em ditadura - TRIBUNA DA PRAIA<\/title>\n<meta name=\"robots\" content=\"index, follow, max-snippet:-1, max-image-preview:large, max-video-preview:-1\" \/>\n<link rel=\"canonical\" href=\"https:\/\/tribunadapraia.com.br\/?p=1011\" \/>\n<meta property=\"og:locale\" content=\"pt_BR\" \/>\n<meta property=\"og:type\" content=\"article\" \/>\n<meta property=\"og:title\" content=\"Mentirosos, militares divulgam fake news sobre golpe de 64 Covid-19 serve de justificativa para transformar Hungria em ditadura - TRIBUNA DA PRAIA\" \/>\n<meta property=\"og:description\" content=\"1NNEDY ALENCAR Washington O ministro da Defesa, Fernando Azevedo, mentiu ao divulgar nota dizendo que o golpe de 1964 \u201c\u00e9 um marco para a democracia brasileira\u201d. A nota tamb\u00e9m foi assinada pelos comandantes das tr\u00eas for\u00e7as. \u00c9 fake news dizer para as atuais gera\u00e7\u00f5es que um golpe que fechou o Congresso, cassou mandatos, matou gente e a democracia tenha sido um marco justamente na defesa da democracia. \u00c9 uma tentativa\" \/>\n<meta property=\"og:url\" content=\"https:\/\/tribunadapraia.com.br\/?p=1011\" \/>\n<meta property=\"og:site_name\" content=\"TRIBUNA DA PRAIA\" \/>\n<meta property=\"article:publisher\" content=\"https:\/\/www.facebook.com\/tribunadapraiaonline\/\" \/>\n<meta property=\"article:published_time\" content=\"2020-04-02T17:48:06+00:00\" \/>\n<meta property=\"article:modified_time\" content=\"2020-04-02T17:49:00+00:00\" \/>\n<meta property=\"og:image\" content=\"https:\/\/tribunadapraia.com.br\/wp-content\/uploads\/2020\/03\/IMG-20200328-WA0000.jpg\" \/>\n\t<meta property=\"og:image:width\" content=\"278\" \/>\n\t<meta property=\"og:image:height\" content=\"374\" \/>\n<meta name=\"twitter:card\" content=\"summary_large_image\" \/>\n<meta name=\"twitter:creator\" content=\"@Claudomir21\" \/>\n<meta name=\"twitter:site\" content=\"@Claudomir21\" \/>\n<meta name=\"twitter:label1\" content=\"Est. tempo de leitura\">\n\t<meta name=\"twitter:data1\" content=\"4 minutos\">\n<script type=\"application\/ld+json\" class=\"yoast-schema-graph\">{\"@context\":\"https:\/\/schema.org\",\"@graph\":[{\"@type\":\"Organization\",\"@id\":\"https:\/\/tribunadapraia.com.br\/#organization\",\"name\":\"Tribuna da Praia\",\"url\":\"https:\/\/tribunadapraia.com.br\/\",\"sameAs\":[\"https:\/\/www.facebook.com\/tribunadapraiaonline\/\",\"https:\/\/www.instagram.com\/claudomirtavares\/\",\"https:\/\/www.youtube.com\/channel\/UCwQf80nxiMzCefAyjbp53Rw\",\"https:\/\/twitter.com\/Claudomir21\"],\"logo\":{\"@type\":\"ImageObject\",\"@id\":\"https:\/\/tribunadapraia.com.br\/#logo\",\"inLanguage\":\"pt-BR\",\"url\":\"https:\/\/tribunadapraia.com.br\/wp-content\/uploads\/2020\/02\/logo.png\",\"contentUrl\":\"https:\/\/tribunadapraia.com.br\/wp-content\/uploads\/2020\/02\/logo.png\",\"width\":501,\"height\":121,\"caption\":\"Tribuna da Praia\"},\"image\":{\"@id\":\"https:\/\/tribunadapraia.com.br\/#logo\"}},{\"@type\":\"WebSite\",\"@id\":\"https:\/\/tribunadapraia.com.br\/#website\",\"url\":\"https:\/\/tribunadapraia.com.br\/\",\"name\":\"TRIBUNA DA PRAIA\",\"description\":\"O 1\\u00ba jornal do interior de Sergipe na internet\",\"publisher\":{\"@id\":\"https:\/\/tribunadapraia.com.br\/#organization\"},\"potentialAction\":[{\"@type\":\"SearchAction\",\"target\":\"https:\/\/tribunadapraia.com.br\/?s={search_term_string}\",\"query-input\":\"required name=search_term_string\"}],\"inLanguage\":\"pt-BR\"},{\"@type\":\"ImageObject\",\"@id\":\"https:\/\/tribunadapraia.com.br\/?p=1011#primaryimage\",\"inLanguage\":\"pt-BR\",\"url\":\"https:\/\/tribunadapraia.com.br\/wp-content\/uploads\/2020\/03\/IMG-20200328-WA0000.jpg\",\"contentUrl\":\"https:\/\/tribunadapraia.com.br\/wp-content\/uploads\/2020\/03\/IMG-20200328-WA0000.jpg\",\"width\":278,\"height\":374},{\"@type\":\"WebPage\",\"@id\":\"https:\/\/tribunadapraia.com.br\/?p=1011#webpage\",\"url\":\"https:\/\/tribunadapraia.com.br\/?p=1011\",\"name\":\"Mentirosos, militares divulgam fake news sobre golpe de 64 Covid-19 serve de justificativa para transformar Hungria em ditadura - TRIBUNA DA PRAIA\",\"isPartOf\":{\"@id\":\"https:\/\/tribunadapraia.com.br\/#website\"},\"primaryImageOfPage\":{\"@id\":\"https:\/\/tribunadapraia.com.br\/?p=1011#primaryimage\"},\"datePublished\":\"2020-04-02T17:48:06+00:00\",\"dateModified\":\"2020-04-02T17:49:00+00:00\",\"breadcrumb\":{\"@id\":\"https:\/\/tribunadapraia.com.br\/?p=1011#breadcrumb\"},\"inLanguage\":\"pt-BR\",\"potentialAction\":[{\"@type\":\"ReadAction\",\"target\":[\"https:\/\/tribunadapraia.com.br\/?p=1011\"]}]},{\"@type\":\"BreadcrumbList\",\"@id\":\"https:\/\/tribunadapraia.com.br\/?p=1011#breadcrumb\",\"itemListElement\":[{\"@type\":\"ListItem\",\"position\":1,\"item\":{\"@type\":\"WebPage\",\"@id\":\"https:\/\/tribunadapraia.com.br\/\",\"url\":\"https:\/\/tribunadapraia.com.br\/\",\"name\":\"In\\u00edcio\"}},{\"@type\":\"ListItem\",\"position\":2,\"item\":{\"@id\":\"https:\/\/tribunadapraia.com.br\/?p=1011#webpage\"}}]},{\"@type\":\"Article\",\"@id\":\"https:\/\/tribunadapraia.com.br\/?p=1011#article\",\"isPartOf\":{\"@id\":\"https:\/\/tribunadapraia.com.br\/?p=1011#webpage\"},\"author\":{\"@id\":\"https:\/\/tribunadapraia.com.br\/#\/schema\/person\/326b0a9f3163b479142c64eba4928de0\"},\"headline\":\"Mentirosos, militares divulgam fake news sobre golpe de 64 Covid-19 serve de justificativa para transformar Hungria em ditadura\",\"datePublished\":\"2020-04-02T17:48:06+00:00\",\"dateModified\":\"2020-04-02T17:49:00+00:00\",\"mainEntityOfPage\":{\"@id\":\"https:\/\/tribunadapraia.com.br\/?p=1011#webpage\"},\"wordCount\":811,\"commentCount\":0,\"publisher\":{\"@id\":\"https:\/\/tribunadapraia.com.br\/#organization\"},\"image\":{\"@id\":\"https:\/\/tribunadapraia.com.br\/?p=1011#primaryimage\"},\"thumbnailUrl\":\"https:\/\/tribunadapraia.com.br\/wp-content\/uploads\/2020\/03\/IMG-20200328-WA0000.jpg\",\"articleSection\":[\"Not\\u00edcias\"],\"inLanguage\":\"pt-BR\",\"potentialAction\":[{\"@type\":\"CommentAction\",\"name\":\"Comment\",\"target\":[\"https:\/\/tribunadapraia.com.br\/?p=1011#respond\"]}]},{\"@type\":\"Person\",\"@id\":\"https:\/\/tribunadapraia.com.br\/#\/schema\/person\/326b0a9f3163b479142c64eba4928de0\",\"name\":\"tribunadapraia\",\"image\":{\"@type\":\"ImageObject\",\"@id\":\"https:\/\/tribunadapraia.com.br\/#personlogo\",\"inLanguage\":\"pt-BR\",\"url\":\"https:\/\/secure.gravatar.com\/avatar\/38b019c74762496076b7355024a0dad9?s=96&d=identicon&r=g\",\"contentUrl\":\"https:\/\/secure.gravatar.com\/avatar\/38b019c74762496076b7355024a0dad9?s=96&d=identicon&r=g\",\"caption\":\"tribunadapraia\"}}]}<\/script>\n<!-- \/ Yoast SEO plugin. -->","wps_subtitle":"","_links":{"self":[{"href":"https:\/\/tribunadapraia.com.br\/index.php?rest_route=\/wp\/v2\/posts\/1011"}],"collection":[{"href":"https:\/\/tribunadapraia.com.br\/index.php?rest_route=\/wp\/v2\/posts"}],"about":[{"href":"https:\/\/tribunadapraia.com.br\/index.php?rest_route=\/wp\/v2\/types\/post"}],"author":[{"embeddable":true,"href":"https:\/\/tribunadapraia.com.br\/index.php?rest_route=\/wp\/v2\/users\/1"}],"replies":[{"embeddable":true,"href":"https:\/\/tribunadapraia.com.br\/index.php?rest_route=%2Fwp%2Fv2%2Fcomments&post=1011"}],"version-history":[{"count":1,"href":"https:\/\/tribunadapraia.com.br\/index.php?rest_route=\/wp\/v2\/posts\/1011\/revisions"}],"predecessor-version":[{"id":1012,"href":"https:\/\/tribunadapraia.com.br\/index.php?rest_route=\/wp\/v2\/posts\/1011\/revisions\/1012"}],"wp:featuredmedia":[{"embeddable":true,"href":"https:\/\/tribunadapraia.com.br\/index.php?rest_route=\/wp\/v2\/media\/937"}],"wp:attachment":[{"href":"https:\/\/tribunadapraia.com.br\/index.php?rest_route=%2Fwp%2Fv2%2Fmedia&parent=1011"}],"wp:term":[{"taxonomy":"category","embeddable":true,"href":"https:\/\/tribunadapraia.com.br\/index.php?rest_route=%2Fwp%2Fv2%2Fcategories&post=1011"},{"taxonomy":"post_tag","embeddable":true,"href":"https:\/\/tribunadapraia.com.br\/index.php?rest_route=%2Fwp%2Fv2%2Ftags&post=1011"}],"curies":[{"name":"wp","href":"https:\/\/api.w.org\/{rel}","templated":true}]}}