{"id":1006,"date":"2020-04-02T14:17:53","date_gmt":"2020-04-02T17:17:53","guid":{"rendered":"https:\/\/tribunadapraia.com.br\/?p=1006"},"modified":"2020-04-02T14:17:53","modified_gmt":"2020-04-02T17:17:53","slug":"saae-populacao-reclama-de-coloracao-da-agua-em-porto-real-do-colegio-al","status":"publish","type":"post","link":"https:\/\/tribunadapraia.com.br\/?p=1006","title":{"rendered":"SAAE: Popula\u00e7\u00e3o reclama de colora\u00e7\u00e3o da \u00e1gua em Porto Real do Col\u00e9gio\/AL"},"content":{"rendered":"<p>A R\u00e1dio SERIGY levou ao ar na noite de ontem, 01, no programa A Voz do Povo, apresentado por ClaudOmir Herzog, reclama\u00e7\u00e3o da popula\u00e7\u00e3o da cidade alagoana de Porto Real do Col\u00e9gio, distante 170 km da capital Macei\u00f3, no baixo S\u00e3o Francisco, cuja \u00e1gua distribu\u00edda pelo Servi\u00e7o Aut\u00f4nomo de Agua e Esgoto (SAAE), apresenta uma colora\u00e7\u00e3o fora dos padr\u00f5es da Associa\u00e7\u00e3o Brasileira de Normas T\u00e9cnicas (ABNT) e da Ag\u00eancia Nacional de \u00c1gua (ANA), o que poder\u00e1 provocar s\u00e9rios problemas de sa\u00fade aos consumidores, que precisam filtrar e ferv\u00ea-la para devolver a potabilidade m\u00ednima exigida.<\/p>\n<p>Em consulta a t\u00e9cnicos de saneamento b\u00e1sico (DESO\/SE e CASAL) ouvidos pela reportagem da Tribuna da Praia nos asseveramos de que pode ter sido resultado do descarte de sedimentos acumulados e n\u00e3o decantados, limpeza de filtros ou forte presen\u00e7a de pH sem que o tratamento tenha eliminado o excesso. Tentamos o contato com a dire\u00e7\u00e3o do SAAE, mas at\u00e9 o fechamento dessa postagem n\u00e3o hav\u00edamos obtido retorno, estando este espa\u00e7o aberto caso os respons\u00e1veis queiram se manifestar.<\/p>\n<p>por ClaudOmir Herzog<\/p>\n","protected":false},"excerpt":{"rendered":"<p>A R\u00e1dio SERIGY levou ao ar na noite de ontem, 01, no programa A Voz do Povo, apresentado por ClaudOmir Herzog, reclama\u00e7\u00e3o da popula\u00e7\u00e3o da cidade alagoana de Porto Real do Col\u00e9gio, distante 170 km da capital Macei\u00f3, no baixo S\u00e3o Francisco, cuja \u00e1gua distribu\u00edda pelo Servi\u00e7o Aut\u00f4nomo de Agua e Esgoto (SAAE), apresenta uma colora\u00e7\u00e3o fora dos padr\u00f5es da Associa\u00e7\u00e3o Brasileira de Normas T\u00e9cnicas (ABNT) e da Ag\u00eancia Nacional<\/p>\n","protected":false},"author":3,"featured_media":1007,"comment_status":"open","ping_status":"open","sticky":false,"template":"","format":"standard","meta":[],"categories":[18],"tags":[],"yoast_head":"<!-- This site is optimized with the Yoast SEO plugin v16.3 - https:\/\/yoast.com\/wordpress\/plugins\/seo\/ -->\n<title>SAAE: Popula\u00e7\u00e3o reclama de colora\u00e7\u00e3o da \u00e1gua em Porto Real do Col\u00e9gio\/AL - TRIBUNA DA PRAIA<\/title>\n<meta name=\"robots\" content=\"index, follow, max-snippet:-1, max-image-preview:large, max-video-preview:-1\" \/>\n<link rel=\"canonical\" href=\"https:\/\/tribunadapraia.com.br\/?p=1006\" \/>\n<meta property=\"og:locale\" content=\"pt_BR\" \/>\n<meta property=\"og:type\" content=\"article\" \/>\n<meta property=\"og:title\" content=\"SAAE: Popula\u00e7\u00e3o reclama de colora\u00e7\u00e3o da \u00e1gua em Porto Real do Col\u00e9gio\/AL - TRIBUNA DA PRAIA\" \/>\n<meta property=\"og:description\" content=\"A R\u00e1dio SERIGY levou ao ar na noite de ontem, 01, no programa A Voz do Povo, apresentado por ClaudOmir Herzog, reclama\u00e7\u00e3o da popula\u00e7\u00e3o da cidade alagoana de Porto Real do Col\u00e9gio, distante 170 km da capital Macei\u00f3, no baixo S\u00e3o Francisco, cuja \u00e1gua distribu\u00edda pelo Servi\u00e7o Aut\u00f4nomo de Agua e Esgoto (SAAE), apresenta uma colora\u00e7\u00e3o fora dos padr\u00f5es da Associa\u00e7\u00e3o Brasileira de Normas T\u00e9cnicas (ABNT) e da Ag\u00eancia Nacional\" \/>\n<meta property=\"og:url\" content=\"https:\/\/tribunadapraia.com.br\/?p=1006\" \/>\n<meta property=\"og:site_name\" content=\"TRIBUNA DA PRAIA\" \/>\n<meta property=\"article:publisher\" content=\"https:\/\/www.facebook.com\/tribunadapraiaonline\/\" \/>\n<meta property=\"article:published_time\" content=\"2020-04-02T17:17:53+00:00\" \/>\n<meta property=\"og:image\" content=\"https:\/\/tribunadapraia.com.br\/wp-content\/uploads\/2020\/04\/IMG-20200401-WA0025.jpg\" \/>\n\t<meta property=\"og:image:width\" content=\"648\" \/>\n\t<meta property=\"og:image:height\" content=\"1152\" \/>\n<meta name=\"twitter:card\" content=\"summary_large_image\" \/>\n<meta name=\"twitter:creator\" content=\"@Claudomir21\" \/>\n<meta name=\"twitter:site\" content=\"@Claudomir21\" \/>\n<meta name=\"twitter:label1\" content=\"Est. tempo de leitura\">\n\t<meta name=\"twitter:data1\" content=\"1 minuto\">\n<script type=\"application\/ld+json\" class=\"yoast-schema-graph\">{\"@context\":\"https:\/\/schema.org\",\"@graph\":[{\"@type\":\"Organization\",\"@id\":\"https:\/\/tribunadapraia.com.br\/#organization\",\"name\":\"Tribuna da Praia\",\"url\":\"https:\/\/tribunadapraia.com.br\/\",\"sameAs\":[\"https:\/\/www.facebook.com\/tribunadapraiaonline\/\",\"https:\/\/www.instagram.com\/claudomirtavares\/\",\"https:\/\/www.youtube.com\/channel\/UCwQf80nxiMzCefAyjbp53Rw\",\"https:\/\/twitter.com\/Claudomir21\"],\"logo\":{\"@type\":\"ImageObject\",\"@id\":\"https:\/\/tribunadapraia.com.br\/#logo\",\"inLanguage\":\"pt-BR\",\"url\":\"https:\/\/tribunadapraia.com.br\/wp-content\/uploads\/2020\/02\/logo.png\",\"contentUrl\":\"https:\/\/tribunadapraia.com.br\/wp-content\/uploads\/2020\/02\/logo.png\",\"width\":501,\"height\":121,\"caption\":\"Tribuna da Praia\"},\"image\":{\"@id\":\"https:\/\/tribunadapraia.com.br\/#logo\"}},{\"@type\":\"WebSite\",\"@id\":\"https:\/\/tribunadapraia.com.br\/#website\",\"url\":\"https:\/\/tribunadapraia.com.br\/\",\"name\":\"TRIBUNA DA PRAIA\",\"description\":\"O 1\\u00ba jornal do interior de Sergipe na internet\",\"publisher\":{\"@id\":\"https:\/\/tribunadapraia.com.br\/#organization\"},\"potentialAction\":[{\"@type\":\"SearchAction\",\"target\":\"https:\/\/tribunadapraia.com.br\/?s={search_term_string}\",\"query-input\":\"required name=search_term_string\"}],\"inLanguage\":\"pt-BR\"},{\"@type\":\"ImageObject\",\"@id\":\"https:\/\/tribunadapraia.com.br\/?p=1006#primaryimage\",\"inLanguage\":\"pt-BR\",\"url\":\"https:\/\/tribunadapraia.com.br\/wp-content\/uploads\/2020\/04\/IMG-20200401-WA0025.jpg\",\"contentUrl\":\"https:\/\/tribunadapraia.com.br\/wp-content\/uploads\/2020\/04\/IMG-20200401-WA0025.jpg\",\"width\":648,\"height\":1152},{\"@type\":\"WebPage\",\"@id\":\"https:\/\/tribunadapraia.com.br\/?p=1006#webpage\",\"url\":\"https:\/\/tribunadapraia.com.br\/?p=1006\",\"name\":\"SAAE: Popula\\u00e7\\u00e3o reclama de colora\\u00e7\\u00e3o da \\u00e1gua em Porto Real do Col\\u00e9gio\/AL - TRIBUNA DA PRAIA\",\"isPartOf\":{\"@id\":\"https:\/\/tribunadapraia.com.br\/#website\"},\"primaryImageOfPage\":{\"@id\":\"https:\/\/tribunadapraia.com.br\/?p=1006#primaryimage\"},\"datePublished\":\"2020-04-02T17:17:53+00:00\",\"dateModified\":\"2020-04-02T17:17:53+00:00\",\"breadcrumb\":{\"@id\":\"https:\/\/tribunadapraia.com.br\/?p=1006#breadcrumb\"},\"inLanguage\":\"pt-BR\",\"potentialAction\":[{\"@type\":\"ReadAction\",\"target\":[\"https:\/\/tribunadapraia.com.br\/?p=1006\"]}]},{\"@type\":\"BreadcrumbList\",\"@id\":\"https:\/\/tribunadapraia.com.br\/?p=1006#breadcrumb\",\"itemListElement\":[{\"@type\":\"ListItem\",\"position\":1,\"item\":{\"@type\":\"WebPage\",\"@id\":\"https:\/\/tribunadapraia.com.br\/\",\"url\":\"https:\/\/tribunadapraia.com.br\/\",\"name\":\"In\\u00edcio\"}},{\"@type\":\"ListItem\",\"position\":2,\"item\":{\"@id\":\"https:\/\/tribunadapraia.com.br\/?p=1006#webpage\"}}]},{\"@type\":\"Article\",\"@id\":\"https:\/\/tribunadapraia.com.br\/?p=1006#article\",\"isPartOf\":{\"@id\":\"https:\/\/tribunadapraia.com.br\/?p=1006#webpage\"},\"author\":{\"@id\":\"https:\/\/tribunadapraia.com.br\/#\/schema\/person\/099fbbf59acc5895c0d7d52b4fc46c97\"},\"headline\":\"SAAE: Popula\\u00e7\\u00e3o reclama de colora\\u00e7\\u00e3o da \\u00e1gua em Porto Real do Col\\u00e9gio\/AL\",\"datePublished\":\"2020-04-02T17:17:53+00:00\",\"dateModified\":\"2020-04-02T17:17:53+00:00\",\"mainEntityOfPage\":{\"@id\":\"https:\/\/tribunadapraia.com.br\/?p=1006#webpage\"},\"wordCount\":215,\"commentCount\":0,\"publisher\":{\"@id\":\"https:\/\/tribunadapraia.com.br\/#organization\"},\"image\":{\"@id\":\"https:\/\/tribunadapraia.com.br\/?p=1006#primaryimage\"},\"thumbnailUrl\":\"https:\/\/tribunadapraia.com.br\/wp-content\/uploads\/2020\/04\/IMG-20200401-WA0025.jpg\",\"articleSection\":[\"Not\\u00edcias\"],\"inLanguage\":\"pt-BR\",\"potentialAction\":[{\"@type\":\"CommentAction\",\"name\":\"Comment\",\"target\":[\"https:\/\/tribunadapraia.com.br\/?p=1006#respond\"]}]},{\"@type\":\"Person\",\"@id\":\"https:\/\/tribunadapraia.com.br\/#\/schema\/person\/099fbbf59acc5895c0d7d52b4fc46c97\",\"name\":\"Reda\\u00e7\\u00e3o\",\"image\":{\"@type\":\"ImageObject\",\"@id\":\"https:\/\/tribunadapraia.com.br\/#personlogo\",\"inLanguage\":\"pt-BR\",\"url\":\"https:\/\/secure.gravatar.com\/avatar\/91c8b91d2bfd7784eac5c3e055361f64?s=96&d=identicon&r=g\",\"contentUrl\":\"https:\/\/secure.gravatar.com\/avatar\/91c8b91d2bfd7784eac5c3e055361f64?s=96&d=identicon&r=g\",\"caption\":\"Reda\\u00e7\\u00e3o\"}}]}<\/script>\n<!-- \/ Yoast SEO plugin. -->","wps_subtitle":"","_links":{"self":[{"href":"https:\/\/tribunadapraia.com.br\/index.php?rest_route=\/wp\/v2\/posts\/1006"}],"collection":[{"href":"https:\/\/tribunadapraia.com.br\/index.php?rest_route=\/wp\/v2\/posts"}],"about":[{"href":"https:\/\/tribunadapraia.com.br\/index.php?rest_route=\/wp\/v2\/types\/post"}],"author":[{"embeddable":true,"href":"https:\/\/tribunadapraia.com.br\/index.php?rest_route=\/wp\/v2\/users\/3"}],"replies":[{"embeddable":true,"href":"https:\/\/tribunadapraia.com.br\/index.php?rest_route=%2Fwp%2Fv2%2Fcomments&post=1006"}],"version-history":[{"count":1,"href":"https:\/\/tribunadapraia.com.br\/index.php?rest_route=\/wp\/v2\/posts\/1006\/revisions"}],"predecessor-version":[{"id":1008,"href":"https:\/\/tribunadapraia.com.br\/index.php?rest_route=\/wp\/v2\/posts\/1006\/revisions\/1008"}],"wp:featuredmedia":[{"embeddable":true,"href":"https:\/\/tribunadapraia.com.br\/index.php?rest_route=\/wp\/v2\/media\/1007"}],"wp:attachment":[{"href":"https:\/\/tribunadapraia.com.br\/index.php?rest_route=%2Fwp%2Fv2%2Fmedia&parent=1006"}],"wp:term":[{"taxonomy":"category","embeddable":true,"href":"https:\/\/tribunadapraia.com.br\/index.php?rest_route=%2Fwp%2Fv2%2Fcategories&post=1006"},{"taxonomy":"post_tag","embeddable":true,"href":"https:\/\/tribunadapraia.com.br\/index.php?rest_route=%2Fwp%2Fv2%2Ftags&post=1006"}],"curies":[{"name":"wp","href":"https:\/\/api.w.org\/{rel}","templated":true}]}}